{"id":346,"date":"2026-05-11T14:11:06","date_gmt":"2026-05-11T12:11:06","guid":{"rendered":"\/pompeufabra2026\/?p=346"},"modified":"2026-05-11T14:11:06","modified_gmt":"2026-05-11T12:11:06","slug":"de-lo-jondo-de-la-casa-el-flamenco","status":"publish","type":"post","link":"\/pompeufabra2026\/de-lo-jondo-de-la-casa-el-flamenco\/","title":{"rendered":"\u00abDE LO JONDO\u00bb DE LA CASA&#8230;EL FLAMENCO"},"content":{"rendered":"\n<p class=\"wp-block-paragraph\">Finestres tancades i foscor a la casa, el dol queda comprimit entre quatre parets. A fora, s&#8217;escolten c\u00e0ntics dels segadors que venen del camp. Un petit poble que \u00e9s el decorat d&#8217;una obra carregada de sentiments contraposats. Les filles volen sortir, posen l&#8217;orella i canten acompanyant els segadors,&#8230;Bernarda, demana silenci!.<\/p>\n\n\n\n<p class=\"has-text-align-left wp-block-paragraph\">\u00abYa salen los segadores\/ en busca de las espigas;\/ se llevan los corazones\/ de las muchachas que miran.\u00bb<\/p>\n\n\n\n<p class=\"wp-block-paragraph\">Hem tingut la sort de poder tenir entre nosaltres convidada a la cantaora <strong>Ana Brenes<\/strong>. La seva veu ens ha portat el flamenc a l&#8217;obra de Lorca. <strong>Los cuatro muleros<\/strong>, una de les seves can\u00e7ons populars que parla dels segadors i treballadors del camp, obrir\u00e0 l&#8217;obra. Una de les alumnes l&#8217;acompanya en el comp\u00e0s.<\/p>\n\n\n\n<div class=\"wp-block-columns is-layout-flex wp-container-core-columns-is-layout-8f761849 wp-block-columns-is-layout-flex\">\n<div class=\"wp-block-column is-layout-flow wp-block-column-is-layout-flow\" style=\"flex-basis:33.33%\">\n<figure class=\"wp-block-video\"><video height=\"1080\" style=\"aspect-ratio: 1920 \/ 1080;\" width=\"1920\" controls src=\"\/pompeufabra2026\/wp-content\/uploads\/2026\/05\/20260421_114101-1.mp4\"><\/video><\/figure>\n<\/div>\n\n\n\n<div class=\"wp-block-column is-layout-flow wp-block-column-is-layout-flow\" style=\"flex-basis:66.66%\">\n<figure class=\"wp-block-image size-full is-resized\"><img loading=\"lazy\" decoding=\"async\" width=\"374\" height=\"364\" src=\"\/pompeufabra2026\/wp-content\/uploads\/2026\/05\/Captura-de-pantalla-2026-05-11-134952-1.png\" alt=\"\" class=\"wp-image-353\" style=\"width:392px;height:auto\" srcset=\"\/pompeufabra2026\/wp-content\/uploads\/2026\/05\/Captura-de-pantalla-2026-05-11-134952-1.png 374w, \/pompeufabra2026\/wp-content\/uploads\/2026\/05\/Captura-de-pantalla-2026-05-11-134952-1-300x292.png 300w\" sizes=\"auto, (max-width: 374px) 100vw, 374px\" \/><\/figure>\n<\/div>\n<\/div>\n\n\n\n<figure class=\"wp-block-image size-large\"><img loading=\"lazy\" decoding=\"async\" width=\"1024\" height=\"1024\" src=\"\/pompeufabra2026\/wp-content\/uploads\/2026\/05\/20260421_125632-1024x1024.jpg\" alt=\"\" class=\"wp-image-350\" srcset=\"\/pompeufabra2026\/wp-content\/uploads\/2026\/05\/20260421_125632-1024x1024.jpg 1024w, \/pompeufabra2026\/wp-content\/uploads\/2026\/05\/20260421_125632-300x300.jpg 300w, \/pompeufabra2026\/wp-content\/uploads\/2026\/05\/20260421_125632-150x150.jpg 150w, \/pompeufabra2026\/wp-content\/uploads\/2026\/05\/20260421_125632-768x768.jpg 768w, \/pompeufabra2026\/wp-content\/uploads\/2026\/05\/20260421_125632-1536x1536.jpg 1536w, \/pompeufabra2026\/wp-content\/uploads\/2026\/05\/20260421_125632-2048x2048.jpg 2048w, \/pompeufabra2026\/wp-content\/uploads\/2026\/05\/20260421_125632-100x100.jpg 100w\" sizes=\"auto, (max-width: 767px) 89vw, (max-width: 1000px) 54vw, (max-width: 1071px) 543px, 580px\" \/><\/figure>\n\n\n\n<p class=\"wp-block-paragraph\">Per tancar l&#8217;obra, l&#8217;<strong>Ana Brenes<\/strong> ens canta una \u00absole\u00e1\u00bb, un dels pals del flamenc m\u00e9s profunds i amb molta c\u00e0rrega emocional, amb un comp\u00e0s lent i to melanc\u00f2lic. La mort torna a estar present a <strong>La casa de Bernarda Alba<\/strong>, la seva filla petita, l&#8217;Adela, embocada d&#8217;amor pel Pepe el Romano, es treu la vida sentint que mai el podr\u00e0 tenir al seu costat.<\/p>\n\n\n\n<figure class=\"wp-block-image size-large\"><img loading=\"lazy\" decoding=\"async\" width=\"1024\" height=\"1024\" src=\"\/pompeufabra2026\/wp-content\/uploads\/2026\/05\/20260421_130759-1024x1024.jpg\" alt=\"\" class=\"wp-image-351\" srcset=\"\/pompeufabra2026\/wp-content\/uploads\/2026\/05\/20260421_130759-1024x1024.jpg 1024w, \/pompeufabra2026\/wp-content\/uploads\/2026\/05\/20260421_130759-300x300.jpg 300w, \/pompeufabra2026\/wp-content\/uploads\/2026\/05\/20260421_130759-150x150.jpg 150w, \/pompeufabra2026\/wp-content\/uploads\/2026\/05\/20260421_130759-768x768.jpg 768w, \/pompeufabra2026\/wp-content\/uploads\/2026\/05\/20260421_130759-1536x1536.jpg 1536w, \/pompeufabra2026\/wp-content\/uploads\/2026\/05\/20260421_130759-2048x2048.jpg 2048w, \/pompeufabra2026\/wp-content\/uploads\/2026\/05\/20260421_130759-100x100.jpg 100w\" sizes=\"auto, (max-width: 767px) 89vw, (max-width: 1000px) 54vw, (max-width: 1071px) 543px, 580px\" \/><\/figure>\n","protected":false},"excerpt":{"rendered":"<p>Finestres tancades i foscor a la casa, el dol queda comprimit entre quatre parets. A fora, s&#8217;escolten c\u00e0ntics dels segadors que venen del camp. Un petit poble que \u00e9s el decorat d&#8217;una obra carregada de sentiments contraposats. Les filles volen sortir, posen l&#8217;orella i canten acompanyant els segadors,&#8230;Bernarda, demana silenci!. \u00abYa salen los segadores\/ en &hellip; <\/p>\n<p class=\"link-more\"><a href=\"\/pompeufabra2026\/de-lo-jondo-de-la-casa-el-flamenco\/\" class=\"more-link\">Continua llegint <span class=\"screen-reader-text\">\u00ab\u00abDE LO JONDO\u00bb DE LA CASA&#8230;EL FLAMENCO\u00bb<\/span><\/a><\/p>\n","protected":false},"author":5,"featured_media":0,"comment_status":"closed","ping_status":"","sticky":false,"template":"","format":"standard","meta":{"footnotes":""},"categories":[1],"tags":[],"class_list":["post-346","post","type-post","status-publish","format-standard","hentry","category-general"],"_links":{"self":[{"href":"\/pompeufabra2026\/wp-json\/wp\/v2\/posts\/346","targetHints":{"allow":["GET"]}}],"collection":[{"href":"\/pompeufabra2026\/wp-json\/wp\/v2\/posts"}],"about":[{"href":"\/pompeufabra2026\/wp-json\/wp\/v2\/types\/post"}],"author":[{"embeddable":true,"href":"\/pompeufabra2026\/wp-json\/wp\/v2\/users\/5"}],"replies":[{"embeddable":true,"href":"\/pompeufabra2026\/wp-json\/wp\/v2\/comments?post=346"}],"version-history":[{"count":1,"href":"\/pompeufabra2026\/wp-json\/wp\/v2\/posts\/346\/revisions"}],"predecessor-version":[{"id":354,"href":"\/pompeufabra2026\/wp-json\/wp\/v2\/posts\/346\/revisions\/354"}],"wp:attachment":[{"href":"\/pompeufabra2026\/wp-json\/wp\/v2\/media?parent=346"}],"wp:term":[{"taxonomy":"category","embeddable":true,"href":"\/pompeufabra2026\/wp-json\/wp\/v2\/categories?post=346"},{"taxonomy":"post_tag","embeddable":true,"href":"\/pompeufabra2026\/wp-json\/wp\/v2\/tags?post=346"}],"curies":[{"name":"wp","href":"https:\/\/api.w.org\/{rel}","templated":true}]}}