{"id":370,"date":"2026-05-18T15:37:35","date_gmt":"2026-05-18T13:37:35","guid":{"rendered":"\/pompeufabra2026\/?p=370"},"modified":"2026-05-16T17:56:12","modified_gmt":"2026-05-16T15:56:12","slug":"sala-josep-ucles-centre-cultural-el-carme-badalona","status":"publish","type":"post","link":"\/pompeufabra2026\/sala-josep-ucles-centre-cultural-el-carme-badalona\/","title":{"rendered":"SALA JOSEP UCL\u00c9S.CENTRE CULTURAL EL CARME-BADALONA"},"content":{"rendered":"\n<p class=\"wp-block-paragraph\">Estem a la recta final del projecte i tenim moltes ganes de poder compartir-ho amb tots vosaltres. Hem tingut l&#8217;oportunitat de visitar amb el V\u00edctor Jaenada, la Francesca i la Mariana, responsables d&#8217; EART, (centre de mediaci\u00f3, d&#8217;educaci\u00f3 i art contemporani) <strong>la sala Josep Ucl\u00e9s a Badalona<\/strong>. Aquesta sala, \u00e9s una sala d&#8217;exposicions ubicada a l&#8217;edifici del Centre Cultural El Carme, gestionada per l&#8217;Ajuntament de Badalona.<\/p>\n\n\n\n<p class=\"wp-block-paragraph\">Despr\u00e9s de tot tipus de gestions burocr\u00e0tiques que Francesca i Mariana han lluitat, sembla que finalment ser\u00e0 possible mostrar la nostra obra en aquest espai badalon\u00ed.<\/p>\n\n\n\n<div class=\"wp-block-columns is-layout-flex wp-container-core-columns-is-layout-8f761849 wp-block-columns-is-layout-flex\">\n<div class=\"wp-block-column is-layout-flow wp-block-column-is-layout-flow\">\n<figure class=\"wp-block-image size-large\"><img loading=\"lazy\" decoding=\"async\" width=\"1024\" height=\"1024\" src=\"\/pompeufabra2026\/wp-content\/uploads\/2026\/05\/20260515_120823-1024x1024.jpg\" alt=\"\" class=\"wp-image-373\" srcset=\"\/pompeufabra2026\/wp-content\/uploads\/2026\/05\/20260515_120823-1024x1024.jpg 1024w, \/pompeufabra2026\/wp-content\/uploads\/2026\/05\/20260515_120823-300x300.jpg 300w, \/pompeufabra2026\/wp-content\/uploads\/2026\/05\/20260515_120823-150x150.jpg 150w, \/pompeufabra2026\/wp-content\/uploads\/2026\/05\/20260515_120823-768x768.jpg 768w, \/pompeufabra2026\/wp-content\/uploads\/2026\/05\/20260515_120823-1536x1536.jpg 1536w, \/pompeufabra2026\/wp-content\/uploads\/2026\/05\/20260515_120823-2048x2048.jpg 2048w, \/pompeufabra2026\/wp-content\/uploads\/2026\/05\/20260515_120823-100x100.jpg 100w\" sizes=\"auto, (max-width: 767px) 89vw, (max-width: 1000px) 54vw, (max-width: 1071px) 543px, 580px\" \/><\/figure>\n<\/div>\n\n\n\n<div class=\"wp-block-column is-layout-flow wp-block-column-is-layout-flow\">\n<figure class=\"wp-block-image size-large\"><img loading=\"lazy\" decoding=\"async\" width=\"1024\" height=\"1024\" src=\"\/pompeufabra2026\/wp-content\/uploads\/2026\/05\/20260515_122351-1024x1024.jpg\" alt=\"\" class=\"wp-image-374\" srcset=\"\/pompeufabra2026\/wp-content\/uploads\/2026\/05\/20260515_122351-1024x1024.jpg 1024w, \/pompeufabra2026\/wp-content\/uploads\/2026\/05\/20260515_122351-300x300.jpg 300w, \/pompeufabra2026\/wp-content\/uploads\/2026\/05\/20260515_122351-150x150.jpg 150w, \/pompeufabra2026\/wp-content\/uploads\/2026\/05\/20260515_122351-768x768.jpg 768w, \/pompeufabra2026\/wp-content\/uploads\/2026\/05\/20260515_122351-1536x1536.jpg 1536w, \/pompeufabra2026\/wp-content\/uploads\/2026\/05\/20260515_122351-2048x2048.jpg 2048w, \/pompeufabra2026\/wp-content\/uploads\/2026\/05\/20260515_122351-100x100.jpg 100w\" sizes=\"auto, (max-width: 767px) 89vw, (max-width: 1000px) 54vw, (max-width: 1071px) 543px, 580px\" \/><\/figure>\n<\/div>\n\n\n\n<div class=\"wp-block-column is-layout-flow wp-block-column-is-layout-flow\">\n<figure class=\"wp-block-image size-large\"><img loading=\"lazy\" decoding=\"async\" width=\"1024\" height=\"1024\" src=\"\/pompeufabra2026\/wp-content\/uploads\/2026\/05\/20260515_123021-1024x1024.jpg\" alt=\"\" class=\"wp-image-375\" srcset=\"\/pompeufabra2026\/wp-content\/uploads\/2026\/05\/20260515_123021-1024x1024.jpg 1024w, \/pompeufabra2026\/wp-content\/uploads\/2026\/05\/20260515_123021-300x300.jpg 300w, \/pompeufabra2026\/wp-content\/uploads\/2026\/05\/20260515_123021-150x150.jpg 150w, \/pompeufabra2026\/wp-content\/uploads\/2026\/05\/20260515_123021-768x768.jpg 768w, \/pompeufabra2026\/wp-content\/uploads\/2026\/05\/20260515_123021-1536x1536.jpg 1536w, \/pompeufabra2026\/wp-content\/uploads\/2026\/05\/20260515_123021-2048x2048.jpg 2048w, \/pompeufabra2026\/wp-content\/uploads\/2026\/05\/20260515_123021-100x100.jpg 100w\" sizes=\"auto, (max-width: 767px) 89vw, (max-width: 1000px) 54vw, (max-width: 1071px) 543px, 580px\" \/><\/figure>\n<\/div>\n<\/div>\n\n\n\n<p class=\"wp-block-paragraph\">L&#8217;alumnat ha apr\u00e9s avui sobre espais, suports, log\u00edstiques expositives i ha sentit la incertesa de poder imaginar com seria veure tot el treball de tot un curs viscut amb el V\u00edctor, donant forma a una exposici\u00f3 que reculli tot el proc\u00e9s creatiu.<\/p>\n","protected":false},"excerpt":{"rendered":"<p>Estem a la recta final del projecte i tenim moltes ganes de poder compartir-ho amb tots vosaltres. Hem tingut l&#8217;oportunitat de visitar amb el V\u00edctor Jaenada, la Francesca i la Mariana, responsables d&#8217; EART, (centre de mediaci\u00f3, d&#8217;educaci\u00f3 i art contemporani) la sala Josep Ucl\u00e9s a Badalona. Aquesta sala, \u00e9s una sala d&#8217;exposicions ubicada a &hellip; <\/p>\n<p class=\"link-more\"><a href=\"\/pompeufabra2026\/sala-josep-ucles-centre-cultural-el-carme-badalona\/\" class=\"more-link\">Continua llegint <span class=\"screen-reader-text\">\u00abSALA JOSEP UCL\u00c9S.CENTRE CULTURAL EL CARME-BADALONA\u00bb<\/span><\/a><\/p>\n","protected":false},"author":5,"featured_media":0,"comment_status":"closed","ping_status":"","sticky":false,"template":"","format":"standard","meta":{"footnotes":""},"categories":[1],"tags":[],"class_list":["post-370","post","type-post","status-publish","format-standard","hentry","category-general"],"_links":{"self":[{"href":"\/pompeufabra2026\/wp-json\/wp\/v2\/posts\/370","targetHints":{"allow":["GET"]}}],"collection":[{"href":"\/pompeufabra2026\/wp-json\/wp\/v2\/posts"}],"about":[{"href":"\/pompeufabra2026\/wp-json\/wp\/v2\/types\/post"}],"author":[{"embeddable":true,"href":"\/pompeufabra2026\/wp-json\/wp\/v2\/users\/5"}],"replies":[{"embeddable":true,"href":"\/pompeufabra2026\/wp-json\/wp\/v2\/comments?post=370"}],"version-history":[{"count":1,"href":"\/pompeufabra2026\/wp-json\/wp\/v2\/posts\/370\/revisions"}],"predecessor-version":[{"id":376,"href":"\/pompeufabra2026\/wp-json\/wp\/v2\/posts\/370\/revisions\/376"}],"wp:attachment":[{"href":"\/pompeufabra2026\/wp-json\/wp\/v2\/media?parent=370"}],"wp:term":[{"taxonomy":"category","embeddable":true,"href":"\/pompeufabra2026\/wp-json\/wp\/v2\/categories?post=370"},{"taxonomy":"post_tag","embeddable":true,"href":"\/pompeufabra2026\/wp-json\/wp\/v2\/tags?post=370"}],"curies":[{"name":"wp","href":"https:\/\/api.w.org\/{rel}","templated":true}]}}