{"id":99,"date":"2025-11-21T23:45:17","date_gmt":"2025-11-21T21:45:17","guid":{"rendered":"\/pompeufabra2026\/?p=99"},"modified":"2025-11-21T23:45:17","modified_gmt":"2025-11-21T21:45:17","slug":"no-a-la-parra-amb-els-arbres","status":"publish","type":"post","link":"\/pompeufabra2026\/no-a-la-parra-amb-els-arbres\/","title":{"rendered":"No a la parra,&#8230; amb els arbres"},"content":{"rendered":"\n<p class=\"wp-block-paragraph\">Ja sabem qui \u00e9s! V\u00edctor Jaenada s&#8217;ha fet de pregar, la vida d&#8217;artista requereix de gran dedicaci\u00f3. Encara no ens podem trobar perqu\u00e8 el V\u00edctor est\u00e0 muntant una exposici\u00f3 que properament inaugurar\u00e0 a Espinavessa, l&#8217; Alt Empord\u00e0.<\/p>\n\n\n\n<p class=\"wp-block-paragraph\">El V\u00edctor des d&#8217;all\u00e0 ens envia uns v\u00eddeos perqu\u00e8 veiem on \u00e9s i qu\u00e8 est\u00e0 fent amb les obres que s&#8217;exposen.<\/p>\n\n\n<div class=\"wp-block-image\">\n<figure class=\"aligncenter size-large is-resized\"><img loading=\"lazy\" decoding=\"async\" width=\"796\" height=\"1024\" src=\"\/pompeufabra2026\/wp-content\/uploads\/2025\/11\/expo-arboles-victor-796x1024.jpg\" alt=\"\" class=\"wp-image-101\" style=\"width:403px;height:auto\" srcset=\"\/pompeufabra2026\/wp-content\/uploads\/2025\/11\/expo-arboles-victor-796x1024.jpg 796w, \/pompeufabra2026\/wp-content\/uploads\/2025\/11\/expo-arboles-victor-233x300.jpg 233w, \/pompeufabra2026\/wp-content\/uploads\/2025\/11\/expo-arboles-victor-768x988.jpg 768w, \/pompeufabra2026\/wp-content\/uploads\/2025\/11\/expo-arboles-victor.jpg 1080w\" sizes=\"auto, (max-width: 767px) 89vw, (max-width: 1000px) 54vw, (max-width: 1071px) 543px, 580px\" \/><\/figure>\n<\/div>\n\n\n<p class=\"wp-block-paragraph\"> <\/p>\n\n\n\n<p class=\"wp-block-paragraph\"><\/p>\n\n\n\n<p class=\"wp-block-paragraph\"><\/p>\n","protected":false},"excerpt":{"rendered":"<p>Ja sabem qui \u00e9s! V\u00edctor Jaenada s&#8217;ha fet de pregar, la vida d&#8217;artista requereix de gran dedicaci\u00f3. Encara no ens podem trobar perqu\u00e8 el V\u00edctor est\u00e0 muntant una exposici\u00f3 que properament inaugurar\u00e0 a Espinavessa, l&#8217; Alt Empord\u00e0. El V\u00edctor des d&#8217;all\u00e0 ens envia uns v\u00eddeos perqu\u00e8 veiem on \u00e9s i qu\u00e8 est\u00e0 fent amb les &hellip; <\/p>\n<p class=\"link-more\"><a href=\"\/pompeufabra2026\/no-a-la-parra-amb-els-arbres\/\" class=\"more-link\">Continua llegint <span class=\"screen-reader-text\">\u00abNo a la parra,&#8230; amb els arbres\u00bb<\/span><\/a><\/p>\n","protected":false},"author":5,"featured_media":101,"comment_status":"closed","ping_status":"","sticky":false,"template":"","format":"standard","meta":{"footnotes":""},"categories":[1],"tags":[],"class_list":["post-99","post","type-post","status-publish","format-standard","has-post-thumbnail","hentry","category-general"],"_links":{"self":[{"href":"\/pompeufabra2026\/wp-json\/wp\/v2\/posts\/99","targetHints":{"allow":["GET"]}}],"collection":[{"href":"\/pompeufabra2026\/wp-json\/wp\/v2\/posts"}],"about":[{"href":"\/pompeufabra2026\/wp-json\/wp\/v2\/types\/post"}],"author":[{"embeddable":true,"href":"\/pompeufabra2026\/wp-json\/wp\/v2\/users\/5"}],"replies":[{"embeddable":true,"href":"\/pompeufabra2026\/wp-json\/wp\/v2\/comments?post=99"}],"version-history":[{"count":1,"href":"\/pompeufabra2026\/wp-json\/wp\/v2\/posts\/99\/revisions"}],"predecessor-version":[{"id":103,"href":"\/pompeufabra2026\/wp-json\/wp\/v2\/posts\/99\/revisions\/103"}],"wp:featuredmedia":[{"embeddable":true,"href":"\/pompeufabra2026\/wp-json\/wp\/v2\/media\/101"}],"wp:attachment":[{"href":"\/pompeufabra2026\/wp-json\/wp\/v2\/media?parent=99"}],"wp:term":[{"taxonomy":"category","embeddable":true,"href":"\/pompeufabra2026\/wp-json\/wp\/v2\/categories?post=99"},{"taxonomy":"post_tag","embeddable":true,"href":"\/pompeufabra2026\/wp-json\/wp\/v2\/tags?post=99"}],"curies":[{"name":"wp","href":"https:\/\/api.w.org\/{rel}","templated":true}]}}