{"id":123,"date":"2026-07-10T13:58:56","date_gmt":"2026-07-10T11:58:56","guid":{"rendered":"\/ramonberengueramposta2026\/?p=123"},"modified":"2026-07-13T10:51:15","modified_gmt":"2026-07-13T08:51:15","slug":"derecho-al-delirio","status":"publish","type":"post","link":"\/ramonberengueramposta2026\/derecho-al-delirio\/","title":{"rendered":"&#8216;Derecho al delirio&#8217;"},"content":{"rendered":"\n<p class=\"wp-block-paragraph\">Comencem a treballar amb el poema d&#8217;Eduardo Galeano<\/p>\n\n\n\n<figure class=\"wp-block-image size-large\"><img loading=\"lazy\" decoding=\"async\" width=\"1024\" height=\"683\" src=\"\/ramonberengueramposta2026\/wp-content\/uploads\/2026\/07\/aquesta-1024x683.jpg\" alt=\"\" class=\"wp-image-124\" srcset=\"\/ramonberengueramposta2026\/wp-content\/uploads\/2026\/07\/aquesta-1024x683.jpg 1024w, \/ramonberengueramposta2026\/wp-content\/uploads\/2026\/07\/aquesta-300x200.jpg 300w, \/ramonberengueramposta2026\/wp-content\/uploads\/2026\/07\/aquesta-768x512.jpg 768w, \/ramonberengueramposta2026\/wp-content\/uploads\/2026\/07\/aquesta-1536x1024.jpg 1536w, \/ramonberengueramposta2026\/wp-content\/uploads\/2026\/07\/aquesta-2048x1365.jpg 2048w\" sizes=\"auto, (max-width: 767px) 89vw, (max-width: 1000px) 54vw, (max-width: 1071px) 543px, 580px\" \/><\/figure>\n\n\n\n<p class=\"wp-block-paragraph\">Deixem <a href=\"https:\/\/www.youtube.com\/watch?v=w7Il2L9RixY\" data-type=\"link\" data-id=\"https:\/\/www.youtube.com\/watch?v=w7Il2L9RixY\">aqu<\/a>\u00ed l&#8217;enlla\u00e7 del poema recitat per Galeano i les frases que m\u00e9s ens han ressonat, per\u00f2 tradu\u00efdes a les diferents lleng\u00fces que parlem: catal\u00e0, castell\u00e0, \u00e0rab, franc\u00e8s, urd\u00fa, roman\u00e8s, angl\u00e8s i rus. <\/p>\n\n\n\n<p class=\"has-text-align-center wp-block-paragraph\"><em>\u0644\u0646 \u064a\u0639\u0648\u062f \u0627\u0644\u0646\u0627\u0633 \u062e\u0627\u0636\u0639\u064a\u0646 \u0644\u0633\u064a\u0637\u0631\u0629 \u0627\u0644\u0633\u064a\u0627\u0631\u0627\u062a\u060c \u0623\u0648 \u0645\u0628\u0631\u0645\u062c\u064a\u0646 \u0628\u0648\u0627\u0633\u0637\u0629 \u0627\u0644\u062d\u0648\u0627\u0633\u064a\u0628\u060c \u0623\u0648 \u0645\u0634\u062a\u0631\u064a\u0646 \u0645\u0646 \u0627\u0644\u0645\u062a\u0627\u062c\u0631 \u0627\u0644\u0643\u0628\u0631\u0649\u060c \u0623\u0648 \u0645\u0634\u0627\u0647\u062f\u064a\u0646 \u0639\u0628\u0631 \u0627\u0644\u062a\u0644\u0641\u0627\u0632.<\/em><\/p>\n\n\n\n<p class=\"has-text-align-center wp-block-paragraph\"><em>\u0633\u064a\u062a\u0648\u0642\u0641 \u0627\u0644\u062a\u0644\u0641\u0627\u0632 \u0639\u0646 \u0643\u0648\u0646\u0647 \u0623\u0647\u0645 \u0641\u0631\u062f \u0641\u064a \u0627\u0644\u0623\u0633\u0631\u0629\u060c \u0648\u0633\u064a\u064f\u0639\u0627\u0645\u0644 \u0643\u0645\u0643\u0648\u0627\u0629 \u0627\u0644\u0645\u0644\u0627\u0628\u0633 \u0623\u0648 \u0627\u0644\u063a\u0633\u0627\u0644\u0629. <\/em>&#8211; Hodaifa &#8211;<\/p>\n\n\n\n<p class=\"wp-block-paragraph\"><em>People will work to live, instead of living to work; the crime of stupidity will be incorporated into penal codes, committed by those who live to have or to win, instead of just living for the sake of living, like the bird that sings without knowing that it sings and like the child that plays without knowing that it plays<\/em>. &#8211; Meerab &#8211; <\/p>\n\n\n\n<p class=\"has-text-align-right wp-block-paragraph\"><em>\u00bfQu\u00e9 tal si clavamos los ojos m\u00e1s all\u00e1 de la infamia para adivinar otro mundo posible?<\/em>              &#8211; Ariadna &#8211;<em><br><\/em><\/p>\n\n\n\n<p class=\"has-text-align-right wp-block-paragraph\"><em>En ning\u00fan pa\u00eds ir\u00e1n presos los muchachos que se nieguen a cumplir el servicio militar sino los que quieran cumplirlo. <\/em>&#8211; Ricardo &#8211;<em><br><\/em><\/p>\n\n\n\n<p class=\"wp-block-paragraph\"><em>Personne ne vivra pour travailler, mais tout le monde travaillera pour vivre<\/em>. -Mehdi &#8211;<br><\/p>\n\n\n\n<div class=\"wp-block-group is-vertical is-layout-flex wp-container-core-group-is-layout-4fc3f8e1 wp-block-group-is-layout-flex\">\n<p class=\"wp-block-paragraph\"><em>Buc\u0103tarii nu vor crede c\u0103 homarilor le place s\u0103 fie fier\u021bi de vii.<\/em><\/p>\n\n\n\n<p class=\"has-text-align-center wp-block-paragraph\"><em>Istoricii nu vor crede c\u0103 \u021b\u0103rilor le place s\u0103 fie invadate.<\/em><\/p>\n\n\n\n<p class=\"has-text-align-left wp-block-paragraph\"><em>Politicienii nu vor crede c\u0103 oamenilor s\u0103raci le place s\u0103 m\u0103n\u00e2nce promisiuni. <\/em>&#8211; Eduard &#8211;<br><br><em>El aire estar\u00e1 limpio de todo veneno que no provenga de los miedos humanos y de las humanas pasiones<\/em>. &#8211; Iker &#8211;<\/p>\n<\/div>\n\n\n\n<p class=\"has-text-align-center wp-block-paragraph\"><em>El menjar no ser\u00e0 una mercader\u00eda ni la comunicaci\u00f3 un negoci, perqu\u00e8 el menjar i la comunicaci\u00f3 son drets humans.<\/em> &#8211; Ronald &#8211;<\/p>\n\n\n\n<p class=\"has-text-align-center wp-block-paragraph\"><em>\u0644\u0646 \u064a\u0645\u0648\u062a \u0623\u062d\u062f \u062c\u0648\u0639\u0627\u064b \u0644\u0623\u0646\u0647 \u0644\u0646 \u064a\u0645\u0648\u062a \u0623\u062d\u062f \u0645\u0646 \u0639\u0633\u0631 \u0627\u0644\u0647\u0636\u0645 <\/em>&#8211; Abdellah &#8211;<br><\/p>\n\n\n\n<p class=\"has-text-align-right wp-block-paragraph\"><em>Los ni\u00f1os de la calle no ser\u00e1n tratados como si fueran basura porque no habr\u00e1 ni\u00f1os de la calle<\/em>. &#8211; Alesia &#8211;<\/p>\n\n\n\n<p class=\"has-text-align-left wp-block-paragraph\"><em>\u0644\u0646 \u064a\u064f\u0639\u0627\u0645\u0644 \u0627\u0644\u0623\u0637\u0641\u0627\u0644 \u0627\u0644\u0623\u062b\u0631\u064a\u0627\u0621 \u0643\u0627\u0644\u0623\u0645\u0648\u0627\u0644 \u0644\u0623\u0646\u0647 \u0644\u0646 \u064a\u0643\u0648\u0646 \u0647\u0646\u0627\u0643 \u0623\u0637\u0641\u0627\u0644 \u0623\u062b\u0631\u064a\u0627\u0621.  <\/em>&#8211; Samir- <em><br><\/em><\/p>\n\n\n\n<p class=\"has-text-align-right wp-block-paragraph\">\u0627\u0644\u062a\u0639\u0644\u064a\u0645 \u0644\u064a\u0633 \u0627\u0645\u062a\u064a\u0627\u0632\u064b\u0627 \u0644\u0644\u0623\u0637\u0641\u0627\u0644 \u0627\u0644\u0630\u064a\u0646 \u064a\u0645\u0643\u0646\u0647\u0645 \u062f\u0641\u0639\u0647\u060c \u0648\u0627\u0644\u0634\u0631\u0637\u0629 \u0644\u0646 \u062a\u0643\u0648\u0646 \u0639\u064a\u0628\u064b\u0627 \u0644\u0644\u0623\u0637\u0641\u0627\u0644 \u0648\u0644\u0627 \u064a\u0645\u0643\u0646\u0647\u0645 \u0627\u0644\u062d\u0635\u0648\u0644 \u0639\u0644\u064a\u0647. &#8211; Ibrahim &#8211; <\/p>\n\n\n\n<p class=\"has-text-align-center wp-block-paragraph\"><em>Les d\u00e9sesp\u00e9r\u00e9s seront d\u00e9sesp\u00e9r\u00e9s et les perdus seront rencontr\u00e9s parce qu&#8217;ils se d\u00e9sesp\u00e8rent de tant esp\u00e9rer et qu&#8217;ils se perdent pour tant chercher.<\/em> &#8211; Aymane &#8211; <\/p>\n\n\n\n<p class=\"has-text-align-center wp-block-paragraph\"><em>La mort i els diners perdran els seus m\u00e0gics poders i ni per defunci\u00f3 ni per fortuna es convertir\u00e0 el canalla en virtu\u00f3s cavaller.<\/em> &#8211; Neus &#8211;<\/p>\n\n\n\n<p class=\"has-text-align-right wp-block-paragraph\"><em>Serem imperfectes perqu\u00e8 la perfecci\u00f3 seguir\u00e0 sent l\u2019avorrit privilegi dels d\u00e9us<\/em>. &#8211; Ainhoa &#8211;<br><\/p>\n\n\n\n<p class=\"wp-block-paragraph\"><em>Seremos capaces de vivir cada d\u00eda como si fuera el primero y cada noche como si fuera la \u00faltima.<\/em> &#8211; Alba &#8211; <br><\/p>\n\n\n\n<p class=\"wp-block-paragraph\"><\/p>\n","protected":false},"excerpt":{"rendered":"<p>Comencem a treballar amb el poema d&#8217;Eduardo Galeano Deixem aqu\u00ed l&#8217;enlla\u00e7 del poema recitat per Galeano i les frases que m\u00e9s ens han ressonat, per\u00f2 tradu\u00efdes a les diferents lleng\u00fces que parlem: catal\u00e0, castell\u00e0, \u00e0rab, franc\u00e8s, urd\u00fa, roman\u00e8s, angl\u00e8s i rus. \u0644\u0646 \u064a\u0639\u0648\u062f \u0627\u0644\u0646\u0627\u0633 \u062e\u0627\u0636\u0639\u064a\u0646 \u0644\u0633\u064a\u0637\u0631\u0629 \u0627\u0644\u0633\u064a\u0627\u0631\u0627\u062a\u060c \u0623\u0648 \u0645\u0628\u0631\u0645\u062c\u064a\u0646 \u0628\u0648\u0627\u0633\u0637\u0629 \u0627\u0644\u062d\u0648\u0627\u0633\u064a\u0628\u060c \u0623\u0648 \u0645\u0634\u062a\u0631\u064a\u0646 \u0645\u0646 \u0627\u0644\u0645\u062a\u0627\u062c\u0631 &hellip; <\/p>\n<p class=\"link-more\"><a href=\"\/ramonberengueramposta2026\/derecho-al-delirio\/\" class=\"more-link\">Continua llegint <span class=\"screen-reader-text\">\u00ab&#8216;Derecho al delirio&#8217;\u00bb<\/span><\/a><\/p>\n","protected":false},"author":4,"featured_media":0,"comment_status":"closed","ping_status":"","sticky":false,"template":"","format":"standard","meta":{"footnotes":""},"categories":[1],"tags":[],"class_list":["post-123","post","type-post","status-publish","format-standard","hentry","category-general"],"_links":{"self":[{"href":"\/ramonberengueramposta2026\/wp-json\/wp\/v2\/posts\/123","targetHints":{"allow":["GET"]}}],"collection":[{"href":"\/ramonberengueramposta2026\/wp-json\/wp\/v2\/posts"}],"about":[{"href":"\/ramonberengueramposta2026\/wp-json\/wp\/v2\/types\/post"}],"author":[{"embeddable":true,"href":"\/ramonberengueramposta2026\/wp-json\/wp\/v2\/users\/4"}],"replies":[{"embeddable":true,"href":"\/ramonberengueramposta2026\/wp-json\/wp\/v2\/comments?post=123"}],"version-history":[{"count":3,"href":"\/ramonberengueramposta2026\/wp-json\/wp\/v2\/posts\/123\/revisions"}],"predecessor-version":[{"id":127,"href":"\/ramonberengueramposta2026\/wp-json\/wp\/v2\/posts\/123\/revisions\/127"}],"wp:attachment":[{"href":"\/ramonberengueramposta2026\/wp-json\/wp\/v2\/media?parent=123"}],"wp:term":[{"taxonomy":"category","embeddable":true,"href":"\/ramonberengueramposta2026\/wp-json\/wp\/v2\/categories?post=123"},{"taxonomy":"post_tag","embeddable":true,"href":"\/ramonberengueramposta2026\/wp-json\/wp\/v2\/tags?post=123"}],"curies":[{"name":"wp","href":"https:\/\/api.w.org\/{rel}","templated":true}]}}