{"id":53,"date":"2025-11-04T13:50:36","date_gmt":"2025-11-04T11:50:36","guid":{"rendered":"\/ramonberengueramposta2026\/?p=53"},"modified":"2025-11-04T13:50:36","modified_gmt":"2025-11-04T11:50:36","slug":"ens-presentem","status":"publish","type":"post","link":"\/ramonberengueramposta2026\/ens-presentem\/","title":{"rendered":"Ens presentem!"},"content":{"rendered":"\n<p class=\"wp-block-paragraph\">Som els alumnes de 3r E de l&#8217;Institut Ramon Berenguer IV d\u2019Amposta, som 9 xics i 3 xiques.<\/p>\n\n\n\n<p class=\"wp-block-paragraph\">La nostra artista \u00e9s Alba G. Corral, una artista que fa obres audiovisuals. Ella \u00e9s de Madrid per\u00f2 viu a La R\u00e0pita. T\u00e9 47 anys, fa art digitalment a molts lloc del m\u00f3n. \u00c9s molt bona persona i \u00e9s molt amable.<\/p>\n\n\n\n<p class=\"wp-block-paragraph\">Escrivim les primeres impressions despr\u00e9s d\u2019haver-nos conegut:<\/p>\n\n\n\n<p class=\"wp-block-paragraph\">\u2018La seva obra \u00e9s molt bonica i diferent . El que m\u2019ha sorpr\u00e8s ha sigut com fa art amb tecnologia.\u2019\u00a0<strong>Meerab<\/strong><\/p>\n\n\n\n<p class=\"wp-block-paragraph\">\u2018El que m\u00e9s m\u2019ha sorpr\u00e8s ha sigut lo famosa que era i lo molt que s&#8217;esfor\u00e7a per fer les seves obres.\u2019 <strong>Ainhoa<\/strong><\/p>\n\n\n\n<p class=\"wp-block-paragraph\">\u2018Em pensava que seria molt avorrit, per\u00f2 amb la seva explicaci\u00f3 del que fa em va llevar tota aquesta impressi\u00f3. Ara penso que pot ser divertit.\u2019 <strong>Ariadna<\/strong><\/p>\n\n\n\n<p class=\"wp-block-paragraph\">\u2018Quan vaig con\u00e8ixer l\u2019Alba, em pensava que era m\u00e9s seria. He vist que \u00e9s una bona persona.\u2019\u00a0<strong>Iker<\/strong><\/p>\n\n\n\n<p class=\"wp-block-paragraph\">\u2018El que m\u00e9s m\u2019ha sorpr\u00e8s \u00e9s com crea les seves obres. I pensava que seria una mica avorrit.<strong> <\/strong>Em feia por que li caiguessim malament, perqu\u00e8 ens portem mal, per\u00f2 intentarem portar-nos millor. El meu desig \u00e9s que puguessem crear una obra, com ella.&#8217; <strong>Edu<\/strong><\/p>\n\n\n\n<p class=\"wp-block-paragraph\">\u2018El que m\u00e9s m&#8217;ha sorpr\u00e8s \u00e9s que \u00e9s molt divertida i molt sociable. Em fa por fer-ho tot mal i quedar malament. El meu desig \u00e9s viatjar com ho fa ella.\u2019 <strong>Ronald<\/strong><\/p>\n\n\n\n<p class=\"wp-block-paragraph\">\u2018El que m&#8217;ha sorpr\u00e9s ha sigut les fotos i coses conceptuals que fa.\u2019 <strong>Samir<\/strong><\/p>\n","protected":false},"excerpt":{"rendered":"<p>Som els alumnes de 3r E de l&#8217;Institut Ramon Berenguer IV d\u2019Amposta, som 9 xics i 3 xiques. La nostra artista \u00e9s Alba G. Corral, una artista que fa obres audiovisuals. Ella \u00e9s de Madrid per\u00f2 viu a La R\u00e0pita. T\u00e9 47 anys, fa art digitalment a molts lloc del m\u00f3n. \u00c9s molt bona persona &hellip; <\/p>\n<p class=\"link-more\"><a href=\"\/ramonberengueramposta2026\/ens-presentem\/\" class=\"more-link\">Continua llegint <span class=\"screen-reader-text\">\u00abEns presentem!\u00bb<\/span><\/a><\/p>\n","protected":false},"author":3,"featured_media":0,"comment_status":"closed","ping_status":"","sticky":false,"template":"","format":"standard","meta":{"footnotes":""},"categories":[1],"tags":[],"class_list":["post-53","post","type-post","status-publish","format-standard","hentry","category-general"],"_links":{"self":[{"href":"\/ramonberengueramposta2026\/wp-json\/wp\/v2\/posts\/53","targetHints":{"allow":["GET"]}}],"collection":[{"href":"\/ramonberengueramposta2026\/wp-json\/wp\/v2\/posts"}],"about":[{"href":"\/ramonberengueramposta2026\/wp-json\/wp\/v2\/types\/post"}],"author":[{"embeddable":true,"href":"\/ramonberengueramposta2026\/wp-json\/wp\/v2\/users\/3"}],"replies":[{"embeddable":true,"href":"\/ramonberengueramposta2026\/wp-json\/wp\/v2\/comments?post=53"}],"version-history":[{"count":1,"href":"\/ramonberengueramposta2026\/wp-json\/wp\/v2\/posts\/53\/revisions"}],"predecessor-version":[{"id":54,"href":"\/ramonberengueramposta2026\/wp-json\/wp\/v2\/posts\/53\/revisions\/54"}],"wp:attachment":[{"href":"\/ramonberengueramposta2026\/wp-json\/wp\/v2\/media?parent=53"}],"wp:term":[{"taxonomy":"category","embeddable":true,"href":"\/ramonberengueramposta2026\/wp-json\/wp\/v2\/categories?post=53"},{"taxonomy":"post_tag","embeddable":true,"href":"\/ramonberengueramposta2026\/wp-json\/wp\/v2\/tags?post=53"}],"curies":[{"name":"wp","href":"https:\/\/api.w.org\/{rel}","templated":true}]}}