{"id":55,"date":"2025-11-04T13:56:49","date_gmt":"2025-11-04T11:56:49","guid":{"rendered":"\/ramonberengueramposta2026\/?p=55"},"modified":"2025-11-04T13:56:49","modified_gmt":"2025-11-04T11:56:49","slug":"lalba-g-corral-la-nostra-artista","status":"publish","type":"post","link":"\/ramonberengueramposta2026\/lalba-g-corral-la-nostra-artista\/","title":{"rendered":"L&#8217;Alba G. Corral, la nostra artista"},"content":{"rendered":"\n<p class=\"wp-block-paragraph\">Despr\u00e9s del primer dia&#8230; hem investigat una mica qui \u00e9s l\u2019Alba G. Corral i hem descobert moltes coses!!!<\/p>\n\n\n\n<p class=\"wp-block-paragraph\">L\u2019Alba t\u00e9 una formaci\u00f3 en enginyeria inform\u00e0tica, combina l\u2019art i la tecnologia per crear obres audiovisuals que ella dibuixa en directe. Ha estat creant art utilitzant el software  a trav\u00e9s de la improvisaci\u00f3, els mitjans digitals i l&#8217;instal\u00b7laci\u00f3.<\/p>\n\n\n\n<p class=\"wp-block-paragraph\">L&#8217;Alba va estudiar enginyeria inform\u00e0tica i es dedica a la creaci\u00f3 d\u2019art generatiu mitjan\u00e7ant programari. A trav\u00e9s de l\u2019art explora narratives abstractes i a trav\u00e9s del color en diversos formats, com performance, video, mitjans digitals, instal\u00b7lacions art\u00edstiques i composici\u00f3 de m\u00fasica electr\u00f2nica.\u00a0<\/p>\n\n\n\n<p class=\"wp-block-paragraph\">L&#8217;Alba  col\u00b7labora amb diversos m\u00fasics, creant dibuixos a trav\u00e9s de codi en temps real en espectacles en directe, ha col\u00b7laborat amb int\u00e8rprets de l\u2019escena experimental. Les composicions de Alba G. Corral han sigut en alguns festivals com S\u00f3nar, Primavera Sound, Red Bull Music Academy, LEV MUTEK, Eufonic o Mira entre altres. Ha col\u00b7laborat amb artistes com Jon Hopkins, Rza, Fibla, Juan de la Rubia i amb Marco Mezquida.<\/p>\n\n\n\n<p class=\"wp-block-paragraph\">Ha estat treballant a diferents llocs del mon com ara; Jap\u00f3, Col\u00f2mbia, M\u00e8xic, B\u00e8lgica, Nova York, etc. i diferents llocs de Catalunya i Espanya. <\/p>\n\n\n\n<p class=\"wp-block-paragraph\">En el marc de la doc\u00e8ncia ensenya programaci\u00f3 visual enfocada a dissenyadors i artistes a diferents espais tant en xerrades, tallers i workshops. Dedicats al codi creatiu amb eines de programari Obert (processing).<\/p>\n\n\n\n<p class=\"wp-block-paragraph\">La seva pe\u00e7a \u201c<a href=\"https:\/\/caixaforumplus.org\/v\/bach-forward\">Bach &amp; Forward<\/a>\u201d, \u00e9s un exemple de la seva carrera po\u00e8tica i tecnol\u00f2gica. El 2014 va rebre el Premi al millor espectacle Audiovisual de l\u2019any.<\/p>\n\n\n\n<p class=\"wp-block-paragraph\">La seva obra, plena de llum i moviment, fa que la perspectiva de l\u2019art sigui sensible i viva.<\/p>\n","protected":false},"excerpt":{"rendered":"<p>Despr\u00e9s del primer dia&#8230; hem investigat una mica qui \u00e9s l\u2019Alba G. Corral i hem descobert moltes coses!!! L\u2019Alba t\u00e9 una formaci\u00f3 en enginyeria inform\u00e0tica, combina l\u2019art i la tecnologia per crear obres audiovisuals que ella dibuixa en directe. Ha estat creant art utilitzant el software a trav\u00e9s de la improvisaci\u00f3, els mitjans digitals i &hellip; <\/p>\n<p class=\"link-more\"><a href=\"\/ramonberengueramposta2026\/lalba-g-corral-la-nostra-artista\/\" class=\"more-link\">Continua llegint <span class=\"screen-reader-text\">\u00abL&#8217;Alba G. Corral, la nostra artista\u00bb<\/span><\/a><\/p>\n","protected":false},"author":3,"featured_media":0,"comment_status":"closed","ping_status":"","sticky":false,"template":"","format":"standard","meta":{"footnotes":""},"categories":[1],"tags":[],"class_list":["post-55","post","type-post","status-publish","format-standard","hentry","category-general"],"_links":{"self":[{"href":"\/ramonberengueramposta2026\/wp-json\/wp\/v2\/posts\/55","targetHints":{"allow":["GET"]}}],"collection":[{"href":"\/ramonberengueramposta2026\/wp-json\/wp\/v2\/posts"}],"about":[{"href":"\/ramonberengueramposta2026\/wp-json\/wp\/v2\/types\/post"}],"author":[{"embeddable":true,"href":"\/ramonberengueramposta2026\/wp-json\/wp\/v2\/users\/3"}],"replies":[{"embeddable":true,"href":"\/ramonberengueramposta2026\/wp-json\/wp\/v2\/comments?post=55"}],"version-history":[{"count":1,"href":"\/ramonberengueramposta2026\/wp-json\/wp\/v2\/posts\/55\/revisions"}],"predecessor-version":[{"id":56,"href":"\/ramonberengueramposta2026\/wp-json\/wp\/v2\/posts\/55\/revisions\/56"}],"wp:attachment":[{"href":"\/ramonberengueramposta2026\/wp-json\/wp\/v2\/media?parent=55"}],"wp:term":[{"taxonomy":"category","embeddable":true,"href":"\/ramonberengueramposta2026\/wp-json\/wp\/v2\/categories?post=55"},{"taxonomy":"post_tag","embeddable":true,"href":"\/ramonberengueramposta2026\/wp-json\/wp\/v2\/tags?post=55"}],"curies":[{"name":"wp","href":"https:\/\/api.w.org\/{rel}","templated":true}]}}