{"id":57,"date":"2025-11-04T15:15:10","date_gmt":"2025-11-04T13:15:10","guid":{"rendered":"\/ramonberengueramposta2026\/?p=57"},"modified":"2025-11-04T15:21:53","modified_gmt":"2025-11-04T13:21:53","slug":"investiguem-i-ens-inspirem","status":"publish","type":"post","link":"\/ramonberengueramposta2026\/investiguem-i-ens-inspirem\/","title":{"rendered":"Investiguem i ens inspirem"},"content":{"rendered":"\n<p class=\"wp-block-paragraph\"><strong>L\u2019Alba ens ha proposat algunes peces audiovisuals que a ella li agraden. Nosaltres tamb\u00e9 n\u2019hem triat algunes. Les comentem a continuaci\u00f3:<\/strong><\/p>\n\n\n\n<p class=\"wp-block-paragraph\"><strong>Ainhoa<\/strong>: Aquesta pe\u00e7a audiovisual representa sentiments i creativitat. El que m&#8217;agrada \u00e9s que em tranquilitzen les seves formes, figures abstractes i el seu color rosa pastel: <a href=\"https:\/\/www.youtube.com\/watch?v=v6kOzlX-au4\">Hot Pink Lights <\/a><\/p>\n\n\n\n<figure class=\"wp-block-image size-full is-resized\"><img loading=\"lazy\" decoding=\"async\" width=\"895\" height=\"505\" src=\"\/ramonberengueramposta2026\/wp-content\/uploads\/2025\/11\/image-1.png\" alt=\"\" class=\"wp-image-59\" style=\"width:352px;height:auto\" srcset=\"\/ramonberengueramposta2026\/wp-content\/uploads\/2025\/11\/image-1.png 895w, \/ramonberengueramposta2026\/wp-content\/uploads\/2025\/11\/image-1-300x169.png 300w, \/ramonberengueramposta2026\/wp-content\/uploads\/2025\/11\/image-1-768x433.png 768w\" sizes=\"auto, (max-width: 767px) 89vw, (max-width: 1000px) 54vw, (max-width: 1071px) 543px, 580px\" \/><\/figure>\n\n\n\n<p class=\"wp-block-paragraph\"><strong>Ariadna<\/strong>: La meva pe\u00e7a audiovisual que m\u00e9s m&#8217;agrada \u00e9s la del concert de Morad que de fons es sentia la can\u00e7\u00f3 `Detr\u00e1s de tu alma\u00b4. Em transmet una bona sensaci\u00f3 aquesta can\u00e7\u00f3 amb molts de records, a m\u00e9s els colors que combina per a donar la sensaci\u00f3 que est\u00e0s dintre de la can\u00e7\u00f3 \u00e9s molt adequada i amb el ritme de la m\u00fasica quan canta, els focos es mouen al ritme de la m\u00fasica i al final quan tiren el confetti amb el fum \u00e9s molt bonic.<\/p>\n\n\n\n<figure class=\"wp-block-image size-full is-resized\"><img loading=\"lazy\" decoding=\"async\" width=\"892\" height=\"482\" src=\"\/ramonberengueramposta2026\/wp-content\/uploads\/2025\/11\/image-5.png\" alt=\"\" class=\"wp-image-63\" style=\"width:302px;height:auto\" srcset=\"\/ramonberengueramposta2026\/wp-content\/uploads\/2025\/11\/image-5.png 892w, \/ramonberengueramposta2026\/wp-content\/uploads\/2025\/11\/image-5-300x162.png 300w, \/ramonberengueramposta2026\/wp-content\/uploads\/2025\/11\/image-5-768x415.png 768w\" sizes=\"auto, (max-width: 767px) 89vw, (max-width: 1000px) 54vw, (max-width: 1071px) 543px, 580px\" \/><\/figure>\n\n\n\n<p class=\"wp-block-paragraph\"><strong>Edu i Adam:\u00a0<\/strong>Nosaltres hem triat, la seg\u00fcent pe\u00e7a audiovisual: <a href=\"https:\/\/www.youtube.com\/watch?v=DeEZx4K0Eic\">Ocells<\/a><\/p>\n\n\n\n<p class=\"wp-block-paragraph\">En aquesta pe\u00e7a podem apreciar  com uns ocells lluiten pel seu lloc, fins que s\u2019adonen d\u2019un ocell, diferent dels altres. Aix\u00f2 provoca una repulsi\u00f3 cap a l\u2019ocell diferent, quan aconsegueixen tirar fora del cable de llum l&#8217;ocell gran per ser tan gran y diferent s\u2019adonen que gr\u00e0cies a aquell ocell no feien efecte tiraxines i quan el llencen se&#8217;n van volant, deixant les plumes a l\u2019aire i despullant els ocells.<\/p>\n\n\n\n<p class=\"wp-block-paragraph\">Aix\u00f2 a part de donar un missatge sobre l&#8217;anomenat \u201ckarma\u201d tamb\u00e9 t\u00e9 un efecte de com\u00e8dia que fa que sigui m\u00e9s atractiu per a el que mira la pe\u00e7a. El so en aquesta pe\u00e7a en espec\u00edfic tamb\u00e9 influeix amb l\u2019atenci\u00f3 de l\u2019espectador.&nbsp;<\/p>\n\n\n\n<p class=\"wp-block-paragraph\"><strong>Edu<\/strong> aquesta pe\u00e7a m\u2019agrada molt perqu\u00e8 es divertida i a mi m\u2019agraden les coses divertides, ja siguin videos de comedia o pel\u00b7l\u00edcules. <strong>Ad\u00e1m<\/strong>: Aquesta pe\u00e7a em fa sentir feli\u00e7, ja que transmeten les vibres de com\u00e8dia molt atractives per espectadors, amb un humor com el meu. \ud83d\ude09<\/p>\n\n\n\n<figure class=\"wp-block-image size-full is-resized\"><img loading=\"lazy\" decoding=\"async\" width=\"636\" height=\"342\" src=\"\/ramonberengueramposta2026\/wp-content\/uploads\/2025\/11\/image.png\" alt=\"\" class=\"wp-image-58\" style=\"width:350px;height:auto\" srcset=\"\/ramonberengueramposta2026\/wp-content\/uploads\/2025\/11\/image.png 636w, \/ramonberengueramposta2026\/wp-content\/uploads\/2025\/11\/image-300x161.png 300w\" sizes=\"auto, (max-width: 636px) 100vw, 636px\" \/><\/figure>\n\n\n\n<p class=\"wp-block-paragraph\"><strong>Iker i Hodaifa<\/strong>: M\u00faltiples pantalles amb visuals d\u2019aigua, din\u00e0miques naturals, textures i colors l\u00edquids. \u00c9s una instal\u00b7laci\u00f3 audiovisual on el so i la imatge generen una experi\u00e8ncia immersiva que evoca paisatges en transformaci\u00f3. Atmosfera fosca, l\u00ednies lluminoses que formen formes abstractes al voltant de l\u2019espai. Aquest estil juga molt amb l\u2019abstracci\u00f3, el contrast entre llum i foscor, moviment i so minimalista. Aquest tipus de treball juga amb la relaci\u00f3 entre p\u00fablic, espai i tecnologia audiovisual.<\/p>\n\n\n\n<figure class=\"wp-block-image size-full\"><img loading=\"lazy\" decoding=\"async\" width=\"645\" height=\"385\" src=\"\/ramonberengueramposta2026\/wp-content\/uploads\/2025\/11\/image-3.png\" alt=\"\" class=\"wp-image-61\" srcset=\"\/ramonberengueramposta2026\/wp-content\/uploads\/2025\/11\/image-3.png 645w, \/ramonberengueramposta2026\/wp-content\/uploads\/2025\/11\/image-3-300x179.png 300w\" sizes=\"auto, (max-width: 645px) 100vw, 645px\" \/><\/figure>\n\n\n\n<p class=\"wp-block-paragraph\">He triat com a pe\u00e7a de refer\u00e8ncia\u2019\u2019Homo Sapiens\u2019\u2019de pipilotti Rist<strong>\u2019\u2019<\/strong> perqu\u00e8 combina molts dels elements que vam parlar: so, imatge, emoci\u00f3, escenari immersiu: <a href=\"https:\/\/en.wikipedia.org\/wiki\/Homo_Sapiens_Sapiens_%28video%29?utm_source=chatgpt.com\">Homo Sapiens Sapiens<\/a><\/p>\n\n\n\n<figure class=\"wp-block-image size-full is-resized\"><img loading=\"lazy\" decoding=\"async\" width=\"613\" height=\"821\" src=\"\/ramonberengueramposta2026\/wp-content\/uploads\/2025\/11\/image-9.png\" alt=\"\" class=\"wp-image-67\" style=\"width:203px;height:auto\" srcset=\"\/ramonberengueramposta2026\/wp-content\/uploads\/2025\/11\/image-9.png 613w, \/ramonberengueramposta2026\/wp-content\/uploads\/2025\/11\/image-9-224x300.png 224w\" sizes=\"auto, (max-width: 613px) 100vw, 613px\" \/><\/figure>\n\n\n\n<figure class=\"wp-block-image size-full is-resized\"><img loading=\"lazy\" decoding=\"async\" width=\"621\" height=\"825\" src=\"\/ramonberengueramposta2026\/wp-content\/uploads\/2025\/11\/image-8.png\" alt=\"\" class=\"wp-image-66\" style=\"width:204px;height:auto\" srcset=\"\/ramonberengueramposta2026\/wp-content\/uploads\/2025\/11\/image-8.png 621w, \/ramonberengueramposta2026\/wp-content\/uploads\/2025\/11\/image-8-226x300.png 226w\" sizes=\"auto, (max-width: 621px) 100vw, 621px\" \/><\/figure>\n\n\n\n<p class=\"wp-block-paragraph\"><strong>Meerab Nadeem<\/strong>: In a heartbeat. \u00c9s un v\u00eddeo curt i bonic. Parla d\u2019un nen que s\u2019enamora d\u2019un altre nen. El seu cor surt del cos per dir el que ell no s\u2019atreveix a dir. No hi ha paraules, nom\u00e9s m\u00fasica i imatges. Les emocions es veuen molt b\u00e9: amor, por i valentia. Encara que ning\u00fa parli, el v\u00eddeo et fa sentir molt. \u00c9s emocionant i especial.<\/p>\n\n\n\n<figure class=\"wp-block-image size-large is-resized\"><img loading=\"lazy\" decoding=\"async\" width=\"1024\" height=\"470\" src=\"\/ramonberengueramposta2026\/wp-content\/uploads\/2025\/11\/image-6-1024x470.png\" alt=\"\" class=\"wp-image-64\" style=\"width:336px;height:auto\" srcset=\"\/ramonberengueramposta2026\/wp-content\/uploads\/2025\/11\/image-6-1024x470.png 1024w, \/ramonberengueramposta2026\/wp-content\/uploads\/2025\/11\/image-6-300x138.png 300w, \/ramonberengueramposta2026\/wp-content\/uploads\/2025\/11\/image-6-768x352.png 768w, \/ramonberengueramposta2026\/wp-content\/uploads\/2025\/11\/image-6.png 1114w\" sizes=\"auto, (max-width: 767px) 89vw, (max-width: 1000px) 54vw, (max-width: 1071px) 543px, 580px\" \/><\/figure>\n\n\n\n<p class=\"wp-block-paragraph\"><strong>Ricardo Alexander Pacheco Pesantes<\/strong>: Jo he triat aquesta pe\u00e7a audiovisual perqu\u00e8 la imatge que te \u00e9s molt bonic i la sensaci\u00f3 al moment de jugar se sent molt impressionant quan el personatge va corrents per eliminar als rivals. Lo m\u00e9s espectacular \u00e9s quan cambia de arma o quan recarga les bales o quan tira una bomba per a enfonsar el volum del joc o tamb\u00e9 per a explotar.<\/p>\n\n\n\n<figure class=\"wp-block-image size-full is-resized\"><img loading=\"lazy\" decoding=\"async\" width=\"433\" height=\"243\" src=\"\/ramonberengueramposta2026\/wp-content\/uploads\/2025\/11\/image-2.png\" alt=\"\" class=\"wp-image-60\" style=\"width:252px;height:auto\" srcset=\"\/ramonberengueramposta2026\/wp-content\/uploads\/2025\/11\/image-2.png 433w, \/ramonberengueramposta2026\/wp-content\/uploads\/2025\/11\/image-2-300x168.png 300w\" sizes=\"auto, (max-width: 433px) 100vw, 433px\" \/><\/figure>\n\n\n\n<p class=\"wp-block-paragraph\"><strong>Ronald Juvenal Baja\u00f1a Carpio<\/strong>: La pe\u00e7a audiovisual que m&#8217;agrada \u00e9s Ratatouille. M&#8217;ha agradat perqu\u00e8 a mi m&#8217;agrada cuinar i tamb\u00e9 perqu\u00e8 \u00e9s molt divertit. El so esta b\u00e9, tamb\u00e9 t\u00e9 una mica de com\u00e8dia i el millor de tot \u00e9s que \u00e9s molt entretingut. El meu pensament \u00e9s que est\u00e0 ben fet. Tamb\u00e9 el so. I tot aix\u00f2 es reflecteix que tots tenen problemes per\u00f2 sempre hi ha alg\u00fa que et d\u00f3na la m\u00e0.<\/p>\n\n\n\n<figure class=\"wp-block-image size-full is-resized\"><img loading=\"lazy\" decoding=\"async\" width=\"841\" height=\"308\" src=\"\/ramonberengueramposta2026\/wp-content\/uploads\/2025\/11\/image-4.png\" alt=\"\" class=\"wp-image-62\" style=\"width:313px;height:auto\" srcset=\"\/ramonberengueramposta2026\/wp-content\/uploads\/2025\/11\/image-4.png 841w, \/ramonberengueramposta2026\/wp-content\/uploads\/2025\/11\/image-4-300x110.png 300w, \/ramonberengueramposta2026\/wp-content\/uploads\/2025\/11\/image-4-768x281.png 768w\" sizes=\"auto, (max-width: 767px) 89vw, (max-width: 1000px) 54vw, (max-width: 1071px) 543px, 580px\" \/><\/figure>\n\n\n\n<p class=\"wp-block-paragraph\"><strong>Samir El Khalifi<\/strong>: He triat IM.PRINT perqu\u00e8 reuneix molt b\u00e9 els tres elements que vam parlar: so, imatge i emoci\u00f3.<\/p>\n\n\n\n<p class=\"wp-block-paragraph\">Imatge: la forma que apareix en pantalla no \u00e9s nom\u00e9s una projecci\u00f3 est\u00e0tica; es genera en temps real a partir de l\u2019acci\u00f3 del participant (el patr\u00f3 de la petjada). Aix\u00f2 dona dinamisme i una connexi\u00f3 directa entre l\u2019usuari i l\u2019obra visual.<\/p>\n\n\n\n<p class=\"wp-block-paragraph\">So: el so no \u00e9s un simple rerefons, sin\u00f3 que l\u2019ambient sonor canvia segons la interacci\u00f3. Aix\u00f2 fa que imatge i so estiguin vinculats d\u2019una manera sensible.<\/p>\n\n\n\n<p class=\"wp-block-paragraph\">Emoci\u00f3 \/ experi\u00e8ncia: el fet que el visitant pugui \u201cveure\u201d una representaci\u00f3 visual de la seva empremta, una cosa \u00edntima i personal, crea una connexi\u00f3 immediata. \u00c9s una experi\u00e8ncia immersiva i personal.<\/p>\n\n\n\n<p class=\"wp-block-paragraph\">A m\u00e9s, interactuar (amb un gest senzill com donar un toc) implica que qui participa queda comprom\u00e8s emocionalment amb l\u2019obra, no \u00e9s nom\u00e9s observador passiu.<\/p>\n\n\n\n<figure class=\"wp-block-image size-full\"><img loading=\"lazy\" decoding=\"async\" width=\"880\" height=\"426\" src=\"\/ramonberengueramposta2026\/wp-content\/uploads\/2025\/11\/image-7.png\" alt=\"\" class=\"wp-image-65\" srcset=\"\/ramonberengueramposta2026\/wp-content\/uploads\/2025\/11\/image-7.png 880w, \/ramonberengueramposta2026\/wp-content\/uploads\/2025\/11\/image-7-300x145.png 300w, \/ramonberengueramposta2026\/wp-content\/uploads\/2025\/11\/image-7-768x372.png 768w\" sizes=\"auto, (max-width: 767px) 89vw, (max-width: 1000px) 54vw, (max-width: 1071px) 543px, 580px\" \/><\/figure>\n","protected":false},"excerpt":{"rendered":"<p>L\u2019Alba ens ha proposat algunes peces audiovisuals que a ella li agraden. Nosaltres tamb\u00e9 n\u2019hem triat algunes. Les comentem a continuaci\u00f3: Ainhoa: Aquesta pe\u00e7a audiovisual representa sentiments i creativitat. El que m&#8217;agrada \u00e9s que em tranquilitzen les seves formes, figures abstractes i el seu color rosa pastel: Hot Pink Lights Ariadna: La meva pe\u00e7a audiovisual &hellip; <\/p>\n<p class=\"link-more\"><a href=\"\/ramonberengueramposta2026\/investiguem-i-ens-inspirem\/\" class=\"more-link\">Continua llegint <span class=\"screen-reader-text\">\u00abInvestiguem i ens inspirem\u00bb<\/span><\/a><\/p>\n","protected":false},"author":3,"featured_media":0,"comment_status":"closed","ping_status":"","sticky":false,"template":"","format":"standard","meta":{"footnotes":""},"categories":[1],"tags":[],"class_list":["post-57","post","type-post","status-publish","format-standard","hentry","category-general"],"_links":{"self":[{"href":"\/ramonberengueramposta2026\/wp-json\/wp\/v2\/posts\/57","targetHints":{"allow":["GET"]}}],"collection":[{"href":"\/ramonberengueramposta2026\/wp-json\/wp\/v2\/posts"}],"about":[{"href":"\/ramonberengueramposta2026\/wp-json\/wp\/v2\/types\/post"}],"author":[{"embeddable":true,"href":"\/ramonberengueramposta2026\/wp-json\/wp\/v2\/users\/3"}],"replies":[{"embeddable":true,"href":"\/ramonberengueramposta2026\/wp-json\/wp\/v2\/comments?post=57"}],"version-history":[{"count":3,"href":"\/ramonberengueramposta2026\/wp-json\/wp\/v2\/posts\/57\/revisions"}],"predecessor-version":[{"id":70,"href":"\/ramonberengueramposta2026\/wp-json\/wp\/v2\/posts\/57\/revisions\/70"}],"wp:attachment":[{"href":"\/ramonberengueramposta2026\/wp-json\/wp\/v2\/media?parent=57"}],"wp:term":[{"taxonomy":"category","embeddable":true,"href":"\/ramonberengueramposta2026\/wp-json\/wp\/v2\/categories?post=57"},{"taxonomy":"post_tag","embeddable":true,"href":"\/ramonberengueramposta2026\/wp-json\/wp\/v2\/tags?post=57"}],"curies":[{"name":"wp","href":"https:\/\/api.w.org\/{rel}","templated":true}]}}