{"id":72,"date":"2025-11-14T14:29:37","date_gmt":"2025-11-14T12:29:37","guid":{"rendered":"\/ramonberengueramposta2026\/?p=72"},"modified":"2025-11-14T14:29:37","modified_gmt":"2025-11-14T12:29:37","slug":"primers-registres-sonors-anem-fins-el-pont-penjant","status":"publish","type":"post","link":"\/ramonberengueramposta2026\/primers-registres-sonors-anem-fins-el-pont-penjant\/","title":{"rendered":"Primers registres sonors&#8230; anem fins el pont penjant!"},"content":{"rendered":"\n<p class=\"wp-block-paragraph\">El dia 29 d\u2019octubre vam anar al pont penjat d\u2019Amposta. Quan vam sortir del centre a les 13:00h, hi havia n\u00favols, no vol\u00edem que plogu\u00e9s. Vam arribar fins al Pont. All\u00ed vam llegir la hist\u00f2ria del pont que est\u00e0 escrita a un plaf\u00f3 que hi ha abans de creuar el pont. Despr\u00e9s vam passar el pont i vam baixar a la zona de p\u00edcnic que hi ha sota el pont. All\u00ed ja va comen\u00e7ar a espurnejar. <\/p>\n\n\n\n<figure class=\"wp-block-gallery has-nested-images columns-default is-cropped wp-block-gallery-1 is-layout-flex wp-block-gallery-is-layout-flex\">\n<figure class=\"wp-block-image size-large\"><img loading=\"lazy\" decoding=\"async\" width=\"1024\" height=\"685\" data-id=\"74\" src=\"\/ramonberengueramposta2026\/wp-content\/uploads\/2025\/11\/25_10_2902-1024x685.jpg\" alt=\"\" class=\"wp-image-74\" srcset=\"\/ramonberengueramposta2026\/wp-content\/uploads\/2025\/11\/25_10_2902-1024x685.jpg 1024w, \/ramonberengueramposta2026\/wp-content\/uploads\/2025\/11\/25_10_2902-300x201.jpg 300w, \/ramonberengueramposta2026\/wp-content\/uploads\/2025\/11\/25_10_2902-768x514.jpg 768w, \/ramonberengueramposta2026\/wp-content\/uploads\/2025\/11\/25_10_2902-1536x1028.jpg 1536w, \/ramonberengueramposta2026\/wp-content\/uploads\/2025\/11\/25_10_2902-2048x1371.jpg 2048w\" sizes=\"auto, (max-width: 767px) 89vw, (max-width: 1000px) 54vw, (max-width: 1071px) 543px, 580px\" \/><\/figure>\n\n\n\n<figure class=\"wp-block-image size-large\"><img loading=\"lazy\" decoding=\"async\" width=\"1024\" height=\"685\" data-id=\"73\" src=\"\/ramonberengueramposta2026\/wp-content\/uploads\/2025\/11\/25_10_2905-1024x685.jpg\" alt=\"\" class=\"wp-image-73\" srcset=\"\/ramonberengueramposta2026\/wp-content\/uploads\/2025\/11\/25_10_2905-1024x685.jpg 1024w, \/ramonberengueramposta2026\/wp-content\/uploads\/2025\/11\/25_10_2905-300x201.jpg 300w, \/ramonberengueramposta2026\/wp-content\/uploads\/2025\/11\/25_10_2905-768x514.jpg 768w, \/ramonberengueramposta2026\/wp-content\/uploads\/2025\/11\/25_10_2905-1536x1028.jpg 1536w, \/ramonberengueramposta2026\/wp-content\/uploads\/2025\/11\/25_10_2905-2048x1371.jpg 2048w\" sizes=\"auto, (max-width: 767px) 89vw, (max-width: 1000px) 54vw, (max-width: 1071px) 543px, 580px\" \/><\/figure>\n\n\n\n<figure class=\"wp-block-image size-large\"><img loading=\"lazy\" decoding=\"async\" width=\"1024\" height=\"685\" data-id=\"76\" src=\"\/ramonberengueramposta2026\/wp-content\/uploads\/2025\/11\/25_10_2906-1024x685.jpg\" alt=\"\" class=\"wp-image-76\" srcset=\"\/ramonberengueramposta2026\/wp-content\/uploads\/2025\/11\/25_10_2906-1024x685.jpg 1024w, \/ramonberengueramposta2026\/wp-content\/uploads\/2025\/11\/25_10_2906-300x201.jpg 300w, \/ramonberengueramposta2026\/wp-content\/uploads\/2025\/11\/25_10_2906-768x514.jpg 768w, \/ramonberengueramposta2026\/wp-content\/uploads\/2025\/11\/25_10_2906-1536x1028.jpg 1536w, \/ramonberengueramposta2026\/wp-content\/uploads\/2025\/11\/25_10_2906-2048x1371.jpg 2048w\" sizes=\"auto, (max-width: 767px) 89vw, (max-width: 1000px) 54vw, (max-width: 1071px) 543px, 580px\" \/><\/figure>\n\n\n\n<figure class=\"wp-block-image size-large\"><img loading=\"lazy\" decoding=\"async\" width=\"1024\" height=\"685\" data-id=\"75\" src=\"\/ramonberengueramposta2026\/wp-content\/uploads\/2025\/11\/25_10_2907-1024x685.jpg\" alt=\"\" class=\"wp-image-75\" srcset=\"\/ramonberengueramposta2026\/wp-content\/uploads\/2025\/11\/25_10_2907-1024x685.jpg 1024w, \/ramonberengueramposta2026\/wp-content\/uploads\/2025\/11\/25_10_2907-300x201.jpg 300w, \/ramonberengueramposta2026\/wp-content\/uploads\/2025\/11\/25_10_2907-768x514.jpg 768w, \/ramonberengueramposta2026\/wp-content\/uploads\/2025\/11\/25_10_2907-1536x1028.jpg 1536w, \/ramonberengueramposta2026\/wp-content\/uploads\/2025\/11\/25_10_2907-2048x1371.jpg 2048w\" sizes=\"auto, (max-width: 767px) 89vw, (max-width: 1000px) 54vw, (max-width: 1071px) 543px, 580px\" \/><\/figure>\n\n\n\n<figure class=\"wp-block-image size-large\"><img loading=\"lazy\" decoding=\"async\" width=\"1024\" height=\"685\" data-id=\"77\" src=\"\/ramonberengueramposta2026\/wp-content\/uploads\/2025\/11\/25_10_2910-1024x685.jpg\" alt=\"\" class=\"wp-image-77\" srcset=\"\/ramonberengueramposta2026\/wp-content\/uploads\/2025\/11\/25_10_2910-1024x685.jpg 1024w, \/ramonberengueramposta2026\/wp-content\/uploads\/2025\/11\/25_10_2910-300x201.jpg 300w, \/ramonberengueramposta2026\/wp-content\/uploads\/2025\/11\/25_10_2910-768x514.jpg 768w, \/ramonberengueramposta2026\/wp-content\/uploads\/2025\/11\/25_10_2910-1536x1028.jpg 1536w, \/ramonberengueramposta2026\/wp-content\/uploads\/2025\/11\/25_10_2910-2048x1371.jpg 2048w\" sizes=\"auto, (max-width: 767px) 89vw, (max-width: 1000px) 54vw, (max-width: 1071px) 543px, 580px\" \/><\/figure>\n<\/figure>\n\n\n\n<p class=\"wp-block-paragraph\">L\u2019Alba ens va explicar la hist\u00f2ria del pont durant la guerra civil. Ens va contar que hi havia una dona que portava llet des de l\u2019Aldea fins a Amposta, i, justament quan creuava el pont, un avi\u00f3 va tirar una bomba que va fer esclatar el pont amb la lletera creuant-lo. La lletera portava un fanalet que va delatar als enemics on estava el pont.\u00a0<\/p>\n\n\n\n<p class=\"wp-block-paragraph\">Despr\u00e9s, ens vam dividir en tres grups i ens van repartir els micr\u00f2fons ensenyant-nos com funcionaven. Hav\u00edem de grabar diferents sons, un del grup anava amb els ulls tapats i els altres dos el guiaven. Vam gravar sons com a ara les fulles seques, el so de les pedres, del vent, de l\u2019aigua i tot all\u00f2 que ens semblava un bon so. Durant el trajecte anant a l\u2019institut vam veure una placa amb el s\u00edmbol de la conxa del cam\u00ed de Sant Jaume, que indica que per all\u00ed passa el cam\u00ed que va cap a Santiago de Compostela. <\/p>\n\n\n\n<figure class=\"wp-block-gallery has-nested-images columns-default is-cropped wp-block-gallery-2 is-layout-flex wp-block-gallery-is-layout-flex\">\n<figure class=\"wp-block-image size-large\"><img loading=\"lazy\" decoding=\"async\" width=\"1024\" height=\"685\" data-id=\"78\" src=\"\/ramonberengueramposta2026\/wp-content\/uploads\/2025\/11\/25_10_2913-1024x685.jpg\" alt=\"\" class=\"wp-image-78\" srcset=\"\/ramonberengueramposta2026\/wp-content\/uploads\/2025\/11\/25_10_2913-1024x685.jpg 1024w, \/ramonberengueramposta2026\/wp-content\/uploads\/2025\/11\/25_10_2913-300x201.jpg 300w, \/ramonberengueramposta2026\/wp-content\/uploads\/2025\/11\/25_10_2913-768x514.jpg 768w, \/ramonberengueramposta2026\/wp-content\/uploads\/2025\/11\/25_10_2913-1536x1028.jpg 1536w, \/ramonberengueramposta2026\/wp-content\/uploads\/2025\/11\/25_10_2913-2048x1371.jpg 2048w\" sizes=\"auto, (max-width: 767px) 89vw, (max-width: 1000px) 54vw, (max-width: 1071px) 543px, 580px\" \/><\/figure>\n\n\n\n<figure class=\"wp-block-image size-large\"><img loading=\"lazy\" decoding=\"async\" width=\"1024\" height=\"685\" data-id=\"79\" src=\"\/ramonberengueramposta2026\/wp-content\/uploads\/2025\/11\/25_10_2915-1024x685.jpg\" alt=\"\" class=\"wp-image-79\" srcset=\"\/ramonberengueramposta2026\/wp-content\/uploads\/2025\/11\/25_10_2915-1024x685.jpg 1024w, \/ramonberengueramposta2026\/wp-content\/uploads\/2025\/11\/25_10_2915-300x201.jpg 300w, \/ramonberengueramposta2026\/wp-content\/uploads\/2025\/11\/25_10_2915-768x514.jpg 768w, \/ramonberengueramposta2026\/wp-content\/uploads\/2025\/11\/25_10_2915-1536x1028.jpg 1536w, \/ramonberengueramposta2026\/wp-content\/uploads\/2025\/11\/25_10_2915-2048x1371.jpg 2048w\" sizes=\"auto, (max-width: 767px) 89vw, (max-width: 1000px) 54vw, (max-width: 1071px) 543px, 580px\" \/><\/figure>\n<\/figure>\n\n\n\n<p class=\"wp-block-paragraph\">Vam continuar caminant fins arribar a l\u2019institut i a la classe vam continuargravant diferents objectes amb textures especials, utilitzant el zoom i l\u2019enfocament. <\/p>\n\n\n\n<p class=\"wp-block-paragraph\">Vam passar una bona estona!\u00a0<\/p>\n\n\n\n<p class=\"wp-block-paragraph\">Alumnat de 3E<\/p>\n","protected":false},"excerpt":{"rendered":"<p>El dia 29 d\u2019octubre vam anar al pont penjat d\u2019Amposta. Quan vam sortir del centre a les 13:00h, hi havia n\u00favols, no vol\u00edem que plogu\u00e9s. Vam arribar fins al Pont. All\u00ed vam llegir la hist\u00f2ria del pont que est\u00e0 escrita a un plaf\u00f3 que hi ha abans de creuar el pont. Despr\u00e9s vam passar el &hellip; <\/p>\n<p class=\"link-more\"><a href=\"\/ramonberengueramposta2026\/primers-registres-sonors-anem-fins-el-pont-penjant\/\" class=\"more-link\">Continua llegint <span class=\"screen-reader-text\">\u00abPrimers registres sonors&#8230; anem fins el pont penjant!\u00bb<\/span><\/a><\/p>\n","protected":false},"author":3,"featured_media":0,"comment_status":"closed","ping_status":"","sticky":false,"template":"","format":"standard","meta":{"footnotes":""},"categories":[1],"tags":[],"class_list":["post-72","post","type-post","status-publish","format-standard","hentry","category-general"],"_links":{"self":[{"href":"\/ramonberengueramposta2026\/wp-json\/wp\/v2\/posts\/72","targetHints":{"allow":["GET"]}}],"collection":[{"href":"\/ramonberengueramposta2026\/wp-json\/wp\/v2\/posts"}],"about":[{"href":"\/ramonberengueramposta2026\/wp-json\/wp\/v2\/types\/post"}],"author":[{"embeddable":true,"href":"\/ramonberengueramposta2026\/wp-json\/wp\/v2\/users\/3"}],"replies":[{"embeddable":true,"href":"\/ramonberengueramposta2026\/wp-json\/wp\/v2\/comments?post=72"}],"version-history":[{"count":1,"href":"\/ramonberengueramposta2026\/wp-json\/wp\/v2\/posts\/72\/revisions"}],"predecessor-version":[{"id":81,"href":"\/ramonberengueramposta2026\/wp-json\/wp\/v2\/posts\/72\/revisions\/81"}],"wp:attachment":[{"href":"\/ramonberengueramposta2026\/wp-json\/wp\/v2\/media?parent=72"}],"wp:term":[{"taxonomy":"category","embeddable":true,"href":"\/ramonberengueramposta2026\/wp-json\/wp\/v2\/categories?post=72"},{"taxonomy":"post_tag","embeddable":true,"href":"\/ramonberengueramposta2026\/wp-json\/wp\/v2\/tags?post=72"}],"curies":[{"name":"wp","href":"https:\/\/api.w.org\/{rel}","templated":true}]}}