{"id":378,"date":"2024-12-03T20:35:05","date_gmt":"2024-12-03T18:35:05","guid":{"rendered":"\/ribera2025\/?p=378"},"modified":"2024-12-03T20:35:05","modified_gmt":"2024-12-03T18:35:05","slug":"comencem-natalia-dominguez-ja-es-a-la-ribera","status":"publish","type":"post","link":"\/ribera2025\/comencem-natalia-dominguez-ja-es-a-la-ribera\/","title":{"rendered":"COMENCEM: NATALIA DOM\u00cdNGUEZ  JA \u00c9S A LA RIBERA!"},"content":{"rendered":"\n<p class=\"wp-block-paragraph\"><\/p>\n\n\n\n<figure class=\"wp-block-image size-full\"><img loading=\"lazy\" decoding=\"async\" width=\"512\" height=\"512\" src=\"\/ribera2025\/wp-content\/uploads\/2024\/12\/NAtaliadominguez-1.jpg\" alt=\"\" class=\"wp-image-383\" srcset=\"\/ribera2025\/wp-content\/uploads\/2024\/12\/NAtaliadominguez-1.jpg 512w, \/ribera2025\/wp-content\/uploads\/2024\/12\/NAtaliadominguez-1-300x300.jpg 300w, \/ribera2025\/wp-content\/uploads\/2024\/12\/NAtaliadominguez-1-150x150.jpg 150w, \/ribera2025\/wp-content\/uploads\/2024\/12\/NAtaliadominguez-1-100x100.jpg 100w\" sizes=\"auto, (max-width: 512px) 100vw, 512px\" \/><\/figure>\n\n\n\n<div class=\"wp-block-group has-global-padding is-layout-constrained wp-block-group-is-layout-constrained\">\n<p class=\"has-text-align-left wp-block-paragraph\">A l&#8217;<strong>Institut La Ribera de Montcada i Reixac<\/strong> ja ha arribat la nostra artista resident. Tenim la gran sort de comptar amb la genu\u00efna <a href=\"https:\/\/www.nataliadominguez.com\/\" data-type=\"link\" data-id=\"https:\/\/www.nataliadominguez.com\/\"><strong>Nat\u00e0lia Dom\u00ednguez<\/strong><\/a>, o com ella mateixa es presenta: la nostra <em><strong>artista instal\u00b7lativa<\/strong><\/em>. <\/p>\n\n\n\n<p class=\"has-text-align-left wp-block-paragraph\">Com us heu quedat despr\u00e9s de sentir  <em><strong>artista instal\u00b7lativa?<\/strong><\/em> Per a nosaltres, era el primer cop que sent\u00edem un terme com aquest i intent\u00e0vem esbrinar quin tipus d&#8217;art treballava. La Natalia ens va presentar una de les seves obres per comen\u00e7ar a treballar el concepte de l&#8217;art, i ens vam adonar, des del primer moment en qu\u00e8 la vam projectar a classe,  que l&#8217;art no era el que fins ara hav\u00edem imaginat. <\/p>\n<\/div>\n\n\n\n<p class=\"wp-block-paragraph\">I \u00e9s que per a la nostra artista, la <strong>Natalia Dom\u00ednguez<\/strong>, la instal\u00b7laci\u00f3 <em>li permet aprofundir amb la import\u00e0ncia i el significat del material i el poder que t\u00e9 per poder establir una relaci\u00f3 entre la pe\u00e7a art\u00edstica i la persona.<\/em> Tamb\u00e9, ens vam adonar que el <a href=\"https:\/\/www.nataliadominguez.com\/como-se-condensa-el-vapor-de-agua\/\" data-type=\"link\" data-id=\"https:\/\/www.nataliadominguez.com\/como-se-condensa-el-vapor-de-agua\/\">so cobrava molta import\u00e0ncia<\/a> i molts cops no \u00e9s el que ens imaginem. Podem crear, canviar el que sembla aparent. No deixeu d&#8217;experimentar amb la seva obra! Podeu modificar els sons de la pe\u00e7a que us presentem a continuaci\u00f3: <a href=\"https:\/\/www.reartdata.net\/es\/natalia-dominguez\/como-se-condensa-el-vapor-de-agua\" data-type=\"link\" data-id=\"https:\/\/www.reartdata.net\/es\/natalia-dominguez\/como-se-condensa-el-vapor-de-agua\">Com s&#8217;evapora el vapor d&#8217;aig<\/a>ua.<\/p>\n\n\n\n<p class=\"wp-block-paragraph\">Aix\u00ed doncs, se&#8217;ns presenta un curs d&#8217;all\u00f2 m\u00e9s&#8230; inesperat! <\/p>\n\n\n\n<p class=\"wp-block-paragraph\"><\/p>\n","protected":false},"excerpt":{"rendered":"<p>A l&#8217;Institut La Ribera de Montcada i Reixac ja ha arribat la nostra artista resident. Tenim la gran sort de comptar amb la genu\u00efna Nat\u00e0lia Dom\u00ednguez, o com ella mateixa es presenta: la nostra artista instal\u00b7lativa. Com us heu quedat despr\u00e9s de sentir artista instal\u00b7lativa? Per a nosaltres, era el primer cop que sent\u00edem un [&hellip;]<\/p>\n","protected":false},"author":13,"featured_media":0,"comment_status":"open","ping_status":"open","sticky":false,"template":"","format":"standard","meta":{"footnotes":""},"categories":[4],"tags":[],"class_list":["post-378","post","type-post","status-publish","format-standard","hentry","category-natalia-dominguez-a-linstitut-la-ribera-de-montcada-i-reixac"],"_links":{"self":[{"href":"\/ribera2025\/wp-json\/wp\/v2\/posts\/378","targetHints":{"allow":["GET"]}}],"collection":[{"href":"\/ribera2025\/wp-json\/wp\/v2\/posts"}],"about":[{"href":"\/ribera2025\/wp-json\/wp\/v2\/types\/post"}],"author":[{"embeddable":true,"href":"\/ribera2025\/wp-json\/wp\/v2\/users\/13"}],"replies":[{"embeddable":true,"href":"\/ribera2025\/wp-json\/wp\/v2\/comments?post=378"}],"version-history":[{"count":1,"href":"\/ribera2025\/wp-json\/wp\/v2\/posts\/378\/revisions"}],"predecessor-version":[{"id":385,"href":"\/ribera2025\/wp-json\/wp\/v2\/posts\/378\/revisions\/385"}],"wp:attachment":[{"href":"\/ribera2025\/wp-json\/wp\/v2\/media?parent=378"}],"wp:term":[{"taxonomy":"category","embeddable":true,"href":"\/ribera2025\/wp-json\/wp\/v2\/categories?post=378"},{"taxonomy":"post_tag","embeddable":true,"href":"\/ribera2025\/wp-json\/wp\/v2\/tags?post=378"}],"curies":[{"name":"wp","href":"https:\/\/api.w.org\/{rel}","templated":true}]}}