{"id":386,"date":"2024-12-03T21:03:55","date_gmt":"2024-12-03T19:03:55","guid":{"rendered":"\/ribera2025\/?p=386"},"modified":"2024-12-03T21:09:24","modified_gmt":"2024-12-03T19:09:24","slug":"lart-dallo-que-penja","status":"publish","type":"post","link":"\/ribera2025\/lart-dallo-que-penja\/","title":{"rendered":"L&#8217;ART D&#8217;ALL\u00d2 QUE PENJA"},"content":{"rendered":"\n<p class=\"wp-block-paragraph\">Durant la darrera sessi\u00f3 li hem preguntat a la<strong> Natalia Dom\u00ednguez<\/strong>, l&#8217;artista  En Resid\u00e8ncia de La Ribera, quina era la seva obra d&#8217;art preferida. Ens va sorprendre tant que ens digu\u00e9s que les seves obres d&#8217;arts s&#8217;inspiren amb els objectes que poden penjar dels arbres que ens vam q\u00fcestionar quins eren els seus referents.<\/p>\n\n\n\n<figure class=\"wp-block-gallery alignright has-nested-images columns-default is-cropped wp-block-gallery-1 is-layout-flex wp-block-gallery-is-layout-flex\">\n<figure class=\"wp-block-image size-full is-style-rounded\"><img loading=\"lazy\" decoding=\"async\" width=\"400\" height=\"225\" data-id=\"382\" src=\"\/ribera2025\/wp-content\/uploads\/2024\/12\/Paracaigudes_Natalia-Dominguez.webp\" alt=\"\" class=\"wp-image-382\" srcset=\"\/ribera2025\/wp-content\/uploads\/2024\/12\/Paracaigudes_Natalia-Dominguez.webp 400w, \/ribera2025\/wp-content\/uploads\/2024\/12\/Paracaigudes_Natalia-Dominguez-300x169.webp 300w\" sizes=\"auto, (max-width: 400px) 100vw, 400px\" \/><\/figure>\n<\/figure>\n\n\n\n<figure class=\"wp-block-gallery aligncenter has-nested-images columns-default is-cropped wp-block-gallery-2 is-layout-flex wp-block-gallery-is-layout-flex\"><\/figure>\n\n\n\n<details class=\"wp-block-details is-layout-flow wp-block-details-is-layout-flow\"><summary><\/summary>\n<p class=\"wp-block-paragraph\"><\/p>\n<\/details>\n\n\n\n<p class=\"wp-block-paragraph\"><\/p>\n\n\n\n<figure class=\"wp-block-image size-full\"><img loading=\"lazy\" decoding=\"async\" width=\"183\" height=\"275\" src=\"\/ribera2025\/wp-content\/uploads\/2024\/12\/images.jpg\" alt=\"\" class=\"wp-image-380\"\/><figcaption class=\"wp-element-caption\">Paraca\u00eddas. Obra de Natalia Dom\u00ednguez<\/figcaption><\/figure>\n\n\n\n<p class=\"wp-block-paragraph\"><\/p>\n\n\n\n<p class=\"wp-block-paragraph\"><\/p>\n\n\n\n<p class=\"wp-block-paragraph\">La Natalia ens va comentar que una de les obres que m\u00e9s li agradava era Aire de Par\u00eds de <strong>Marcel Duchamp<\/strong>. Ens va comentar que la pe\u00e7a d&#8217;art NO ERA L&#8217;AMPOLLA, sin\u00f3 l&#8217;aire tancat en ella. Aix\u00ed, vam comen\u00e7ar un di\u00e0leg partint de la pregunta que ressonava dins dels nostres caps: <strong>com podia ser all\u00f2 art?<\/strong> <\/p>\n\n\n\n<div class=\"wp-block-columns is-layout-flex wp-container-core-columns-is-layout-794e3cfa wp-block-columns-is-layout-flex\">\n<div class=\"wp-block-column is-layout-flow wp-block-column-is-layout-flow\" style=\"flex-basis:100%\">\n<figure class=\"wp-block-gallery has-nested-images columns-default is-cropped wp-block-gallery-3 is-layout-flex wp-block-gallery-is-layout-flex\">\n<figure class=\"wp-block-image size-full is-style-rounded\"><img loading=\"lazy\" decoding=\"async\" width=\"182\" height=\"277\" data-id=\"388\" src=\"\/ribera2025\/wp-content\/uploads\/2024\/12\/Aire-de-Paris.jpg\" alt=\"\" class=\"wp-image-388\"\/><\/figure>\n<\/figure>\n<\/div>\n<\/div>\n\n\n\n<p class=\"wp-block-paragraph\"><\/p>\n\n\n\n<p class=\"wp-block-paragraph\">Aquesta primera pregunta ens va dur a d&#8217;altres que encara estem intentant respondre: <strong>tot pot ser art? Tota pe\u00e7a d&#8217;art ha de tenir un sentit? Quin \u00e9s el valor de l&#8217;art?<\/strong> <strong>Jo puc fer art?<\/strong><\/p>\n\n\n\n<p class=\"wp-block-paragraph\"><\/p>\n","protected":false},"excerpt":{"rendered":"<p>Durant la darrera sessi\u00f3 li hem preguntat a la Natalia Dom\u00ednguez, l&#8217;artista En Resid\u00e8ncia de La Ribera, quina era la seva obra d&#8217;art preferida. Ens va sorprendre tant que ens digu\u00e9s que les seves obres d&#8217;arts s&#8217;inspiren amb els objectes que poden penjar dels arbres que ens vam q\u00fcestionar quins eren els seus referents. La [&hellip;]<\/p>\n","protected":false},"author":13,"featured_media":0,"comment_status":"open","ping_status":"open","sticky":false,"template":"","format":"standard","meta":{"footnotes":""},"categories":[4,1],"tags":[],"class_list":["post-386","post","type-post","status-publish","format-standard","hentry","category-natalia-dominguez-a-linstitut-la-ribera-de-montcada-i-reixac","category-general"],"_links":{"self":[{"href":"\/ribera2025\/wp-json\/wp\/v2\/posts\/386","targetHints":{"allow":["GET"]}}],"collection":[{"href":"\/ribera2025\/wp-json\/wp\/v2\/posts"}],"about":[{"href":"\/ribera2025\/wp-json\/wp\/v2\/types\/post"}],"author":[{"embeddable":true,"href":"\/ribera2025\/wp-json\/wp\/v2\/users\/13"}],"replies":[{"embeddable":true,"href":"\/ribera2025\/wp-json\/wp\/v2\/comments?post=386"}],"version-history":[{"count":3,"href":"\/ribera2025\/wp-json\/wp\/v2\/posts\/386\/revisions"}],"predecessor-version":[{"id":393,"href":"\/ribera2025\/wp-json\/wp\/v2\/posts\/386\/revisions\/393"}],"wp:attachment":[{"href":"\/ribera2025\/wp-json\/wp\/v2\/media?parent=386"}],"wp:term":[{"taxonomy":"category","embeddable":true,"href":"\/ribera2025\/wp-json\/wp\/v2\/categories?post=386"},{"taxonomy":"post_tag","embeddable":true,"href":"\/ribera2025\/wp-json\/wp\/v2\/tags?post=386"}],"curies":[{"name":"wp","href":"https:\/\/api.w.org\/{rel}","templated":true}]}}