{"id":397,"date":"2024-12-03T21:33:08","date_gmt":"2024-12-03T19:33:08","guid":{"rendered":"\/ribera2025\/?p=397"},"modified":"2024-12-03T21:33:08","modified_gmt":"2024-12-03T19:33:08","slug":"el-material-peca-clau","status":"publish","type":"post","link":"\/ribera2025\/el-material-peca-clau\/","title":{"rendered":"EL MATERIAL, pe\u00e7a clau."},"content":{"rendered":"\n<p class=\"wp-block-paragraph\">Amb la Nat\u00e0lia ens hem adonat que el material de l&#8217;obra \u00e9s tan important com l&#8217;obra mateixa. Per aquest motiu ens ha ensenyat obres fetes amb material que acaba desapareixent, com un ninot de neu, o l&#8217;aire com el que pot haver-hi a l&#8217;interior d&#8217;un globus. Tamb\u00e9 hem parlat de l&#8217;absurd que pot ser l&#8217;art i hem vist fotografies de molta gent junta per fer tots un mateix moviment alhora. <\/p>\n\n\n\n<p class=\"wp-block-paragraph\">Amb tota aquesta informaci\u00f3, hem triat que far\u00edem una primera experimentaci\u00f3 per plasmar<em> <strong>paraules<\/strong><\/em> que tamb\u00e9 poden desapar\u00e8ixer i hem sortit al carrer a escoltar els nostres ve\u00efns i ve\u00efnes. Hem hagut de passar desapercebuts i d&#8217;escoltar amb detall i anotar aquelles paraules que deien. Amb tot, hem fet un primer treball que vam gaudir molt des de la calma i la improvisaci\u00f3.<\/p>\n\n\n\n<figure class=\"wp-block-image size-large is-resized\"><img loading=\"lazy\" decoding=\"async\" width=\"1024\" height=\"771\" src=\"\/ribera2025\/wp-content\/uploads\/2024\/12\/Cartell_paraules-1-1024x771.jpg\" alt=\"\" class=\"wp-image-399\" style=\"width:487px;height:auto\" srcset=\"\/ribera2025\/wp-content\/uploads\/2024\/12\/Cartell_paraules-1-1024x771.jpg 1024w, \/ribera2025\/wp-content\/uploads\/2024\/12\/Cartell_paraules-1-300x226.jpg 300w, \/ribera2025\/wp-content\/uploads\/2024\/12\/Cartell_paraules-1-768x578.jpg 768w, \/ribera2025\/wp-content\/uploads\/2024\/12\/Cartell_paraules-1-1536x1157.jpg 1536w, \/ribera2025\/wp-content\/uploads\/2024\/12\/Cartell_paraules-1-2048x1542.jpg 2048w\" sizes=\"auto, (max-width: 1024px) 100vw, 1024px\" \/><figcaption class=\"wp-element-caption\">Treball sobre les paraules de l&#8217;alumnat de 3r d&#8217;ESO d&#8217;En Resid\u00e8ncia a l&#8217;Institut la Ribera.<\/figcaption><\/figure>\n\n\n\n<p class=\"wp-block-paragraph\"><\/p>\n","protected":false},"excerpt":{"rendered":"<p>Amb la Nat\u00e0lia ens hem adonat que el material de l&#8217;obra \u00e9s tan important com l&#8217;obra mateixa. Per aquest motiu ens ha ensenyat obres fetes amb material que acaba desapareixent, com un ninot de neu, o l&#8217;aire com el que pot haver-hi a l&#8217;interior d&#8217;un globus. Tamb\u00e9 hem parlat de l&#8217;absurd que pot ser l&#8217;art [&hellip;]<\/p>\n","protected":false},"author":13,"featured_media":0,"comment_status":"open","ping_status":"open","sticky":false,"template":"","format":"standard","meta":{"footnotes":""},"categories":[4,1],"tags":[],"class_list":["post-397","post","type-post","status-publish","format-standard","hentry","category-natalia-dominguez-a-linstitut-la-ribera-de-montcada-i-reixac","category-general"],"_links":{"self":[{"href":"\/ribera2025\/wp-json\/wp\/v2\/posts\/397","targetHints":{"allow":["GET"]}}],"collection":[{"href":"\/ribera2025\/wp-json\/wp\/v2\/posts"}],"about":[{"href":"\/ribera2025\/wp-json\/wp\/v2\/types\/post"}],"author":[{"embeddable":true,"href":"\/ribera2025\/wp-json\/wp\/v2\/users\/13"}],"replies":[{"embeddable":true,"href":"\/ribera2025\/wp-json\/wp\/v2\/comments?post=397"}],"version-history":[{"count":1,"href":"\/ribera2025\/wp-json\/wp\/v2\/posts\/397\/revisions"}],"predecessor-version":[{"id":402,"href":"\/ribera2025\/wp-json\/wp\/v2\/posts\/397\/revisions\/402"}],"wp:attachment":[{"href":"\/ribera2025\/wp-json\/wp\/v2\/media?parent=397"}],"wp:term":[{"taxonomy":"category","embeddable":true,"href":"\/ribera2025\/wp-json\/wp\/v2\/categories?post=397"},{"taxonomy":"post_tag","embeddable":true,"href":"\/ribera2025\/wp-json\/wp\/v2\/tags?post=397"}],"curies":[{"name":"wp","href":"https:\/\/api.w.org\/{rel}","templated":true}]}}