{"id":403,"date":"2024-12-03T22:03:37","date_gmt":"2024-12-03T20:03:37","guid":{"rendered":"\/ribera2025\/?p=403"},"modified":"2024-12-03T22:03:37","modified_gmt":"2024-12-03T20:03:37","slug":"el-so-realitat-o-ficcio","status":"publish","type":"post","link":"\/ribera2025\/el-so-realitat-o-ficcio\/","title":{"rendered":"EL SO, realitat o ficci\u00f3."},"content":{"rendered":"\n<p class=\"wp-block-paragraph\">La Natalia ens  ha parlat molts cops de la import\u00e0ncia del so. Hem compartit una conversa  que partia de l&#8217;experi\u00e8ncia personal de la Natalia quan a la pand\u00e8mia es va veure obligada a sentir sorolls de la construcci\u00f3 mentre ella no podia sortir del seu estudi. Aix\u00f2, ens ha fet veure com hi ha sorolls presents en tots i totes que ens porten tamb\u00e9 a records de situacions on ens hem sentit, com tamb\u00e9 la Natalia, inc\u00f2modes. <\/p>\n\n\n\n<p class=\"wp-block-paragraph\"> L<strong>&#8216;Ibrahim<\/strong> <strong>Chitoui<\/strong>, company de classe, ha compartit, que quan ell es veu en aquesta situaci\u00f3, <em>transforma el soroll en melodia<\/em>, i la Nat\u00e0lia li ha comentat que aix\u00f2 \u00e9s el que van fer els adolescents que van comen\u00e7ar amb la creaci\u00f3 de l&#8217;actual <strong><em>m\u00fasica Techno<\/em><\/strong>.  Hem vist com els sons industrials que ens envolten avui en dia, van acabar sent m\u00fasica d&#8217;una generaci\u00f3 passada.<\/p>\n\n\n\n<p class=\"wp-block-paragraph\">La segona part de la sessi\u00f3 ha sigut escoltar el que ens envolta i hem fet deu minuts de silenci absolut i ens hem adonat que hi ha sons repetitius que ens envolten cont\u00ednuament.<\/p>\n\n\n\n<p class=\"wp-block-paragraph\">Per aquest motiu, la sessi\u00f3 del so ha acabat amb una producci\u00f3 i experimentaci\u00f3 del so. La Natalia ha portat unes gravadores professionals i hem comen\u00e7at a experimentar fent sorolls. L&#8217;<strong>Hugo Villar<\/strong> ha recuperat el concepte del <em><strong>Techno <\/strong><\/em>i ha expressat que ell es veuria fent una base musical amb els sons que ha enregistrat a la sessi\u00f3. <\/p>\n\n\n\n<p class=\"wp-block-paragraph\"><strong>Ser\u00e0 aquest el seg\u00fcent pas del nostre cam\u00ed en la creaci\u00f3 art\u00edstica?<\/strong><\/p>\n\n\n\n<figure class=\"wp-block-image size-large\"><img loading=\"lazy\" decoding=\"async\" width=\"771\" height=\"1024\" src=\"\/ribera2025\/wp-content\/uploads\/2024\/12\/IMG_20241128_130204-771x1024.jpg\" alt=\"\" class=\"wp-image-407\" style=\"aspect-ratio:3\/2;object-fit:cover\" srcset=\"\/ribera2025\/wp-content\/uploads\/2024\/12\/IMG_20241128_130204-771x1024.jpg 771w, \/ribera2025\/wp-content\/uploads\/2024\/12\/IMG_20241128_130204-226x300.jpg 226w, \/ribera2025\/wp-content\/uploads\/2024\/12\/IMG_20241128_130204-768x1020.jpg 768w, \/ribera2025\/wp-content\/uploads\/2024\/12\/IMG_20241128_130204-1157x1536.jpg 1157w, \/ribera2025\/wp-content\/uploads\/2024\/12\/IMG_20241128_130204-1542x2048.jpg 1542w, \/ribera2025\/wp-content\/uploads\/2024\/12\/IMG_20241128_130204-scaled.jpg 1928w\" sizes=\"auto, (max-width: 771px) 100vw, 771px\" \/><figcaption class=\"wp-element-caption\">Nat\u00e0lia Dom\u00ednguez amb l&#8217;Hugo Villar, l&#8217;Ibrahim Chitoui, l&#8217;Aleix Notario i la Lydia Santos compartint les experi\u00e8ncies de les gravacions.<\/figcaption><\/figure>\n\n\n\n<figure class=\"wp-block-image size-large\"><img loading=\"lazy\" decoding=\"async\" width=\"1024\" height=\"771\" src=\"\/ribera2025\/wp-content\/uploads\/2024\/12\/So1-1024x771.jpg\" alt=\"\" class=\"wp-image-404\" style=\"aspect-ratio:3\/2;object-fit:cover\" srcset=\"\/ribera2025\/wp-content\/uploads\/2024\/12\/So1-1024x771.jpg 1024w, \/ribera2025\/wp-content\/uploads\/2024\/12\/So1-300x226.jpg 300w, \/ribera2025\/wp-content\/uploads\/2024\/12\/So1-768x578.jpg 768w, \/ribera2025\/wp-content\/uploads\/2024\/12\/So1-1536x1157.jpg 1536w, \/ribera2025\/wp-content\/uploads\/2024\/12\/So1-2048x1542.jpg 2048w\" sizes=\"auto, (max-width: 1024px) 100vw, 1024px\" \/><figcaption class=\"wp-element-caption\">Hugo L\u00f3pez (al fons) i Ibrahim Citoui (a una banda de la fotografia). <\/figcaption><\/figure>\n\n\n\n<figure class=\"wp-block-image size-large is-resized\"><img loading=\"lazy\" decoding=\"async\" width=\"771\" height=\"1024\" src=\"\/ribera2025\/wp-content\/uploads\/2024\/12\/IMG_20241128_130237-771x1024.jpg\" alt=\"\" class=\"wp-image-406\" style=\"aspect-ratio:3\/2;object-fit:cover;width:535px;height:auto\" srcset=\"\/ribera2025\/wp-content\/uploads\/2024\/12\/IMG_20241128_130237-771x1024.jpg 771w, \/ribera2025\/wp-content\/uploads\/2024\/12\/IMG_20241128_130237-226x300.jpg 226w, \/ribera2025\/wp-content\/uploads\/2024\/12\/IMG_20241128_130237-768x1020.jpg 768w, \/ribera2025\/wp-content\/uploads\/2024\/12\/IMG_20241128_130237-1157x1536.jpg 1157w, \/ribera2025\/wp-content\/uploads\/2024\/12\/IMG_20241128_130237-1542x2048.jpg 1542w, \/ribera2025\/wp-content\/uploads\/2024\/12\/IMG_20241128_130237-scaled.jpg 1928w\" sizes=\"auto, (max-width: 771px) 100vw, 771px\" \/><figcaption class=\"wp-element-caption\">Enregistrament del so d&#8217;un ventilador a la Biblioteca de l&#8217;Institut La Ribera.<\/figcaption><\/figure>\n","protected":false},"excerpt":{"rendered":"<p>La Natalia ens ha parlat molts cops de la import\u00e0ncia del so. Hem compartit una conversa que partia de l&#8217;experi\u00e8ncia personal de la Natalia quan a la pand\u00e8mia es va veure obligada a sentir sorolls de la construcci\u00f3 mentre ella no podia sortir del seu estudi. Aix\u00f2, ens ha fet veure com hi ha sorolls [&hellip;]<\/p>\n","protected":false},"author":13,"featured_media":0,"comment_status":"open","ping_status":"open","sticky":false,"template":"","format":"standard","meta":{"footnotes":""},"categories":[4,1],"tags":[12,9,8,7,11,10],"class_list":["post-403","post","type-post","status-publish","format-standard","hentry","category-natalia-dominguez-a-linstitut-la-ribera-de-montcada-i-reixac","category-general","tag-aleix-notario","tag-el-so","tag-hugo-villar","tag-ibrahim-chitoui","tag-lydia-santos","tag-musica-techno"],"_links":{"self":[{"href":"\/ribera2025\/wp-json\/wp\/v2\/posts\/403","targetHints":{"allow":["GET"]}}],"collection":[{"href":"\/ribera2025\/wp-json\/wp\/v2\/posts"}],"about":[{"href":"\/ribera2025\/wp-json\/wp\/v2\/types\/post"}],"author":[{"embeddable":true,"href":"\/ribera2025\/wp-json\/wp\/v2\/users\/13"}],"replies":[{"embeddable":true,"href":"\/ribera2025\/wp-json\/wp\/v2\/comments?post=403"}],"version-history":[{"count":1,"href":"\/ribera2025\/wp-json\/wp\/v2\/posts\/403\/revisions"}],"predecessor-version":[{"id":408,"href":"\/ribera2025\/wp-json\/wp\/v2\/posts\/403\/revisions\/408"}],"wp:attachment":[{"href":"\/ribera2025\/wp-json\/wp\/v2\/media?parent=403"}],"wp:term":[{"taxonomy":"category","embeddable":true,"href":"\/ribera2025\/wp-json\/wp\/v2\/categories?post=403"},{"taxonomy":"post_tag","embeddable":true,"href":"\/ribera2025\/wp-json\/wp\/v2\/tags?post=403"}],"curies":[{"name":"wp","href":"https:\/\/api.w.org\/{rel}","templated":true}]}}