{"id":409,"date":"2024-12-03T22:35:20","date_gmt":"2024-12-03T20:35:20","guid":{"rendered":"\/ribera2025\/?p=409"},"modified":"2024-12-03T22:35:20","modified_gmt":"2024-12-03T20:35:20","slug":"la-deriva-existeix-el-silenci-absolut","status":"publish","type":"post","link":"\/ribera2025\/la-deriva-existeix-el-silenci-absolut\/","title":{"rendered":"LA DERIVA: existeix el silenci absolut?"},"content":{"rendered":"\n<p class=\"wp-block-paragraph\"><sub><strong>La Nat\u00e0lia Dom\u00ednguez<\/strong>, l\u2019artista resident, i <strong>Marc Balfag\u00f3n de l\u2019Afluent<\/strong>, el coordinador del programa han planificat una primera deriva per experimentar el silenci absolut a l\u2019\u00fanica sala d\u2019insonoritzaci\u00f3 dedicada a l\u2019estudi i la investigaci\u00f3 de Catalunya de la <strong>Universitat Ramon Llull-La Salle<\/strong>, en el marc del nostre proc\u00e9s creatiu.<\/sub><\/p>\n\n\n\n<p class=\"wp-block-paragraph\">El passat dijous 21 de novembre, l\u2019alumnat de 3r d\u2019ESO del programa En Resid\u00e8ncia 24-25 va visitar les instal\u00b7lacions de la Universitat Ramon Llull amb l\u2019objectiu de visitar l\u2019\u00fanica<strong> cambra anecoica<\/strong> de Catalunya i experimentar el silenci absolut, com a part del seu proc\u00e9s de creaci\u00f3 art\u00edstica que es dur\u00e0 a terme durant aquest curs escolar.<\/p>\n\n\n\n<p class=\"wp-block-paragraph\">Els nois i noies de 3r d\u2019ESO tamb\u00e9 van poder visitar una cambra dedicada a la producci\u00f3 musical, una sala immersiva, destinada a la creaci\u00f3 de jocs d\u2019animaci\u00f3 i pel\u00b7l\u00edcules,&nbsp; on van reflexionar sobre la import\u00e0ncia de l\u2019art tecnol\u00f2gic en l\u2019actualitat. A m\u00e9s a m\u00e9s, van veure projectes de rob\u00f2tica aplicada al m\u00f3n sanitari com bra\u00e7os rob\u00f2tics, robots parladors i experimentar amb la realitat augmentada. Amb paraules d&#8217;<strong>Ibrahim Chitoui<\/strong>, alumne de 3r d\u2019ESO de l\u2019Institut La Ribera: <em>amb aquesta sortida he tingut una oportunitat \u00fanica en la meva vida.<\/em>&nbsp;<\/p>\n\n\n\n<p class=\"wp-block-paragraph\">Des del grup de 3r d\u2019En Resid\u00e8ncia agra\u00efm, sincerament, l\u2019oportunitat a la Universitat Ramon Llull, a Nat\u00e0lia Dom\u00ednguez per la seva recomanaci\u00f3 i a en Marc per tota la gesti\u00f3 de la sortida.<\/p>\n\n\n\n<p class=\"wp-block-paragraph\">L<strong>&#8216;Ainhoa Umbert<\/strong> i la <strong>Xaviera Manzo<\/strong>, alumnes del programa EnResid\u00e8nica,  descriuen aix\u00ed els indrets m\u00e9s sorprenents de la nostra deriva:<\/p>\n\n\n\n<ol class=\"wp-block-list\">\n<li><strong>Sala ecoica de la Universitat Ramon Llull<\/strong>.<\/li>\n<\/ol>\n\n\n\n<p class=\"wp-block-paragraph\">Aquesta sala \u00e9s\u00a0 el contrari de l\u2019habitaci\u00f3 insonoritzada. Qualsevol so dins d\u2019aquesta habitaci\u00f3, se sent molt fort, amb el risc d\u2019arribar a quedar-te sord si la porta est\u00e0 tancada.<\/p>\n\n\n\n<div class=\"wp-block-cover\"><span aria-hidden=\"true\" class=\"wp-block-cover__background has-background-dim\"><\/span><img decoding=\"async\" class=\"wp-block-cover__image-background\" alt=\"Sala ecoica de la Universitat Ramon Llull.\nAquesta sala \u00e9s  el contrari de l\u2019habitaci\u00f3 insonoritzada. Qualsevol\nso dins d\u2019aquesta habitaci\u00f3, se sent molt fort, amb el risc d\u2019arribar a\nquedar-te sord si la porta est\u00e0 tancada.\n\" src=\"https:\/\/lh7-rt.googleusercontent.com\/docsz\/AD_4nXe_caldq41Gd_caiuNIPdoxib9i0d-aK08ahZS0UfHrxjlsfd1uYv3BVaPvHpGipplVQE4L8d60n4JaPznoe9Yhe-CAnfxLxxI3A9aBfFwGabvccX9KDqQAN7nFvMsAbnoHVSvznXT9pvEJMkaYy3I?key=dZqarEOlReXCtdykVulto6VQ\" data-object-fit=\"cover\"\/><div class=\"wp-block-cover__inner-container is-layout-flow wp-block-cover-is-layout-flow\">\n<p class=\"wp-block-paragraph\"><\/p>\n<\/div><\/div>\n\n\n\n<p class=\"wp-block-paragraph\">2. <strong>Sala anecoica de la Universitat Ramon Llull.<\/strong><br>Aquesta sala est\u00e0 plena d\u2019un material que fa que quan est\u00e0s dins, no se senti res. Les parets fan que no reboti el so. Quan vam entrar, a alguns de nosaltres ens va fer venir mal de cap, ja que \u00e9s una sensaci\u00f3 estranya i el cos no hi est\u00e0 acostumat.<\/p>\n\n\n\n<figure class=\"wp-block-image is-resized\"><img decoding=\"async\" src=\"https:\/\/lh7-rt.googleusercontent.com\/docsz\/AD_4nXc-5QVrkRvls68WmMxVAJoP-X93oeHhF8422xbxGKtPSEK2dmp1w4TJ2yGIXuZgOQ8aFbPjF03YSuA66DvnjoNLdRP4KbSWDL02FuuCPyvnGnnX1HXTM0MroihCOdMpN8DvvCs0RaFShtJsiS7OTK0?key=dZqarEOlReXCtdykVulto6VQ\" alt=\"\" style=\"aspect-ratio:3\/4;object-fit:cover;width:301px;height:auto\"\/><\/figure>\n\n\n\n<p class=\"wp-block-paragraph\">3. <strong>Sala de producci\u00f3 musical de la Universitat Ramon Llull.<img loading=\"lazy\" decoding=\"async\" width=\"294\" height=\"418\" src=\"https:\/\/lh7-rt.googleusercontent.com\/docsz\/AD_4nXc0gudRn9dy2XVaJFzKRF14O8vfKaFeYW9bTc3lVI1E5PcJvwm9mMA_clqe2TRql8orjlX2lXdl8CGZw9HGg6_Zlsw0ZvUUPOSG2AY5H3g_W4UAWEkO8Tw1Q0TFOitDLXy0WzT_BvePOeMc-V8yhWc?key=dZqarEOlReXCtdykVulto6VQ\"><\/strong><\/p>\n\n\n\n<p class=\"wp-block-paragraph\">Es poden veure diferents tipus d\u2019instruments per gravar el so que vulguis, mentre que les parets estan embolicades per un material d\u2019insonoritzaci\u00f3 per no sentir res des de fora.<\/p>\n\n\n\n<p class=\"wp-block-paragraph\"><strong>4. Sala immersiva de la Universitat Ramon Llull<\/strong>.<\/p>\n\n\n\n<p class=\"wp-block-paragraph\">Dins d\u2019aquest espai s\u2019utilitza la tecnologia per crear art i que aquest envolti&nbsp; les persones en una experi\u00e8ncia sensorial amb diferents imatges i sons.<\/p>\n\n\n\n<figure class=\"wp-block-image\"><img decoding=\"async\" src=\"https:\/\/lh7-rt.googleusercontent.com\/docsz\/AD_4nXd4O-MnTC5c_JYE4gxlVr17l4d40NDUH5YOmFyTVWRxPH8x7Jyr3drE22TATFdf1rvJ--jWg0ZTY2YjUhEC3QQHZv7om6otfg1kP-6W0ryKMia2nXxVyLF1SwXaNc0pUK1jwnKBJKbANvWRTl0NXw?key=dZqarEOlReXCtdykVulto6VQ\" alt=\"\"\/><\/figure>\n\n\n\n<figure class=\"wp-block-image\"><img decoding=\"async\" src=\"https:\/\/lh7-rt.googleusercontent.com\/docsz\/AD_4nXcyqooDfm1mXwoPsQP39Y4OdTfZLyKOFR1IXz2MHW4W4ZSiK_VdzDbZbKr90reqGUuz0Mv_myjdGg0XTV5tYPckANYA4DspxdTAg-bcsFD5W-MY7UIFrmTtpnhBsd0U8MeT_vrB07efRXgXu_z6BVY?key=dZqarEOlReXCtdykVulto6VQ\" alt=\"\" style=\"aspect-ratio:4\/3;object-fit:cover\"\/><\/figure>\n","protected":false},"excerpt":{"rendered":"<p>La Nat\u00e0lia Dom\u00ednguez, l\u2019artista resident, i Marc Balfag\u00f3n de l\u2019Afluent, el coordinador del programa han planificat una primera deriva per experimentar el silenci absolut a l\u2019\u00fanica sala d\u2019insonoritzaci\u00f3 dedicada a l\u2019estudi i la investigaci\u00f3 de Catalunya de la Universitat Ramon Llull-La Salle, en el marc del nostre proc\u00e9s creatiu. El passat dijous 21 de novembre, [&hellip;]<\/p>\n","protected":false},"author":13,"featured_media":0,"comment_status":"open","ping_status":"open","sticky":false,"template":"","format":"standard","meta":{"footnotes":""},"categories":[4,1],"tags":[13,7,14],"class_list":["post-409","post","type-post","status-publish","format-standard","hentry","category-natalia-dominguez-a-linstitut-la-ribera-de-montcada-i-reixac","category-general","tag-ainhoa-umbert","tag-ibrahim-chitoui","tag-xaviera-rasso"],"_links":{"self":[{"href":"\/ribera2025\/wp-json\/wp\/v2\/posts\/409","targetHints":{"allow":["GET"]}}],"collection":[{"href":"\/ribera2025\/wp-json\/wp\/v2\/posts"}],"about":[{"href":"\/ribera2025\/wp-json\/wp\/v2\/types\/post"}],"author":[{"embeddable":true,"href":"\/ribera2025\/wp-json\/wp\/v2\/users\/13"}],"replies":[{"embeddable":true,"href":"\/ribera2025\/wp-json\/wp\/v2\/comments?post=409"}],"version-history":[{"count":1,"href":"\/ribera2025\/wp-json\/wp\/v2\/posts\/409\/revisions"}],"predecessor-version":[{"id":410,"href":"\/ribera2025\/wp-json\/wp\/v2\/posts\/409\/revisions\/410"}],"wp:attachment":[{"href":"\/ribera2025\/wp-json\/wp\/v2\/media?parent=409"}],"wp:term":[{"taxonomy":"category","embeddable":true,"href":"\/ribera2025\/wp-json\/wp\/v2\/categories?post=409"},{"taxonomy":"post_tag","embeddable":true,"href":"\/ribera2025\/wp-json\/wp\/v2\/tags?post=409"}],"curies":[{"name":"wp","href":"https:\/\/api.w.org\/{rel}","templated":true}]}}