{"id":412,"date":"2025-01-13T00:24:02","date_gmt":"2025-01-12T22:24:02","guid":{"rendered":"\/ribera2025\/?p=412"},"modified":"2025-01-13T00:24:02","modified_gmt":"2025-01-12T22:24:02","slug":"a-la-tercera-hora-obrim-camins","status":"publish","type":"post","link":"\/ribera2025\/a-la-tercera-hora-obrim-camins\/","title":{"rendered":"A la tercera hora: obrim camins!"},"content":{"rendered":"\n<p class=\"wp-block-paragraph\">Aquest primer trimestre hem reflexionat amb la Nat\u00e0lia sobre:  <strong>qu\u00e8 \u00e9s l&#8217;art?<\/strong> Una de les m\u00faltiples interpretacions possibles va ser que l&#8217;art \u00e9s <strong>emoci\u00f3<\/strong> i, per aquest motiu, un <strong>cam\u00ed de comunicaci\u00f3<\/strong>, una manera de <strong>construir ponts entre els \u00e9ssers humans<\/strong>, mitjan\u00e7ant la connexi\u00f3 emocional.  L&#8217;art emociona, podem sentir el mateix que l&#8217;altre, per\u00f2 cadasc\u00fa, a partir d&#8217;un aspecte diferent de la pe\u00e7a art\u00edstica: potser m&#8217;esgarrifa la sensaci\u00f3 del tacte d&#8217;un material espec\u00edfic, o  la sonoritat met\u00e0l\u00b7lica de l&#8217;obra em transporta a la inf\u00e0ncia. Per\u00f2, <strong>com podem arribar a l&#8217;altre si no som conscients del que nosaltres mateixos sentim, d&#8217;en quin moment vital estic i vull transmetre?<\/strong> Per aquest motiu, l&#8217;estrat\u00e8gia duta a terme durant la tercera hora va ser una activitat basada en un curs de formaci\u00f3 del professorat del nostre institut, La Ribera, per part d&#8217;Isabel Cord\u00f3n, coordinadora del <em>M\u00e0ster en Ecologia Emocional<\/em>.<\/p>\n\n\n\n<p class=\"wp-block-paragraph\">Segons la nostra artista, la Natalia Dom\u00ednguez, hem d&#8217;<strong>acostumar la ment a observar el paisatge amb els cinc sentits<\/strong> i vaig proposar a l&#8217;alumnat d&#8217;En Resid\u00e8ncia a <strong>observar el seu paisatge interior <\/strong>per saber quin estat emocional s&#8217;hi amaga a dins i poder-lo <strong>desconstruir<\/strong> i tornar a <strong>donar forma en una pe\u00e7a d&#8217;art <\/strong>per descobrir si <strong>alg\u00fa m\u00e9s se sent igual en entrar en contacte amb aquesta.<\/strong><\/p>\n\n\n\n<p class=\"wp-block-paragraph\">En primer lloc, vaig projectar uns mapes de l&#8217;Edat Medieval on apareixen uns dracs i  vaig preguntar quin devia ser el seu significat en el mapa. Mentre uns opinaven que significa perill, no hi vagis per aquestes aig\u00fces; altres opinaven que \u00e9s una oportunitat de descobrir nous mons. Amb aquesta met\u00e0fora, vaig obrir el di\u00e0leg de l&#8217;oportunitat de sortir de la zona de confort, com l&#8217;art escult\u00f2ric que treballar\u00edem en unes sessions amb la Natalia. <strong>En el teu mapa, on estan situats els teus dracs?<\/strong><\/p>\n\n\n\n<figure class=\"wp-block-image size-large\"><img loading=\"lazy\" decoding=\"async\" width=\"1024\" height=\"768\" src=\"\/ribera2025\/wp-content\/uploads\/2025\/01\/image-1024x768.png\" alt=\"\" class=\"wp-image-413\" srcset=\"\/ribera2025\/wp-content\/uploads\/2025\/01\/image-1024x768.png 1024w, \/ribera2025\/wp-content\/uploads\/2025\/01\/image-300x225.png 300w, \/ribera2025\/wp-content\/uploads\/2025\/01\/image-768x576.png 768w, \/ribera2025\/wp-content\/uploads\/2025\/01\/image.png 1200w\" sizes=\"auto, (max-width: 1024px) 100vw, 1024px\" \/><\/figure>\n\n\n\n<p class=\"wp-block-paragraph\">En segon lloc, vaig repartir per la classe diferents fotografies de  paisatges (terra, taules, parets, cadires) i, en silenci, pausadament en van triar una i seure al seu costat sense agafar-la. Nom\u00e9s l&#8217;han de triar amb la premissa:<strong> aquest \u00e9s el meu paisatge interior<\/strong>. Llavors, cadasc\u00fa parla de la tria del seu paisatge i els motius de la seva elecci\u00f3. Totes les respostes s\u00f3n escoltades i no jutjades: pel color, pel dibuix, perqu\u00e8 representa el meu estat d&#8217;avui, perqu\u00e8 aix\u00ed em sento, perqu\u00e8 m&#8217;ha fet gr\u00e0cia, perqu\u00e8 em recorda a l&#8217;olor de la cuina de la meva mare, no s\u00e9 molt b\u00e9 per qu\u00e8, etc.<\/p>\n\n\n\n<p class=\"wp-block-paragraph\">En tercer i \u00faltim lloc, ens adonem que tots sentim i tenim paisatges interns similars amb pors, inseguretats, alegries, records d&#8217;infantesa, esperances o somnis i objectius. Tots som diferents, per\u00f2 podem sentir igual; podem connectar amb els altres si m&#8217;atreveixo a rec\u00f3rrer camins d&#8217;expressi\u00f3 m\u00e9s enll\u00e0 dels meus dracs.<\/p>\n\n\n\n<p class=\"wp-block-paragraph\"> Aix\u00ed doncs, com vam experimentar amb la Natalia i l&#8217;elecci\u00f3 d&#8217;un croissant per esmorzar d&#8217;un dels integrants del nostre grup, si podem arribar a ser conscients de les emocions que hi ha darrere les nostres tries di\u00e0ries, per molt banals que puguin semblar, podrem comen\u00e7ar a construir camins entre nosaltres i trobar-nos-hi al bell mig: <\/p>\n\n\n\n<p class=\"wp-block-paragraph\">&#8211; Avui, he esmorzat un croissant.<\/p>\n\n\n\n<p class=\"wp-block-paragraph\">-I, per qu\u00e8?<\/p>\n\n\n\n<p class=\"wp-block-paragraph\">&#8211; Perqu\u00e8 m&#8217;agrada.<\/p>\n\n\n\n<p class=\"wp-block-paragraph\">-Per qu\u00e8 t&#8217;agrada?<\/p>\n\n\n\n<p class=\"wp-block-paragraph\">&#8211; M&#8217;agrada perqu\u00e8 \u00e9s tou.<\/p>\n\n\n\n<p class=\"wp-block-paragraph\">-I, per qu\u00e8 t&#8217;agrada?<\/p>\n\n\n\n<p class=\"wp-block-paragraph\">&#8211; M&#8217;agrada que sigui tou, perqu\u00e8 t\u00e9 bona olor.<\/p>\n\n\n\n<p class=\"wp-block-paragraph\">-I, per qu\u00e8 t&#8217;agrada?<\/p>\n\n\n\n<p class=\"wp-block-paragraph\">&#8211; Perqu\u00e8 em recorda a la mantega.<\/p>\n\n\n\n<p class=\"wp-block-paragraph\">-I, per qu\u00e8 t&#8217;agrada la mantega?<\/p>\n\n\n\n<p class=\"wp-block-paragraph\">&#8211; Perqu\u00e8 \u00e9s un esmorzar que em recorda els diumenges al mat\u00ed quan esmorzava a casa amb el meu pare. <\/p>\n\n\n\n<p class=\"wp-block-paragraph\">La Natalia va suggerir que podr\u00edem fer una obra d&#8217;art amb el material de la<strong> mantega<\/strong>&#8230; i tots hi vam <strong>somiar<\/strong> amb els croissants i els matins de diumenge en <strong>fam\u00edlia<\/strong> a<strong> casa<\/strong>.<\/p>\n\n\n\n<p class=\"wp-block-paragraph\">Aquests van ser uns dels paisatges emocionals triats per l&#8217;alumnat i professorat (no s\u00f3n fets de mantega, per\u00f2 vam coincidir en molts camins):<\/p>\n\n\n\n<figure class=\"wp-block-image size-full\"><img loading=\"lazy\" decoding=\"async\" width=\"779\" height=\"435\" src=\"\/ribera2025\/wp-content\/uploads\/2025\/01\/image-1.png\" alt=\"\" class=\"wp-image-414\" srcset=\"\/ribera2025\/wp-content\/uploads\/2025\/01\/image-1.png 779w, \/ribera2025\/wp-content\/uploads\/2025\/01\/image-1-300x168.png 300w, \/ribera2025\/wp-content\/uploads\/2025\/01\/image-1-768x429.png 768w\" sizes=\"auto, (max-width: 779px) 100vw, 779px\" \/><\/figure>\n\n\n\n<figure class=\"wp-block-image size-full\"><img loading=\"lazy\" decoding=\"async\" width=\"776\" height=\"494\" src=\"\/ribera2025\/wp-content\/uploads\/2025\/01\/image-2.png\" alt=\"\" class=\"wp-image-415\" srcset=\"\/ribera2025\/wp-content\/uploads\/2025\/01\/image-2.png 776w, \/ribera2025\/wp-content\/uploads\/2025\/01\/image-2-300x191.png 300w, \/ribera2025\/wp-content\/uploads\/2025\/01\/image-2-768x489.png 768w\" sizes=\"auto, (max-width: 776px) 100vw, 776px\" \/><\/figure>\n\n\n\n<figure class=\"wp-block-image size-full is-resized\"><img loading=\"lazy\" decoding=\"async\" width=\"541\" height=\"314\" src=\"\/ribera2025\/wp-content\/uploads\/2025\/01\/image-3.png\" alt=\"\" class=\"wp-image-416\" style=\"width:645px;height:auto\" srcset=\"\/ribera2025\/wp-content\/uploads\/2025\/01\/image-3.png 541w, \/ribera2025\/wp-content\/uploads\/2025\/01\/image-3-300x174.png 300w\" sizes=\"auto, (max-width: 541px) 100vw, 541px\" \/><\/figure>\n\n\n\n<figure class=\"wp-block-image size-full\"><img loading=\"lazy\" decoding=\"async\" width=\"617\" height=\"490\" src=\"\/ribera2025\/wp-content\/uploads\/2025\/01\/image-5.png\" alt=\"\" class=\"wp-image-418\" srcset=\"\/ribera2025\/wp-content\/uploads\/2025\/01\/image-5.png 617w, \/ribera2025\/wp-content\/uploads\/2025\/01\/image-5-300x238.png 300w\" sizes=\"auto, (max-width: 617px) 100vw, 617px\" \/><\/figure>\n\n\n\n<figure class=\"wp-block-image size-full\"><img loading=\"lazy\" decoding=\"async\" width=\"685\" height=\"362\" src=\"\/ribera2025\/wp-content\/uploads\/2025\/01\/image-6.png\" alt=\"\" class=\"wp-image-419\" srcset=\"\/ribera2025\/wp-content\/uploads\/2025\/01\/image-6.png 685w, \/ribera2025\/wp-content\/uploads\/2025\/01\/image-6-300x159.png 300w\" sizes=\"auto, (max-width: 685px) 100vw, 685px\" \/><\/figure>\n\n\n\n<figure class=\"wp-block-image size-full\"><img loading=\"lazy\" decoding=\"async\" width=\"254\" height=\"542\" src=\"\/ribera2025\/wp-content\/uploads\/2025\/01\/image-7.png\" alt=\"\" class=\"wp-image-420\" srcset=\"\/ribera2025\/wp-content\/uploads\/2025\/01\/image-7.png 254w, \/ribera2025\/wp-content\/uploads\/2025\/01\/image-7-141x300.png 141w\" sizes=\"auto, (max-width: 254px) 100vw, 254px\" \/><\/figure>\n","protected":false},"excerpt":{"rendered":"<p>Aquest primer trimestre hem reflexionat amb la Nat\u00e0lia sobre: qu\u00e8 \u00e9s l&#8217;art? Una de les m\u00faltiples interpretacions possibles va ser que l&#8217;art \u00e9s emoci\u00f3 i, per aquest motiu, un cam\u00ed de comunicaci\u00f3, una manera de construir ponts entre els \u00e9ssers humans, mitjan\u00e7ant la connexi\u00f3 emocional. L&#8217;art emociona, podem sentir el mateix que l&#8217;altre, per\u00f2 cadasc\u00fa, [&hellip;]<\/p>\n","protected":false},"author":13,"featured_media":0,"comment_status":"open","ping_status":"open","sticky":false,"template":"","format":"standard","meta":{"footnotes":""},"categories":[4],"tags":[],"class_list":["post-412","post","type-post","status-publish","format-standard","hentry","category-natalia-dominguez-a-linstitut-la-ribera-de-montcada-i-reixac"],"_links":{"self":[{"href":"\/ribera2025\/wp-json\/wp\/v2\/posts\/412","targetHints":{"allow":["GET"]}}],"collection":[{"href":"\/ribera2025\/wp-json\/wp\/v2\/posts"}],"about":[{"href":"\/ribera2025\/wp-json\/wp\/v2\/types\/post"}],"author":[{"embeddable":true,"href":"\/ribera2025\/wp-json\/wp\/v2\/users\/13"}],"replies":[{"embeddable":true,"href":"\/ribera2025\/wp-json\/wp\/v2\/comments?post=412"}],"version-history":[{"count":1,"href":"\/ribera2025\/wp-json\/wp\/v2\/posts\/412\/revisions"}],"predecessor-version":[{"id":422,"href":"\/ribera2025\/wp-json\/wp\/v2\/posts\/412\/revisions\/422"}],"wp:attachment":[{"href":"\/ribera2025\/wp-json\/wp\/v2\/media?parent=412"}],"wp:term":[{"taxonomy":"category","embeddable":true,"href":"\/ribera2025\/wp-json\/wp\/v2\/categories?post=412"},{"taxonomy":"post_tag","embeddable":true,"href":"\/ribera2025\/wp-json\/wp\/v2\/tags?post=412"}],"curies":[{"name":"wp","href":"https:\/\/api.w.org\/{rel}","templated":true}]}}