{"id":424,"date":"2025-02-09T20:51:15","date_gmt":"2025-02-09T18:51:15","guid":{"rendered":"\/ribera2025\/?p=424"},"modified":"2025-02-09T20:51:42","modified_gmt":"2025-02-09T18:51:42","slug":"la-pols-que-no-es-veu","status":"publish","type":"post","link":"\/ribera2025\/la-pols-que-no-es-veu\/","title":{"rendered":"La pols que no es veu, \u00e9s ara visible?"},"content":{"rendered":"\n<p class=\"wp-block-paragraph\">La setmana passada, la Nat\u00e0lia ens va comentar que havia tingut una reuni\u00f3 amb els ve\u00efns i ve\u00efnes del <strong>barri de Can Sant Joan<\/strong>, de Montcada i Reixac per con\u00e8ixer l&#8217;impacte de la industrialitzaci\u00f3 a la vida dels seus ve\u00efns i ve\u00efnes. La Nat\u00e0lia ens va mostrar unes fotografies de la pols recollida dins de la casa d&#8217;una ve\u00efna. No pod\u00edem creure el que hav\u00edem vist! Un pot de vidre dels que es fan servir per conservar els llegums, ple de pols!, una pols grisa i densa que, sense que siguem conscients, o s\u00ed, els ve\u00efns i ve\u00efnes han estat respirant durant anys! Aquesta imatge ens va portar a la idea que <strong>la pols ens envolta cont\u00ednuament<\/strong> i t\u00e9 un impacte sobre nosaltres, per\u00f2 no som conscients que hi \u00e9s, no la veiem. <\/p>\n\n\n\n<p class=\"wp-block-paragraph\">De la mateixa manera, la pols tamb\u00e9 la vam trobar en un cartell enganxat sota l&#8217;autopista que travessa Montcada. Un lloc al qual vam anar, perqu\u00e8 un company de classe va suggerir que pod\u00edem experimentar el soroll dels cotxes quan passen per aquell indret de Montcada. Novament, la pols, <strong>el soroll ens envolta<\/strong> i vivim cada dia amb ells, <strong>per\u00f2 ja els hem normalitza<\/strong>t, <strong>hi s\u00f3n, per\u00f2 no ho sembla.<\/strong><\/p>\n\n\n\n<div class=\"wp-block-columns is-layout-flex wp-container-core-columns-is-layout-794e3cfa wp-block-columns-is-layout-flex\">\n<div class=\"wp-block-column is-layout-flow wp-block-column-is-layout-flow\" style=\"flex-basis:100%\">\n<figure class=\"wp-block-image size-large\"><img loading=\"lazy\" decoding=\"async\" width=\"771\" height=\"1024\" src=\"\/ribera2025\/wp-content\/uploads\/2025\/02\/IMG-20241205-WA0010-1-771x1024.jpg\" alt=\"\" class=\"wp-image-427\" srcset=\"\/ribera2025\/wp-content\/uploads\/2025\/02\/IMG-20241205-WA0010-1-771x1024.jpg 771w, \/ribera2025\/wp-content\/uploads\/2025\/02\/IMG-20241205-WA0010-1-226x300.jpg 226w, \/ribera2025\/wp-content\/uploads\/2025\/02\/IMG-20241205-WA0010-1-768x1021.jpg 768w, \/ribera2025\/wp-content\/uploads\/2025\/02\/IMG-20241205-WA0010-1-1156x1536.jpg 1156w, \/ribera2025\/wp-content\/uploads\/2025\/02\/IMG-20241205-WA0010-1.jpg 1204w\" sizes=\"auto, (max-width: 771px) 100vw, 771px\" \/><\/figure>\n<\/div>\n<\/div>\n\n\n\n<p class=\"wp-block-paragraph\">Amb aquestes experi\u00e8ncies, vam intentar posar per escrit tot all\u00f2 que est\u00e0vem experimentant des de l&#8217;inici de curs amb la Nat\u00e0lia, per\u00f2 amb un altre punt de vista: <strong>all\u00f2 que sembla que no hi \u00e9s,<\/strong> perqu\u00e8 no ho veiem a simple vista,  <strong>per\u00f2 ens acompanya<\/strong> i <strong>t\u00e9 un impacte <\/strong>sobre nostre. Aquestes reflexions les vam titular: <strong>La pols que no es veu, el so que no sona.<\/strong> <\/p>\n\n\n\n<p class=\"wp-block-paragraph\"><\/p>\n\n\n\n<p class=\"wp-block-paragraph\"><\/p>\n","protected":false},"excerpt":{"rendered":"<p>La setmana passada, la Nat\u00e0lia ens va comentar que havia tingut una reuni\u00f3 amb els ve\u00efns i ve\u00efnes del barri de Can Sant Joan, de Montcada i Reixac per con\u00e8ixer l&#8217;impacte de la industrialitzaci\u00f3 a la vida dels seus ve\u00efns i ve\u00efnes. La Nat\u00e0lia ens va mostrar unes fotografies de la pols recollida dins de [&hellip;]<\/p>\n","protected":false},"author":13,"featured_media":0,"comment_status":"open","ping_status":"open","sticky":false,"template":"","format":"standard","meta":{"footnotes":""},"categories":[1],"tags":[17,16,15],"class_list":["post-424","post","type-post","status-publish","format-standard","hentry","category-general","tag-institut-la-ribera","tag-montcada","tag-natalia-dominguez"],"_links":{"self":[{"href":"\/ribera2025\/wp-json\/wp\/v2\/posts\/424","targetHints":{"allow":["GET"]}}],"collection":[{"href":"\/ribera2025\/wp-json\/wp\/v2\/posts"}],"about":[{"href":"\/ribera2025\/wp-json\/wp\/v2\/types\/post"}],"author":[{"embeddable":true,"href":"\/ribera2025\/wp-json\/wp\/v2\/users\/13"}],"replies":[{"embeddable":true,"href":"\/ribera2025\/wp-json\/wp\/v2\/comments?post=424"}],"version-history":[{"count":3,"href":"\/ribera2025\/wp-json\/wp\/v2\/posts\/424\/revisions"}],"predecessor-version":[{"id":429,"href":"\/ribera2025\/wp-json\/wp\/v2\/posts\/424\/revisions\/429"}],"wp:attachment":[{"href":"\/ribera2025\/wp-json\/wp\/v2\/media?parent=424"}],"wp:term":[{"taxonomy":"category","embeddable":true,"href":"\/ribera2025\/wp-json\/wp\/v2\/categories?post=424"},{"taxonomy":"post_tag","embeddable":true,"href":"\/ribera2025\/wp-json\/wp\/v2\/tags?post=424"}],"curies":[{"name":"wp","href":"https:\/\/api.w.org\/{rel}","templated":true}]}}