{"id":430,"date":"2025-02-09T21:10:13","date_gmt":"2025-02-09T19:10:13","guid":{"rendered":"\/ribera2025\/?p=430"},"modified":"2025-02-09T21:10:13","modified_gmt":"2025-02-09T19:10:13","slug":"pluja-didees-el-proces-creatiu","status":"publish","type":"post","link":"\/ribera2025\/pluja-didees-el-proces-creatiu\/","title":{"rendered":"Pluja d&#8217;idees. El proc\u00e9s creatiu."},"content":{"rendered":"\n<p class=\"wp-block-paragraph\">Ja fa dies que estem pensant en<strong> la sessi\u00f3 oberta<\/strong>. Ens sentim que ho tenim tot for\u00e7a clar, perqu\u00e8 hem estat pensant durant dues sessions o m\u00e9s com podr\u00edem fer-la. No \u00e9s f\u00e0cil que els professors experimentin el que nosaltres estem fent amb tan poc temps, i amb aspectes tan&#8230; abstractes: <strong>all\u00f2 que no es veu, per\u00f2 que hi \u00e9s present<\/strong>. El que tenim clar, \u00e9s que estem treballant molt\u00edssim <strong>els sons<\/strong>, els sorolls, com <strong>manipular-los <\/strong>o <strong>l&#8217;impacte<\/strong> que tenen sobre nosaltres. <\/p>\n\n\n\n<figure class=\"wp-block-image size-large\"><img loading=\"lazy\" decoding=\"async\" width=\"1024\" height=\"768\" src=\"\/ribera2025\/wp-content\/uploads\/2025\/02\/Natalia-1024x768.jpg\" alt=\"\" class=\"wp-image-431\" srcset=\"\/ribera2025\/wp-content\/uploads\/2025\/02\/Natalia-1024x768.jpg 1024w, \/ribera2025\/wp-content\/uploads\/2025\/02\/Natalia-300x225.jpg 300w, \/ribera2025\/wp-content\/uploads\/2025\/02\/Natalia-768x576.jpg 768w, \/ribera2025\/wp-content\/uploads\/2025\/02\/Natalia-1536x1152.jpg 1536w, \/ribera2025\/wp-content\/uploads\/2025\/02\/Natalia.jpg 2048w\" sizes=\"auto, (max-width: 1024px) 100vw, 1024px\" \/><\/figure>\n\n\n\n<p class=\"wp-block-paragraph\"><strong>METODOLOGIA<\/strong><\/p>\n\n\n\n<p class=\"wp-block-paragraph\">Per reflexionar sobre la sessi\u00f3 oberta, la Natalia va portar un gran <strong>rotlle de paper blanc<\/strong> i molts <strong>retoladors,<\/strong> ens vam situar al voltant d&#8217;una gran taula amb aquest full en blanc, i cadasc\u00fa anava <strong>escrivint, dibuixant,<\/strong> mentre ella anava r<strong>ecopilant tots els temes que hav\u00edem anat experimentant durant aquesta part del curs<\/strong>. Era una pluja d&#8217;idees! Com un <strong>mapa mental, per\u00f2 amb dibuixos i paraules de colors diferents<\/strong> que an\u00e0vem posant sobre el paper, sense un ordre aparent, per\u00f2 amb una <strong>finalitat clara i un tema com\u00fa<\/strong>, amb una<strong> harmonia pr\u00f2pia<\/strong>, molt nostra. Novament,  torn\u00e0vem a experimentar un proc\u00e9s de creaci\u00f3, per\u00f2 no \u00e9rem conscients del que estava passant! D&#8217;aquest mural vam treure uns eixos que vol\u00edem plasmar durant la sessi\u00f3 oberta: <strong>SO-LLUM-MATERIAL-IMPACTE- NO SER-HI?<\/strong><\/p>\n\n\n\n<p class=\"wp-block-paragraph\">Ho aconseguirem?<\/p>\n\n\n\n<p class=\"wp-block-paragraph\"><\/p>\n","protected":false},"excerpt":{"rendered":"<p>Ja fa dies que estem pensant en la sessi\u00f3 oberta. Ens sentim que ho tenim tot for\u00e7a clar, perqu\u00e8 hem estat pensant durant dues sessions o m\u00e9s com podr\u00edem fer-la. No \u00e9s f\u00e0cil que els professors experimentin el que nosaltres estem fent amb tan poc temps, i amb aspectes tan&#8230; abstractes: all\u00f2 que no es [&hellip;]<\/p>\n","protected":false},"author":13,"featured_media":0,"comment_status":"open","ping_status":"open","sticky":false,"template":"","format":"standard","meta":{"footnotes":""},"categories":[1],"tags":[18,19],"class_list":["post-430","post","type-post","status-publish","format-standard","hentry","category-general","tag-institu-la-ribera","tag-natalia-dominguez-2"],"_links":{"self":[{"href":"\/ribera2025\/wp-json\/wp\/v2\/posts\/430","targetHints":{"allow":["GET"]}}],"collection":[{"href":"\/ribera2025\/wp-json\/wp\/v2\/posts"}],"about":[{"href":"\/ribera2025\/wp-json\/wp\/v2\/types\/post"}],"author":[{"embeddable":true,"href":"\/ribera2025\/wp-json\/wp\/v2\/users\/13"}],"replies":[{"embeddable":true,"href":"\/ribera2025\/wp-json\/wp\/v2\/comments?post=430"}],"version-history":[{"count":1,"href":"\/ribera2025\/wp-json\/wp\/v2\/posts\/430\/revisions"}],"predecessor-version":[{"id":432,"href":"\/ribera2025\/wp-json\/wp\/v2\/posts\/430\/revisions\/432"}],"wp:attachment":[{"href":"\/ribera2025\/wp-json\/wp\/v2\/media?parent=430"}],"wp:term":[{"taxonomy":"category","embeddable":true,"href":"\/ribera2025\/wp-json\/wp\/v2\/categories?post=430"},{"taxonomy":"post_tag","embeddable":true,"href":"\/ribera2025\/wp-json\/wp\/v2\/tags?post=430"}],"curies":[{"name":"wp","href":"https:\/\/api.w.org\/{rel}","templated":true}]}}