{"id":492,"date":"2025-03-18T19:54:07","date_gmt":"2025-03-18T17:54:07","guid":{"rendered":"\/ribera2025\/?p=492"},"modified":"2025-03-18T19:54:07","modified_gmt":"2025-03-18T17:54:07","slug":"la-sessio-oberta-433","status":"publish","type":"post","link":"\/ribera2025\/la-sessio-oberta-433\/","title":{"rendered":"LA SESSI\u00d3 OBERTA: 4&#8217;33\u00bb."},"content":{"rendered":"\n<p class=\"wp-block-paragraph\">Els alumnes D&#8217;En Resid\u00e8ncia de l&#8217;Institut La Ribera de Montcada i Reixac vam fer  la sessi\u00f3 oberta  titulada 4&#8242; 33\u00bb . Va assistir-hi tot el claustre de professors de l&#8217;institut i a personalitats de l&#8217;\u00e0mbit de la cultura de l&#8217;Ajuntament de Montcada i Reixac, aix\u00ed com del Departament d&#8217;Educaci\u00f3 de Barcelona.<br> <\/p>\n\n\n\n<p class=\"wp-block-paragraph\">Durant la nostra mostra, el professorat va poder experimentar els sons que ens envolten en el dia a dia de l&#8217;institut i de la zona que recorrem per arribar a classe. Tot aix\u00f2, sense la nostra pres\u00e8ncia f\u00edsica, per\u00f2 les nostres veus els guiaven durant tota la sessi\u00f3, \u00e9s a dir, el que hem estat treballant a classe: all\u00f2 que hi \u00e9s, per\u00f2 no som conscients que ens envolta. En Ferran Vall, professor de Ci\u00e8ncies Socials de La Ribera, va opinar que  <em>propostes com la nostra li van semblar interessants, ja que  es tracta d\u2019una q\u00fcesti\u00f3, com el so, en la qual normalment no pensem quan parlem d\u2019art. <\/em><\/p>\n\n\n\n<p class=\"wp-block-paragraph\">Els estudiants vam gaudir molt de l&#8217;experi\u00e8ncia i ens vam sorprendre de la facilitat amb qu\u00e8 hav\u00edem parlat davant de tots el professorat, de conceptes tan abstractes, quan feia pocs mesos no sab\u00edem ni que existien. De la mateixa manera, en Jordi Aguilar, professor del departament d&#8217;Experimentals de La Ribera, va comentar que la sessi\u00f3 oberta va t<em>ransmetre curiositat i orgull i  que ajuda a millorar la cohesi\u00f3 de tota la comunitat educativa.<\/em><strong> <\/strong> Tamb\u00e9, en Manel Casado, professor referent de l&#8217;Aula d&#8217;Acollida, va manifestar que li <em>va agradar la implicaci\u00f3 dels alumnes i que tothom sabia qu\u00e8 havia de fer, el que li va angoixar era la quantitat de silenci que es va apreciar durant determinats moments de la sessi\u00f3<\/em>, especialment, quan els professors ens escoltaven.<\/p>\n\n\n\n<p class=\"wp-block-paragraph\"><br>La sessi\u00f3 oberta forma part del projecte educatiu del programa En Resid\u00e8ncia i l&#8217;hem gaudit i ens ho hem cregut! Gr\u00e0cies a tots per participar-hi! Gr\u00e0cies per aquesta oportunitat!<\/p>\n\n\n\n<figure class=\"wp-block-image size-large\"><img loading=\"lazy\" decoding=\"async\" width=\"1024\" height=\"768\" src=\"\/ribera2025\/wp-content\/uploads\/2025\/03\/Sessio-Oberta-433-1024x768.jpg\" alt=\"\" class=\"wp-image-493\" srcset=\"\/ribera2025\/wp-content\/uploads\/2025\/03\/Sessio-Oberta-433-1024x768.jpg 1024w, \/ribera2025\/wp-content\/uploads\/2025\/03\/Sessio-Oberta-433-300x225.jpg 300w, \/ribera2025\/wp-content\/uploads\/2025\/03\/Sessio-Oberta-433-768x576.jpg 768w, \/ribera2025\/wp-content\/uploads\/2025\/03\/Sessio-Oberta-433-1536x1152.jpg 1536w, \/ribera2025\/wp-content\/uploads\/2025\/03\/Sessio-Oberta-433.jpg 2048w\" sizes=\"auto, (max-width: 1024px) 100vw, 1024px\" \/><\/figure>\n\n\n\n<p class=\"wp-block-paragraph\">Claustre de l&#8217;Institut de lA Ribera al pati escoltant les explicacions del grup de 3r d&#8217;ESO d&#8217;En Resid\u00e8ncia.<\/p>\n\n\n\n<figure class=\"wp-block-image size-large\"><img loading=\"lazy\" decoding=\"async\" width=\"768\" height=\"1024\" src=\"\/ribera2025\/wp-content\/uploads\/2025\/03\/Sessio-oberta-433-1-768x1024.jpg\" alt=\"\" class=\"wp-image-494\" srcset=\"\/ribera2025\/wp-content\/uploads\/2025\/03\/Sessio-oberta-433-1-768x1024.jpg 768w, \/ribera2025\/wp-content\/uploads\/2025\/03\/Sessio-oberta-433-1-225x300.jpg 225w, \/ribera2025\/wp-content\/uploads\/2025\/03\/Sessio-oberta-433-1-1152x1536.jpg 1152w, \/ribera2025\/wp-content\/uploads\/2025\/03\/Sessio-oberta-433-1.jpg 1536w\" sizes=\"auto, (max-width: 768px) 100vw, 768px\" \/><\/figure>\n\n\n\n<p class=\"wp-block-paragraph\">Cercle de conversa sobre la sessi\u00f3 oberta 4&#8217;33\u00bb al pati de l&#8217;Institut La Ribera.<\/p>\n\n\n\n<figure class=\"wp-block-image size-large\"><img loading=\"lazy\" decoding=\"async\" width=\"1024\" height=\"768\" src=\"\/ribera2025\/wp-content\/uploads\/2025\/03\/Sessio-oberta-433-3-1024x768.jpg\" alt=\"\" class=\"wp-image-495\" srcset=\"\/ribera2025\/wp-content\/uploads\/2025\/03\/Sessio-oberta-433-3-1024x768.jpg 1024w, \/ribera2025\/wp-content\/uploads\/2025\/03\/Sessio-oberta-433-3-300x225.jpg 300w, \/ribera2025\/wp-content\/uploads\/2025\/03\/Sessio-oberta-433-3-768x576.jpg 768w, \/ribera2025\/wp-content\/uploads\/2025\/03\/Sessio-oberta-433-3-1536x1152.jpg 1536w, \/ribera2025\/wp-content\/uploads\/2025\/03\/Sessio-oberta-433-3.jpg 2048w\" sizes=\"auto, (max-width: 1024px) 100vw, 1024px\" \/><\/figure>\n\n\n\n<p class=\"wp-block-paragraph\">Primer passi de l&#8217;experimentaci\u00f3 4&#8217;33\u00bb. <\/p>\n\n\n\n<figure class=\"wp-block-image size-large\"><img loading=\"lazy\" decoding=\"async\" width=\"1024\" height=\"768\" src=\"\/ribera2025\/wp-content\/uploads\/2025\/03\/Sessio-oberta-4334-1024x768.jpg\" alt=\"\" class=\"wp-image-496\" srcset=\"\/ribera2025\/wp-content\/uploads\/2025\/03\/Sessio-oberta-4334-1024x768.jpg 1024w, \/ribera2025\/wp-content\/uploads\/2025\/03\/Sessio-oberta-4334-300x225.jpg 300w, \/ribera2025\/wp-content\/uploads\/2025\/03\/Sessio-oberta-4334-768x576.jpg 768w, \/ribera2025\/wp-content\/uploads\/2025\/03\/Sessio-oberta-4334-1536x1152.jpg 1536w, \/ribera2025\/wp-content\/uploads\/2025\/03\/Sessio-oberta-4334.jpg 1600w\" sizes=\"auto, (max-width: 1024px) 100vw, 1024px\" \/><\/figure>\n\n\n\n<p class=\"wp-block-paragraph\">Inici de l&#8217;experimentaci\u00f3 sonora a la biblioteca Joan Capella de l&#8217;Institut La Ribera.<\/p>\n\n\n\n<p class=\"wp-block-paragraph\"><\/p>\n","protected":false},"excerpt":{"rendered":"<p>Els alumnes D&#8217;En Resid\u00e8ncia de l&#8217;Institut La Ribera de Montcada i Reixac vam fer la sessi\u00f3 oberta titulada 4&#8242; 33\u00bb . Va assistir-hi tot el claustre de professors de l&#8217;institut i a personalitats de l&#8217;\u00e0mbit de la cultura de l&#8217;Ajuntament de Montcada i Reixac, aix\u00ed com del Departament d&#8217;Educaci\u00f3 de Barcelona. Durant la nostra mostra, [&hellip;]<\/p>\n","protected":false},"author":13,"featured_media":0,"comment_status":"open","ping_status":"open","sticky":false,"template":"","format":"standard","meta":{"footnotes":""},"categories":[1],"tags":[17],"class_list":["post-492","post","type-post","status-publish","format-standard","hentry","category-general","tag-institut-la-ribera"],"_links":{"self":[{"href":"\/ribera2025\/wp-json\/wp\/v2\/posts\/492","targetHints":{"allow":["GET"]}}],"collection":[{"href":"\/ribera2025\/wp-json\/wp\/v2\/posts"}],"about":[{"href":"\/ribera2025\/wp-json\/wp\/v2\/types\/post"}],"author":[{"embeddable":true,"href":"\/ribera2025\/wp-json\/wp\/v2\/users\/13"}],"replies":[{"embeddable":true,"href":"\/ribera2025\/wp-json\/wp\/v2\/comments?post=492"}],"version-history":[{"count":1,"href":"\/ribera2025\/wp-json\/wp\/v2\/posts\/492\/revisions"}],"predecessor-version":[{"id":497,"href":"\/ribera2025\/wp-json\/wp\/v2\/posts\/492\/revisions\/497"}],"wp:attachment":[{"href":"\/ribera2025\/wp-json\/wp\/v2\/media?parent=492"}],"wp:term":[{"taxonomy":"category","embeddable":true,"href":"\/ribera2025\/wp-json\/wp\/v2\/categories?post=492"},{"taxonomy":"post_tag","embeddable":true,"href":"\/ribera2025\/wp-json\/wp\/v2\/tags?post=492"}],"curies":[{"name":"wp","href":"https:\/\/api.w.org\/{rel}","templated":true}]}}