{"id":499,"date":"2025-04-10T20:01:45","date_gmt":"2025-04-10T18:01:45","guid":{"rendered":"\/ribera2025\/?p=499"},"modified":"2025-04-10T20:06:55","modified_gmt":"2025-04-10T18:06:55","slug":"els-alumnes-de-3-deso-de-la-ribera-visitem-el-macba","status":"publish","type":"post","link":"\/ribera2025\/els-alumnes-de-3-deso-de-la-ribera-visitem-el-macba\/","title":{"rendered":"Els alumnes de 3 d&#8217;ESO de La Ribera visitem el MACBA"},"content":{"rendered":"\n<figure class=\"wp-block-image size-large\"><img loading=\"lazy\" decoding=\"async\" width=\"1024\" height=\"771\" src=\"\/ribera2025\/wp-content\/uploads\/2025\/04\/IMG_20250306_132948-1024x771.jpg\" alt=\"\" class=\"wp-image-500\" srcset=\"\/ribera2025\/wp-content\/uploads\/2025\/04\/IMG_20250306_132948-1024x771.jpg 1024w, \/ribera2025\/wp-content\/uploads\/2025\/04\/IMG_20250306_132948-300x226.jpg 300w, \/ribera2025\/wp-content\/uploads\/2025\/04\/IMG_20250306_132948-768x578.jpg 768w, \/ribera2025\/wp-content\/uploads\/2025\/04\/IMG_20250306_132948-1536x1157.jpg 1536w, \/ribera2025\/wp-content\/uploads\/2025\/04\/IMG_20250306_132948-2048x1542.jpg 2048w\" sizes=\"auto, (max-width: 1024px) 100vw, 1024px\" \/><figcaption class=\"wp-element-caption\">Vista de l&#8217; exposici\u00f3 de \u2018Teresa Solar Abboud. Sue\u00f1o m\u00e1quina de p\u00e1jaro\u2019<\/figcaption><\/figure>\n\n\n\n<p class=\"wp-block-paragraph\">El dia 6 de mar\u00e7, els alumnes de 3 d\u2019ESO de l\u2019Institut de la Ribera vam anar al museu del MACBA amb el programa d\u2019En Resid\u00e8ncia.<\/p>\n\n\n\n<p class=\"wp-block-paragraph\">Els alumnes de 3 d\u2019ESO vam fer una sortida al MACBA el passat divendres. Durant la visita, vam aprendre molts aspectes interessants sobre l\u2019art contemporani i noves formes de l&#8217;expressi\u00f3 amb l\u2019art. Ens van explicar el significat d\u2019algunes obres i vam reflexionar sobre com l\u2019art pot transmetre emocions o idees.<\/p>\n\n\n\n<div class=\"wp-block-media-text is-stacked-on-mobile\" style=\"grid-template-columns:49% auto\"><figure class=\"wp-block-media-text__media\"><a href=\"https:\/\/www.exibart.es\/exposiciones\/el-macba-barcelona-explora-el-imaginario-de-teresa-solar-abboud\/\"><img loading=\"lazy\" decoding=\"async\" width=\"771\" height=\"1024\" src=\"\/ribera2025\/wp-content\/uploads\/2025\/04\/IMG_20250306_125753-2-771x1024.jpg\" alt=\"\" class=\"wp-image-507 size-full\" srcset=\"\/ribera2025\/wp-content\/uploads\/2025\/04\/IMG_20250306_125753-2-771x1024.jpg 771w, \/ribera2025\/wp-content\/uploads\/2025\/04\/IMG_20250306_125753-2-226x300.jpg 226w, \/ribera2025\/wp-content\/uploads\/2025\/04\/IMG_20250306_125753-2-768x1020.jpg 768w, \/ribera2025\/wp-content\/uploads\/2025\/04\/IMG_20250306_125753-2-1157x1536.jpg 1157w, \/ribera2025\/wp-content\/uploads\/2025\/04\/IMG_20250306_125753-2-1542x2048.jpg 1542w, \/ribera2025\/wp-content\/uploads\/2025\/04\/IMG_20250306_125753-2-scaled.jpg 1928w\" sizes=\"auto, (max-width: 771px) 100vw, 771px\" \/><\/a><\/figure><div class=\"wp-block-media-text__content\">\n<p class=\"wp-block-paragraph\">L&#8217;exposici\u00f3 que vam visitar estava formada per obres de Teresa Solar Agut. Teresa \u00e9s una artista espanyola nascuda a Madrid l\u2019any 1985. Ella treballa utilitzant l\u2019escultura, v\u00eddeo i dibuix, i explora temes com la comunicaci\u00f3, la naturalesa, el cos hum\u00e0, els materials i el m\u00f3n animal.&nbsp;Les seves obres poden representar, al mateix temps, tots els temes anteriors, dep\u00e8n de qui els miri.<\/p>\n<\/div><\/div>\n\n\n\n<p class=\"wp-block-paragraph\">Durant la visita, vam parlar de temes que ja havien sortit durant el curs amb la Nat\u00e0lia, la nostra artista, com per exemple les escultures i els sons.<\/p>\n\n\n\n<div class=\"wp-block-media-text is-stacked-on-mobile\" style=\"grid-template-columns:47% auto\"><figure class=\"wp-block-media-text__media\"><a href=\"https:\/\/masdearte.com\/teresa-solar-abboud-sueno-maquina-de-pajaro-macba-barcelona\/\"><img loading=\"lazy\" decoding=\"async\" width=\"768\" height=\"1024\" src=\"\/ribera2025\/wp-content\/uploads\/2025\/04\/IMG-20250306-WA0045-1-768x1024.jpg\" alt=\"\" class=\"wp-image-515 size-full\" srcset=\"\/ribera2025\/wp-content\/uploads\/2025\/04\/IMG-20250306-WA0045-1-768x1024.jpg 768w, \/ribera2025\/wp-content\/uploads\/2025\/04\/IMG-20250306-WA0045-1-225x300.jpg 225w, \/ribera2025\/wp-content\/uploads\/2025\/04\/IMG-20250306-WA0045-1-1152x1536.jpg 1152w, \/ribera2025\/wp-content\/uploads\/2025\/04\/IMG-20250306-WA0045-1.jpg 1200w\" sizes=\"auto, (max-width: 768px) 100vw, 768px\" \/><\/a><\/figure><div class=\"wp-block-media-text__content\">\n<p class=\"wp-block-paragraph\">Una de les peces d\u2019art que m\u00e9s ens va impactar va ser la d\u2019una aparent balena penjada per uns fills, per\u00f2 que si tu canviaves de posici\u00f3, la balena semblava ser un altre objecte. Segons la guia del museu,  l\u2019artista tenia moltes obsessions, una d&#8217;elles: eren els animals.<\/p>\n\n\n\n<p class=\"wp-block-paragraph\"><\/p>\n\n\n\n<p class=\"wp-block-paragraph\"><\/p>\n<\/div><\/div>\n\n\n\n<p class=\"wp-block-paragraph\">D&#8217;aquesta experi\u00e8ncia ens hem quedat amb diferents aspectes, com la sala de proc\u00e9s creatiu que ens ha servit d&#8217;inspiraci\u00f3 per preparar la nostra obra final. Gr\u00e0cies, Nat\u00e0lia i Marc. <\/p>\n\n\n\n<p class=\"wp-block-paragraph\">Us deixem amb algunes de les imatges del dia: <\/p>\n\n\n\n<figure class=\"wp-block-image size-large\"><img loading=\"lazy\" decoding=\"async\" width=\"1024\" height=\"771\" src=\"\/ribera2025\/wp-content\/uploads\/2025\/04\/IMG_20250306_125719-2-1024x771.jpg\" alt=\"\" class=\"wp-image-508\" srcset=\"\/ribera2025\/wp-content\/uploads\/2025\/04\/IMG_20250306_125719-2-1024x771.jpg 1024w, \/ribera2025\/wp-content\/uploads\/2025\/04\/IMG_20250306_125719-2-300x226.jpg 300w, \/ribera2025\/wp-content\/uploads\/2025\/04\/IMG_20250306_125719-2-768x578.jpg 768w, \/ribera2025\/wp-content\/uploads\/2025\/04\/IMG_20250306_125719-2-1536x1157.jpg 1536w, \/ribera2025\/wp-content\/uploads\/2025\/04\/IMG_20250306_125719-2-2048x1542.jpg 2048w\" sizes=\"auto, (max-width: 1024px) 100vw, 1024px\" \/><figcaption class=\"wp-element-caption\">Vista de l&#8217; exposici\u00f3 de \u2018Teresa Solar Abboud. Sue\u00f1o m\u00e1quina de p\u00e1jaro\u2019<\/figcaption><\/figure>\n\n\n\n<figure class=\"wp-block-image size-large\"><img loading=\"lazy\" decoding=\"async\" width=\"768\" height=\"1024\" src=\"\/ribera2025\/wp-content\/uploads\/2025\/04\/IMG-20250306-WA0023-768x1024.jpg\" alt=\"\" class=\"wp-image-509\" srcset=\"\/ribera2025\/wp-content\/uploads\/2025\/04\/IMG-20250306-WA0023-768x1024.jpg 768w, \/ribera2025\/wp-content\/uploads\/2025\/04\/IMG-20250306-WA0023-225x300.jpg 225w, \/ribera2025\/wp-content\/uploads\/2025\/04\/IMG-20250306-WA0023-1152x1536.jpg 1152w, \/ribera2025\/wp-content\/uploads\/2025\/04\/IMG-20250306-WA0023.jpg 1536w\" sizes=\"auto, (max-width: 768px) 100vw, 768px\" \/><figcaption class=\"wp-element-caption\">Vista de l&#8217; exposici\u00f3 de \u2018Teresa Solar Abboud. Sue\u00f1o m\u00e1quina de p\u00e1jaro\u2019<\/figcaption><\/figure>\n\n\n\n<figure class=\"wp-block-image size-large\"><img loading=\"lazy\" decoding=\"async\" width=\"1024\" height=\"768\" src=\"\/ribera2025\/wp-content\/uploads\/2025\/04\/IMG-20250306-WA0027-1024x768.jpg\" alt=\"\" class=\"wp-image-510\" srcset=\"\/ribera2025\/wp-content\/uploads\/2025\/04\/IMG-20250306-WA0027-1024x768.jpg 1024w, \/ribera2025\/wp-content\/uploads\/2025\/04\/IMG-20250306-WA0027-300x225.jpg 300w, \/ribera2025\/wp-content\/uploads\/2025\/04\/IMG-20250306-WA0027-768x576.jpg 768w, \/ribera2025\/wp-content\/uploads\/2025\/04\/IMG-20250306-WA0027-1536x1152.jpg 1536w, \/ribera2025\/wp-content\/uploads\/2025\/04\/IMG-20250306-WA0027.jpg 2048w\" sizes=\"auto, (max-width: 1024px) 100vw, 1024px\" \/><figcaption class=\"wp-element-caption\">Vista de l&#8217; exposici\u00f3 de \u2018Teresa Solar Abboud. Sue\u00f1o m\u00e1quina de p\u00e1jaro\u2019<\/figcaption><\/figure>\n\n\n\n<figure class=\"wp-block-image size-large\"><img loading=\"lazy\" decoding=\"async\" width=\"768\" height=\"1024\" src=\"\/ribera2025\/wp-content\/uploads\/2025\/04\/IMG-20250306-WA0038-768x1024.jpg\" alt=\"\" class=\"wp-image-511\" srcset=\"\/ribera2025\/wp-content\/uploads\/2025\/04\/IMG-20250306-WA0038-768x1024.jpg 768w, \/ribera2025\/wp-content\/uploads\/2025\/04\/IMG-20250306-WA0038-225x300.jpg 225w, \/ribera2025\/wp-content\/uploads\/2025\/04\/IMG-20250306-WA0038-1152x1536.jpg 1152w, \/ribera2025\/wp-content\/uploads\/2025\/04\/IMG-20250306-WA0038.jpg 1200w\" sizes=\"auto, (max-width: 768px) 100vw, 768px\" \/><figcaption class=\"wp-element-caption\">Vista de l&#8217; exposici\u00f3 de \u2018Teresa Solar Abboud. Sue\u00f1o m\u00e1quina de p\u00e1jaro\u2019<\/figcaption><\/figure>\n\n\n","protected":false},"excerpt":{"rendered":"<p>El dia 6 de mar\u00e7, els alumnes de 3 d\u2019ESO de l\u2019Institut de la Ribera vam anar al museu del MACBA amb el programa d\u2019En Resid\u00e8ncia. Els alumnes de 3 d\u2019ESO vam fer una sortida al MACBA el passat divendres. Durant la visita, vam aprendre molts aspectes interessants sobre l\u2019art contemporani i noves formes de [&hellip;]<\/p>\n","protected":false},"author":13,"featured_media":0,"comment_status":"open","ping_status":"open","sticky":false,"template":"","format":"standard","meta":{"footnotes":""},"categories":[4,1],"tags":[],"class_list":["post-499","post","type-post","status-publish","format-standard","hentry","category-natalia-dominguez-a-linstitut-la-ribera-de-montcada-i-reixac","category-general"],"_links":{"self":[{"href":"\/ribera2025\/wp-json\/wp\/v2\/posts\/499","targetHints":{"allow":["GET"]}}],"collection":[{"href":"\/ribera2025\/wp-json\/wp\/v2\/posts"}],"about":[{"href":"\/ribera2025\/wp-json\/wp\/v2\/types\/post"}],"author":[{"embeddable":true,"href":"\/ribera2025\/wp-json\/wp\/v2\/users\/13"}],"replies":[{"embeddable":true,"href":"\/ribera2025\/wp-json\/wp\/v2\/comments?post=499"}],"version-history":[{"count":4,"href":"\/ribera2025\/wp-json\/wp\/v2\/posts\/499\/revisions"}],"predecessor-version":[{"id":514,"href":"\/ribera2025\/wp-json\/wp\/v2\/posts\/499\/revisions\/514"}],"wp:attachment":[{"href":"\/ribera2025\/wp-json\/wp\/v2\/media?parent=499"}],"wp:term":[{"taxonomy":"category","embeddable":true,"href":"\/ribera2025\/wp-json\/wp\/v2\/categories?post=499"},{"taxonomy":"post_tag","embeddable":true,"href":"\/ribera2025\/wp-json\/wp\/v2\/tags?post=499"}],"curies":[{"name":"wp","href":"https:\/\/api.w.org\/{rel}","templated":true}]}}