{"id":148,"date":"2026-06-29T21:01:49","date_gmt":"2026-06-29T19:01:49","guid":{"rendered":"\/ribera2026\/?p=148"},"modified":"2026-06-29T21:01:49","modified_gmt":"2026-06-29T19:01:49","slug":"ens-visita-la-il-lustradora-marina-saez","status":"publish","type":"post","link":"\/ribera2026\/ens-visita-la-il-lustradora-marina-saez\/","title":{"rendered":"Ens visita la il.lustradora Marina S\u00e1ez"},"content":{"rendered":"\n<p class=\"wp-block-paragraph\">En les seg\u00fcents sessions, la Laura Gin\u00e8s ens va proposar inventar un personatge de ciencia ficci\u00f3 de creaci\u00f3 pr\u00f2pia. O transformar aquells personatges que ens han acompanyat en el nostre ideari infantil-juvenil.  <\/p>\n\n\n\n<p class=\"wp-block-paragraph\">Vam crear aix\u00ed , individualment o per grups a Margarita Esponja, a Mr. Scrumble, a un alter ego de Doraemon&#8230;per\u00f2 de seguida vam anar m\u00e9s enll\u00e0 i entre totes vam inventar un personatge. Haviem de pensar-ne els trets f\u00edsics per\u00f2 tamb\u00e9 la personalitat. Hav\u00edem de pensar tamb\u00e9 en uns super-poders que ens interessaven especialment per transformar la realitat com vol\u00edem.<\/p>\n\n\n\n<p class=\"wp-block-paragraph\">Vam decidir que tindria forma antropomorfa per\u00f2 amb cua d&#8217;animal, que seria de color blau i tindria els cabells llargs, del quals podrien n\u00e8ixer flors,  no binari, i que portaria sabates de tac\u00f3. No li posariem nom. <\/p>\n\n\n\n<p class=\"wp-block-paragraph\">Haviem de decidir on vivia, i vam pensar que la seva casa tingu\u00e9s forma de sabata de tac\u00f3 i estigu\u00e9s edificada a Santa Maria de Montcada, barri on les cases tenen for\u00e7a espai, i hi ha moltes zones verdes. <\/p>\n\n\n\n<p class=\"wp-block-paragraph\">Quant als seus poders, serien la telecinesi, la teletransportaci\u00f3, i podria canviar la seva al\u00e7ada a voluntat. Vam estar imaginant per a qu\u00e8 serien \u00fatils aquests poders.<\/p>\n\n\n\n<p class=\"wp-block-paragraph\">Quant a la representaci\u00f3 gr\u00e0fica del personatge, la Laura va pensar en fer l&#8217;enc\u00e0rrec a la il.lustradora Marina S\u00e1ez<\/p>\n\n\n\n<figure class=\"wp-block-image size-large is-resized\"><img loading=\"lazy\" decoding=\"async\" width=\"1024\" height=\"768\" src=\"\/ribera2026\/wp-content\/uploads\/2026\/06\/1776883179562-2-1024x768.jpg\" alt=\"\" class=\"wp-image-149\" style=\"width:441px;height:auto\" srcset=\"\/ribera2026\/wp-content\/uploads\/2026\/06\/1776883179562-2-1024x768.jpg 1024w, \/ribera2026\/wp-content\/uploads\/2026\/06\/1776883179562-2-300x225.jpg 300w, \/ribera2026\/wp-content\/uploads\/2026\/06\/1776883179562-2-768x576.jpg 768w, \/ribera2026\/wp-content\/uploads\/2026\/06\/1776883179562-2-1536x1152.jpg 1536w, \/ribera2026\/wp-content\/uploads\/2026\/06\/1776883179562-2.jpg 2048w\" sizes=\"auto, (max-width: 767px) 89vw, (max-width: 1000px) 54vw, (max-width: 1071px) 543px, 580px\" \/><\/figure>\n\n\n\n<p class=\"wp-block-paragraph\">A la seg\u00fcent sessi\u00f3 la Laura ens va portar el dibuix del personatge que haviem encarregat, asseguda i dempeus. Aqu\u00ed el\/la veieu asseguda<\/p>\n\n\n\n<figure class=\"wp-block-image size-large is-resized\"><img loading=\"lazy\" decoding=\"async\" width=\"1024\" height=\"768\" src=\"\/ribera2026\/wp-content\/uploads\/2026\/06\/IMG_9980-1024x768.jpeg\" alt=\"\" class=\"wp-image-150\" style=\"width:488px;height:auto\" srcset=\"\/ribera2026\/wp-content\/uploads\/2026\/06\/IMG_9980-1024x768.jpeg 1024w, \/ribera2026\/wp-content\/uploads\/2026\/06\/IMG_9980-300x225.jpeg 300w, \/ribera2026\/wp-content\/uploads\/2026\/06\/IMG_9980-768x576.jpeg 768w, \/ribera2026\/wp-content\/uploads\/2026\/06\/IMG_9980-1536x1152.jpeg 1536w, \/ribera2026\/wp-content\/uploads\/2026\/06\/IMG_9980-2048x1536.jpeg 2048w\" sizes=\"auto, (max-width: 767px) 89vw, (max-width: 1000px) 54vw, (max-width: 1071px) 543px, 580px\" \/><\/figure>\n\n\n\n<p class=\"wp-block-paragraph\"><\/p>\n","protected":false},"excerpt":{"rendered":"<p>En les seg\u00fcents sessions, la Laura Gin\u00e8s ens va proposar inventar un personatge de ciencia ficci\u00f3 de creaci\u00f3 pr\u00f2pia. O transformar aquells personatges que ens han acompanyat en el nostre ideari infantil-juvenil. Vam crear aix\u00ed , individualment o per grups a Margarita Esponja, a Mr. Scrumble, a un alter ego de Doraemon&#8230;per\u00f2 de seguida vam &hellip; <\/p>\n<p class=\"link-more\"><a href=\"\/ribera2026\/ens-visita-la-il-lustradora-marina-saez\/\" class=\"more-link\">Continua llegint <span class=\"screen-reader-text\">\u00abEns visita la il.lustradora Marina S\u00e1ez\u00bb<\/span><\/a><\/p>\n","protected":false},"author":4,"featured_media":0,"comment_status":"closed","ping_status":"","sticky":false,"template":"","format":"standard","meta":{"footnotes":""},"categories":[1],"tags":[],"class_list":["post-148","post","type-post","status-publish","format-standard","hentry","category-general"],"_links":{"self":[{"href":"\/ribera2026\/wp-json\/wp\/v2\/posts\/148","targetHints":{"allow":["GET"]}}],"collection":[{"href":"\/ribera2026\/wp-json\/wp\/v2\/posts"}],"about":[{"href":"\/ribera2026\/wp-json\/wp\/v2\/types\/post"}],"author":[{"embeddable":true,"href":"\/ribera2026\/wp-json\/wp\/v2\/users\/4"}],"replies":[{"embeddable":true,"href":"\/ribera2026\/wp-json\/wp\/v2\/comments?post=148"}],"version-history":[{"count":1,"href":"\/ribera2026\/wp-json\/wp\/v2\/posts\/148\/revisions"}],"predecessor-version":[{"id":151,"href":"\/ribera2026\/wp-json\/wp\/v2\/posts\/148\/revisions\/151"}],"wp:attachment":[{"href":"\/ribera2026\/wp-json\/wp\/v2\/media?parent=148"}],"wp:term":[{"taxonomy":"category","embeddable":true,"href":"\/ribera2026\/wp-json\/wp\/v2\/categories?post=148"},{"taxonomy":"post_tag","embeddable":true,"href":"\/ribera2026\/wp-json\/wp\/v2\/tags?post=148"}],"curies":[{"name":"wp","href":"https:\/\/api.w.org\/{rel}","templated":true}]}}