{"id":152,"date":"2026-06-29T21:14:13","date_gmt":"2026-06-29T19:14:13","guid":{"rendered":"\/ribera2026\/?p=152"},"modified":"2026-06-29T21:14:13","modified_gmt":"2026-06-29T19:14:13","slug":"estudis-danimacio-del-personatge","status":"publish","type":"post","link":"\/ribera2026\/estudis-danimacio-del-personatge\/","title":{"rendered":"Estudis d&#8217;animaci\u00f3 del personatge"},"content":{"rendered":"\n<p class=\"wp-block-paragraph\">Ara que ja ten\u00edem el personatge, la Laura ens proposa fer estudis de moviment basats en el mateix. Per animar-lo, i fer seq\u00fc\u00e8ncies, o fer-lo interactuar amb nosaltres i l&#8217;entorn<\/p>\n\n\n\n<figure class=\"wp-block-image size-large is-resized\"><img loading=\"lazy\" decoding=\"async\" width=\"768\" height=\"1024\" src=\"\/ribera2026\/wp-content\/uploads\/2026\/06\/IMG_9189-768x1024.jpeg\" alt=\"\" class=\"wp-image-153\" style=\"aspect-ratio:0.750008693535487;width:323px;height:auto\" srcset=\"\/ribera2026\/wp-content\/uploads\/2026\/06\/IMG_9189-768x1024.jpeg 768w, \/ribera2026\/wp-content\/uploads\/2026\/06\/IMG_9189-225x300.jpeg 225w, \/ribera2026\/wp-content\/uploads\/2026\/06\/IMG_9189-1152x1536.jpeg 1152w, \/ribera2026\/wp-content\/uploads\/2026\/06\/IMG_9189-1536x2048.jpeg 1536w, \/ribera2026\/wp-content\/uploads\/2026\/06\/IMG_9189-scaled.jpeg 1920w\" sizes=\"auto, (max-width: 767px) 89vw, (max-width: 1000px) 54vw, (max-width: 1071px) 543px, 580px\" \/><\/figure>\n\n\n\n<figure class=\"wp-block-image size-large is-resized\"><img loading=\"lazy\" decoding=\"async\" width=\"768\" height=\"1024\" src=\"\/ribera2026\/wp-content\/uploads\/2026\/06\/IMG_9190-768x1024.jpeg\" alt=\"\" class=\"wp-image-154\" style=\"aspect-ratio:0.750008693535487;width:379px;height:auto\" srcset=\"\/ribera2026\/wp-content\/uploads\/2026\/06\/IMG_9190-768x1024.jpeg 768w, \/ribera2026\/wp-content\/uploads\/2026\/06\/IMG_9190-225x300.jpeg 225w, \/ribera2026\/wp-content\/uploads\/2026\/06\/IMG_9190-1152x1536.jpeg 1152w, \/ribera2026\/wp-content\/uploads\/2026\/06\/IMG_9190-1536x2048.jpeg 1536w, \/ribera2026\/wp-content\/uploads\/2026\/06\/IMG_9190-scaled.jpeg 1920w\" sizes=\"auto, (max-width: 767px) 89vw, (max-width: 1000px) 54vw, (max-width: 1071px) 543px, 580px\" \/><\/figure>\n\n\n\n<figure class=\"wp-block-image size-large is-resized\"><img loading=\"lazy\" decoding=\"async\" width=\"768\" height=\"1024\" src=\"\/ribera2026\/wp-content\/uploads\/2026\/06\/IMG_9192-768x1024.jpeg\" alt=\"\" class=\"wp-image-155\" style=\"aspect-ratio:0.750008693535487;width:472px;height:auto\" srcset=\"\/ribera2026\/wp-content\/uploads\/2026\/06\/IMG_9192-768x1024.jpeg 768w, \/ribera2026\/wp-content\/uploads\/2026\/06\/IMG_9192-225x300.jpeg 225w, \/ribera2026\/wp-content\/uploads\/2026\/06\/IMG_9192-1152x1536.jpeg 1152w, \/ribera2026\/wp-content\/uploads\/2026\/06\/IMG_9192-1536x2048.jpeg 1536w, \/ribera2026\/wp-content\/uploads\/2026\/06\/IMG_9192-scaled.jpeg 1920w\" sizes=\"auto, (max-width: 767px) 89vw, (max-width: 1000px) 54vw, (max-width: 1071px) 543px, 580px\" \/><\/figure>\n\n\n\n<p class=\"wp-block-paragraph\">Tamb\u00e9 dissenyem la seva casa:<\/p>\n\n\n\n<figure class=\"wp-block-image size-large is-resized\"><img loading=\"lazy\" decoding=\"async\" width=\"768\" height=\"1024\" src=\"\/ribera2026\/wp-content\/uploads\/2026\/06\/IMG_9199-768x1024.jpeg\" alt=\"\" class=\"wp-image-156\" style=\"aspect-ratio:0.750008693535487;width:376px;height:auto\" srcset=\"\/ribera2026\/wp-content\/uploads\/2026\/06\/IMG_9199-768x1024.jpeg 768w, \/ribera2026\/wp-content\/uploads\/2026\/06\/IMG_9199-225x300.jpeg 225w, \/ribera2026\/wp-content\/uploads\/2026\/06\/IMG_9199-1152x1536.jpeg 1152w, \/ribera2026\/wp-content\/uploads\/2026\/06\/IMG_9199-1536x2048.jpeg 1536w, \/ribera2026\/wp-content\/uploads\/2026\/06\/IMG_9199-scaled.jpeg 1920w\" sizes=\"auto, (max-width: 767px) 89vw, (max-width: 1000px) 54vw, (max-width: 1071px) 543px, 580px\" \/><\/figure>\n\n\n\n<p class=\"wp-block-paragraph\"><\/p>\n","protected":false},"excerpt":{"rendered":"<p>Ara que ja ten\u00edem el personatge, la Laura ens proposa fer estudis de moviment basats en el mateix. Per animar-lo, i fer seq\u00fc\u00e8ncies, o fer-lo interactuar amb nosaltres i l&#8217;entorn Tamb\u00e9 dissenyem la seva casa:<\/p>\n","protected":false},"author":4,"featured_media":0,"comment_status":"closed","ping_status":"","sticky":false,"template":"","format":"standard","meta":{"footnotes":""},"categories":[1],"tags":[],"class_list":["post-152","post","type-post","status-publish","format-standard","hentry","category-general"],"_links":{"self":[{"href":"\/ribera2026\/wp-json\/wp\/v2\/posts\/152","targetHints":{"allow":["GET"]}}],"collection":[{"href":"\/ribera2026\/wp-json\/wp\/v2\/posts"}],"about":[{"href":"\/ribera2026\/wp-json\/wp\/v2\/types\/post"}],"author":[{"embeddable":true,"href":"\/ribera2026\/wp-json\/wp\/v2\/users\/4"}],"replies":[{"embeddable":true,"href":"\/ribera2026\/wp-json\/wp\/v2\/comments?post=152"}],"version-history":[{"count":1,"href":"\/ribera2026\/wp-json\/wp\/v2\/posts\/152\/revisions"}],"predecessor-version":[{"id":157,"href":"\/ribera2026\/wp-json\/wp\/v2\/posts\/152\/revisions\/157"}],"wp:attachment":[{"href":"\/ribera2026\/wp-json\/wp\/v2\/media?parent=152"}],"wp:term":[{"taxonomy":"category","embeddable":true,"href":"\/ribera2026\/wp-json\/wp\/v2\/categories?post=152"},{"taxonomy":"post_tag","embeddable":true,"href":"\/ribera2026\/wp-json\/wp\/v2\/tags?post=152"}],"curies":[{"name":"wp","href":"https:\/\/api.w.org\/{rel}","templated":true}]}}