{"id":54,"date":"2025-11-25T19:21:11","date_gmt":"2025-11-25T17:21:11","guid":{"rendered":"\/ribera2026\/?p=54"},"modified":"2025-11-25T19:21:11","modified_gmt":"2025-11-25T17:21:11","slug":"coneixem-a-la-laura-gines","status":"publish","type":"post","link":"\/ribera2026\/coneixem-a-la-laura-gines\/","title":{"rendered":"Coneixem a la Laura Gin\u00e8s&#8230;"},"content":{"rendered":"\n<p class=\"wp-block-paragraph\">Encetem el blog i per tant, fem un viatge des dels inicis de la nostra En Resid\u00e8ncia. No us extranyi si barregem passat, present i futur.<\/p>\n\n\n\n<p class=\"wp-block-paragraph\">La setmana anterior a con\u00e8ixer a la Laura, vam veure alguns dels seus videos i obres. <\/p>\n\n\n\n<p class=\"wp-block-paragraph\">Avui, dimecres 1 d&#8217;octubre, ja la tenim aqu\u00ed!!! <\/p>\n\n\n\n<p class=\"wp-block-paragraph\">Fem una rotllana on ens presentem i expliquem perqu\u00e8 vam escollir aquest projecte. La Laura es presenta tamb\u00e9 i parlem una mica, fem preguntes&#8230; Ens explica el video de les finestres que ella ho veia com si fos un piano per aix\u00f2 li va posar els colors blancs i negres, les tecles negres i blanques del piano, tamb\u00e9 explicava en aquest video una historia d\u2019amor.\u00a0<\/p>\n\n\n\n<p class=\"wp-block-paragraph\">Despr\u00e9s a la segona hora, fem una mena de joc, en qu\u00e8 hem de calcar un dibuix en poc temps, i cada persona posteriorment calca sobre el calc de la companya fins que&#8230;el resultat fa volar la imaginaci\u00f3 i \u00e9s ben curi\u00f3s. <br>Quan vam fer l\u2019activitat de calcar, al principi ens resultava una mica avorrit, per\u00f2 despr\u00e9s vam veure que cadasc\u00fa feia alguna cosa diferent i rara. No vam tenir fe perqu\u00e8 d\u00e8iem que sortir\u00e0 molt lletg, per\u00f2 quan la Laura ho va gravar va sortir molt bonic i satisfactori. Voldr\u00edem tornar a fer m\u00e9s activitats d\u2019aquestes perqu\u00e8 la veritat ens va agradar molt.<br><br><\/p>\n\n\n\n<figure class=\"wp-block-image size-large\"><img loading=\"lazy\" decoding=\"async\" width=\"768\" height=\"1024\" src=\"\/ribera2026\/wp-content\/uploads\/2025\/11\/PHOTO-2025-10-02-17-00-06-2-768x1024.jpg\" alt=\"\" class=\"wp-image-59\" srcset=\"\/ribera2026\/wp-content\/uploads\/2025\/11\/PHOTO-2025-10-02-17-00-06-2-768x1024.jpg 768w, \/ribera2026\/wp-content\/uploads\/2025\/11\/PHOTO-2025-10-02-17-00-06-2-225x300.jpg 225w, \/ribera2026\/wp-content\/uploads\/2025\/11\/PHOTO-2025-10-02-17-00-06-2-1152x1536.jpg 1152w, \/ribera2026\/wp-content\/uploads\/2025\/11\/PHOTO-2025-10-02-17-00-06-2.jpg 1200w\" sizes=\"auto, (max-width: 767px) 89vw, (max-width: 1000px) 54vw, (max-width: 1071px) 543px, 580px\" \/><\/figure>\n\n\n\n<figure class=\"wp-block-image size-large\"><img loading=\"lazy\" decoding=\"async\" width=\"768\" height=\"1024\" src=\"\/ribera2026\/wp-content\/uploads\/2025\/11\/PHOTO-2025-10-02-17-00-06-1-1-768x1024.jpg\" alt=\"\" class=\"wp-image-60\" srcset=\"\/ribera2026\/wp-content\/uploads\/2025\/11\/PHOTO-2025-10-02-17-00-06-1-1-768x1024.jpg 768w, \/ribera2026\/wp-content\/uploads\/2025\/11\/PHOTO-2025-10-02-17-00-06-1-1-225x300.jpg 225w, \/ribera2026\/wp-content\/uploads\/2025\/11\/PHOTO-2025-10-02-17-00-06-1-1-1152x1536.jpg 1152w, \/ribera2026\/wp-content\/uploads\/2025\/11\/PHOTO-2025-10-02-17-00-06-1-1.jpg 1200w\" sizes=\"auto, (max-width: 767px) 89vw, (max-width: 1000px) 54vw, (max-width: 1071px) 543px, 580px\" \/><\/figure>\n\n\n\n<figure class=\"wp-block-image size-full\"><img loading=\"lazy\" decoding=\"async\" width=\"900\" height=\"506\" src=\"\/ribera2026\/wp-content\/uploads\/2025\/11\/calc-1-1.gif\" alt=\"\" class=\"wp-image-61\"\/><\/figure>\n\n\n\n<figure class=\"wp-block-image size-full\"><img loading=\"lazy\" decoding=\"async\" width=\"900\" height=\"506\" src=\"\/ribera2026\/wp-content\/uploads\/2025\/11\/BAT-1.gif\" alt=\"\" class=\"wp-image-62\"\/><\/figure>\n","protected":false},"excerpt":{"rendered":"<p>Encetem el blog i per tant, fem un viatge des dels inicis de la nostra En Resid\u00e8ncia. No us extranyi si barregem passat, present i futur. La setmana anterior a con\u00e8ixer a la Laura, vam veure alguns dels seus videos i obres. Avui, dimecres 1 d&#8217;octubre, ja la tenim aqu\u00ed!!! Fem una rotllana on ens &hellip; <\/p>\n<p class=\"link-more\"><a href=\"\/ribera2026\/coneixem-a-la-laura-gines\/\" class=\"more-link\">Continua llegint <span class=\"screen-reader-text\">\u00abConeixem a la Laura Gin\u00e8s&#8230;\u00bb<\/span><\/a><\/p>\n","protected":false},"author":4,"featured_media":0,"comment_status":"closed","ping_status":"","sticky":false,"template":"","format":"standard","meta":{"footnotes":""},"categories":[1],"tags":[],"class_list":["post-54","post","type-post","status-publish","format-standard","hentry","category-general"],"_links":{"self":[{"href":"\/ribera2026\/wp-json\/wp\/v2\/posts\/54","targetHints":{"allow":["GET"]}}],"collection":[{"href":"\/ribera2026\/wp-json\/wp\/v2\/posts"}],"about":[{"href":"\/ribera2026\/wp-json\/wp\/v2\/types\/post"}],"author":[{"embeddable":true,"href":"\/ribera2026\/wp-json\/wp\/v2\/users\/4"}],"replies":[{"embeddable":true,"href":"\/ribera2026\/wp-json\/wp\/v2\/comments?post=54"}],"version-history":[{"count":1,"href":"\/ribera2026\/wp-json\/wp\/v2\/posts\/54\/revisions"}],"predecessor-version":[{"id":63,"href":"\/ribera2026\/wp-json\/wp\/v2\/posts\/54\/revisions\/63"}],"wp:attachment":[{"href":"\/ribera2026\/wp-json\/wp\/v2\/media?parent=54"}],"wp:term":[{"taxonomy":"category","embeddable":true,"href":"\/ribera2026\/wp-json\/wp\/v2\/categories?post=54"},{"taxonomy":"post_tag","embeddable":true,"href":"\/ribera2026\/wp-json\/wp\/v2\/tags?post=54"}],"curies":[{"name":"wp","href":"https:\/\/api.w.org\/{rel}","templated":true}]}}