{"id":76,"date":"2026-03-02T20:12:24","date_gmt":"2026-03-02T18:12:24","guid":{"rendered":"\/ribera2026\/?p=76"},"modified":"2026-03-02T20:12:24","modified_gmt":"2026-03-02T18:12:24","slug":"per-transformar-la-realitat-el-primer-es-imaginar-allo-que-no-existeix","status":"publish","type":"post","link":"\/ribera2026\/per-transformar-la-realitat-el-primer-es-imaginar-allo-que-no-existeix\/","title":{"rendered":"Per transformar la realitat, el primer \u00e9s imaginar all\u00f2 que no existeix"},"content":{"rendered":"\n<p class=\"wp-block-paragraph\">En les seg\u00fcents sessions a l&#8217;institut, vam estimular la nostra imaginaci\u00f3, barrejant elements de la realitat amb els desitjos i un imaginari. <\/p>\n\n\n\n<figure class=\"wp-block-image size-large is-resized\"><img loading=\"lazy\" decoding=\"async\" width=\"766\" height=\"1024\" src=\"\/ribera2026\/wp-content\/uploads\/2026\/03\/1762243641203-766x1024.jpg\" alt=\"\" class=\"wp-image-80\" style=\"aspect-ratio:0.7480577136514983;width:264px;height:auto\" srcset=\"\/ribera2026\/wp-content\/uploads\/2026\/03\/1762243641203-766x1024.jpg 766w, \/ribera2026\/wp-content\/uploads\/2026\/03\/1762243641203-224x300.jpg 224w, \/ribera2026\/wp-content\/uploads\/2026\/03\/1762243641203-768x1027.jpg 768w, \/ribera2026\/wp-content\/uploads\/2026\/03\/1762243641203-1149x1536.jpg 1149w, \/ribera2026\/wp-content\/uploads\/2026\/03\/1762243641203-1532x2048.jpg 1532w, \/ribera2026\/wp-content\/uploads\/2026\/03\/1762243641203-scaled.jpg 1915w\" sizes=\"auto, (max-width: 706px) 89vw, (max-width: 767px) 82vw, 740px\" \/><\/figure>\n\n\n\n<p class=\"wp-block-paragraph\">La Laura va imprimir les fotografies que vam fer en la darrera sortida, en blanc i negre, i ens va convidar a col.lorejar-les, incloent elements de fantasia i utopia. I per refor\u00e7ar aquesta idea va afegir-hi uns fulls Dina3 als marges perqu\u00e8 imagin\u00e9ssim una extensi\u00f3 d&#8217;aquest m\u00f3n i objectes reals. <\/p>\n\n\n\n<figure class=\"wp-block-image size-large is-resized\"><img loading=\"lazy\" decoding=\"async\" width=\"766\" height=\"1024\" src=\"\/ribera2026\/wp-content\/uploads\/2026\/03\/1762243641177-1-766x1024.jpg\" alt=\"\" class=\"wp-image-81\" style=\"aspect-ratio:0.7480577136514983;width:308px;height:auto\" srcset=\"\/ribera2026\/wp-content\/uploads\/2026\/03\/1762243641177-1-766x1024.jpg 766w, \/ribera2026\/wp-content\/uploads\/2026\/03\/1762243641177-1-224x300.jpg 224w, \/ribera2026\/wp-content\/uploads\/2026\/03\/1762243641177-1-768x1027.jpg 768w, \/ribera2026\/wp-content\/uploads\/2026\/03\/1762243641177-1-1149x1536.jpg 1149w, \/ribera2026\/wp-content\/uploads\/2026\/03\/1762243641177-1-1532x2048.jpg 1532w, \/ribera2026\/wp-content\/uploads\/2026\/03\/1762243641177-1-scaled.jpg 1915w\" sizes=\"auto, (max-width: 706px) 89vw, (max-width: 767px) 82vw, 740px\" \/><\/figure>\n\n\n\n<figure class=\"wp-block-image size-large is-resized\"><img loading=\"lazy\" decoding=\"async\" width=\"766\" height=\"1024\" src=\"\/ribera2026\/wp-content\/uploads\/2026\/03\/1762243641218-766x1024.jpg\" alt=\"\" class=\"wp-image-84\" style=\"aspect-ratio:0.7480058264548797;width:538px;height:auto\" srcset=\"\/ribera2026\/wp-content\/uploads\/2026\/03\/1762243641218-766x1024.jpg 766w, \/ribera2026\/wp-content\/uploads\/2026\/03\/1762243641218-224x300.jpg 224w, \/ribera2026\/wp-content\/uploads\/2026\/03\/1762243641218-768x1027.jpg 768w, \/ribera2026\/wp-content\/uploads\/2026\/03\/1762243641218-1149x1536.jpg 1149w, \/ribera2026\/wp-content\/uploads\/2026\/03\/1762243641218-1532x2048.jpg 1532w, \/ribera2026\/wp-content\/uploads\/2026\/03\/1762243641218-scaled.jpg 1915w\" sizes=\"auto, (max-width: 706px) 89vw, (max-width: 767px) 82vw, 740px\" \/><\/figure>\n\n\n\n<p class=\"wp-block-paragraph\">I tamb\u00e9 vam imaginar hist\u00f2ries a partir d&#8217;unes fotografies amb uns bonys extranys,<\/p>\n\n\n\n<figure class=\"wp-block-image size-full\"><img loading=\"lazy\" decoding=\"async\" width=\"960\" height=\"540\" src=\"\/ribera2026\/wp-content\/uploads\/2026\/03\/foto-bonyos-1.jpg\" alt=\"\" class=\"wp-image-82\" srcset=\"\/ribera2026\/wp-content\/uploads\/2026\/03\/foto-bonyos-1.jpg 960w, \/ribera2026\/wp-content\/uploads\/2026\/03\/foto-bonyos-1-300x169.jpg 300w, \/ribera2026\/wp-content\/uploads\/2026\/03\/foto-bonyos-1-768x432.jpg 768w\" sizes=\"auto, (max-width: 767px) 89vw, (max-width: 1000px) 54vw, (max-width: 1071px) 543px, 580px\" \/><\/figure>\n\n\n\n<figure class=\"wp-block-image size-full\"><img loading=\"lazy\" decoding=\"async\" width=\"960\" height=\"540\" src=\"\/ribera2026\/wp-content\/uploads\/2026\/03\/foto-bonyos-2.jpg\" alt=\"\" class=\"wp-image-83\" srcset=\"\/ribera2026\/wp-content\/uploads\/2026\/03\/foto-bonyos-2.jpg 960w, \/ribera2026\/wp-content\/uploads\/2026\/03\/foto-bonyos-2-300x169.jpg 300w, \/ribera2026\/wp-content\/uploads\/2026\/03\/foto-bonyos-2-768x432.jpg 768w\" sizes=\"auto, (max-width: 767px) 89vw, (max-width: 1000px) 54vw, (max-width: 1071px) 543px, 580px\" \/><\/figure>\n","protected":false},"excerpt":{"rendered":"<p>En les seg\u00fcents sessions a l&#8217;institut, vam estimular la nostra imaginaci\u00f3, barrejant elements de la realitat amb els desitjos i un imaginari. La Laura va imprimir les fotografies que vam fer en la darrera sortida, en blanc i negre, i ens va convidar a col.lorejar-les, incloent elements de fantasia i utopia. I per refor\u00e7ar aquesta &hellip; <\/p>\n<p class=\"link-more\"><a href=\"\/ribera2026\/per-transformar-la-realitat-el-primer-es-imaginar-allo-que-no-existeix\/\" class=\"more-link\">Continua llegint <span class=\"screen-reader-text\">\u00abPer transformar la realitat, el primer \u00e9s imaginar all\u00f2 que no existeix\u00bb<\/span><\/a><\/p>\n","protected":false},"author":4,"featured_media":0,"comment_status":"closed","ping_status":"","sticky":false,"template":"","format":"standard","meta":{"footnotes":""},"categories":[1],"tags":[],"class_list":["post-76","post","type-post","status-publish","format-standard","hentry","category-general"],"_links":{"self":[{"href":"\/ribera2026\/wp-json\/wp\/v2\/posts\/76","targetHints":{"allow":["GET"]}}],"collection":[{"href":"\/ribera2026\/wp-json\/wp\/v2\/posts"}],"about":[{"href":"\/ribera2026\/wp-json\/wp\/v2\/types\/post"}],"author":[{"embeddable":true,"href":"\/ribera2026\/wp-json\/wp\/v2\/users\/4"}],"replies":[{"embeddable":true,"href":"\/ribera2026\/wp-json\/wp\/v2\/comments?post=76"}],"version-history":[{"count":2,"href":"\/ribera2026\/wp-json\/wp\/v2\/posts\/76\/revisions"}],"predecessor-version":[{"id":85,"href":"\/ribera2026\/wp-json\/wp\/v2\/posts\/76\/revisions\/85"}],"wp:attachment":[{"href":"\/ribera2026\/wp-json\/wp\/v2\/media?parent=76"}],"wp:term":[{"taxonomy":"category","embeddable":true,"href":"\/ribera2026\/wp-json\/wp\/v2\/categories?post=76"},{"taxonomy":"post_tag","embeddable":true,"href":"\/ribera2026\/wp-json\/wp\/v2\/tags?post=76"}],"curies":[{"name":"wp","href":"https:\/\/api.w.org\/{rel}","templated":true}]}}