{"id":377,"date":"2025-01-08T11:41:28","date_gmt":"2025-01-08T09:41:28","guid":{"rendered":"\/sagrerasantandreu2025\/?p=377"},"modified":"2025-01-08T11:57:52","modified_gmt":"2025-01-08T09:57:52","slug":"comic-conjunt","status":"publish","type":"post","link":"\/sagrerasantandreu2025\/comic-conjunt\/","title":{"rendered":"C\u00f2mic conjunt"},"content":{"rendered":"\n<p class=\"wp-block-paragraph\">El primer dia que vam comen\u00e7ar tot el proc\u00e9s de crear un c\u00f2mic la Lara, ens va portar diversos c\u00f2mics i a continuaci\u00f3 nosaltres vam escollir un dels que hi havia. El c\u00f2mic que vam escollir era un que tractava sobre el punk, per altra banda, vam veure que hi ha diferents tipus de c\u00f2mics: en blanc i negre, en colors m\u00e9s vius, alguns hi havia lletres en altres frases&#8230;etc. i el vam anar llegint entre tots els del grup. A partir dels c\u00f2mics que ella va portar nosaltres vam crear uns c\u00f2mics amb el nostre estil i vam crear diverses hist\u00f2ries, per\u00f2 abans de comen\u00e7ar a dibuixar vam estar planejant com serien els personatges i que passaria a la hist\u00f2ria, vam agafar un parell de fulls en blanc.<\/p>\n\n\n\n<p class=\"wp-block-paragraph\"><\/p>\n\n\n\n<p class=\"wp-block-paragraph\"><\/p>\n\n\n\n<p class=\"wp-block-paragraph\">Un cop pensat tot el que far\u00edem vam comen\u00e7ar a dibuixar els personatges i a escriure la hist\u00f2ria, tot el proc\u00e9s de fer un c\u00f2mic va durar unes 6 sessions aproximadament.<\/p>\n\n\n\n<p class=\"wp-block-paragraph\">Quan vam haver acabat tots els c\u00f2mics els vam posar en com\u00fa i explicar de qu\u00e8 tractava el nostre c\u00f2mic al nostre grup.<\/p>\n\n\n\n<figure class=\"wp-block-image size-full\"><img loading=\"lazy\" decoding=\"async\" width=\"803\" height=\"599\" src=\"\/sagrerasantandreu2025\/wp-content\/uploads\/2025\/01\/Screenshot-2024-12-09-11.13.50.png\" alt=\"\" class=\"wp-image-383\" srcset=\"\/sagrerasantandreu2025\/wp-content\/uploads\/2025\/01\/Screenshot-2024-12-09-11.13.50.png 803w, \/sagrerasantandreu2025\/wp-content\/uploads\/2025\/01\/Screenshot-2024-12-09-11.13.50-300x224.png 300w, \/sagrerasantandreu2025\/wp-content\/uploads\/2025\/01\/Screenshot-2024-12-09-11.13.50-768x573.png 768w\" sizes=\"auto, (max-width: 767px) 89vw, (max-width: 1000px) 54vw, (max-width: 1071px) 543px, 580px\" \/><\/figure>\n","protected":false},"excerpt":{"rendered":"<p>El primer dia que vam comen\u00e7ar tot el proc\u00e9s de crear un c\u00f2mic la Lara, ens va portar diversos c\u00f2mics i a continuaci\u00f3 nosaltres vam escollir un dels que hi havia. El c\u00f2mic que vam escollir era un que tractava sobre el punk, per altra banda, vam veure que hi ha diferents tipus de c\u00f2mics: &hellip; <\/p>\n<p class=\"link-more\"><a href=\"\/sagrerasantandreu2025\/comic-conjunt\/\" class=\"more-link\">Continua llegint <span class=\"screen-reader-text\">\u00abC\u00f2mic conjunt\u00bb<\/span><\/a><\/p>\n","protected":false},"author":13,"featured_media":0,"comment_status":"open","ping_status":"open","sticky":false,"template":"","format":"standard","meta":{"footnotes":""},"categories":[1],"tags":[],"class_list":["post-377","post","type-post","status-publish","format-standard","hentry","category-general"],"_links":{"self":[{"href":"\/sagrerasantandreu2025\/wp-json\/wp\/v2\/posts\/377","targetHints":{"allow":["GET"]}}],"collection":[{"href":"\/sagrerasantandreu2025\/wp-json\/wp\/v2\/posts"}],"about":[{"href":"\/sagrerasantandreu2025\/wp-json\/wp\/v2\/types\/post"}],"author":[{"embeddable":true,"href":"\/sagrerasantandreu2025\/wp-json\/wp\/v2\/users\/13"}],"replies":[{"embeddable":true,"href":"\/sagrerasantandreu2025\/wp-json\/wp\/v2\/comments?post=377"}],"version-history":[{"count":3,"href":"\/sagrerasantandreu2025\/wp-json\/wp\/v2\/posts\/377\/revisions"}],"predecessor-version":[{"id":392,"href":"\/sagrerasantandreu2025\/wp-json\/wp\/v2\/posts\/377\/revisions\/392"}],"wp:attachment":[{"href":"\/sagrerasantandreu2025\/wp-json\/wp\/v2\/media?parent=377"}],"wp:term":[{"taxonomy":"category","embeddable":true,"href":"\/sagrerasantandreu2025\/wp-json\/wp\/v2\/categories?post=377"},{"taxonomy":"post_tag","embeddable":true,"href":"\/sagrerasantandreu2025\/wp-json\/wp\/v2\/tags?post=377"}],"curies":[{"name":"wp","href":"https:\/\/api.w.org\/{rel}","templated":true}]}}