{"id":382,"date":"2025-01-08T11:56:30","date_gmt":"2025-01-08T09:56:30","guid":{"rendered":"\/sagrerasantandreu2025\/?p=382"},"modified":"2025-01-08T11:56:30","modified_gmt":"2025-01-08T09:56:30","slug":"la-nostra-artista","status":"publish","type":"post","link":"\/sagrerasantandreu2025\/la-nostra-artista\/","title":{"rendered":"La nostra artista"},"content":{"rendered":"\n<p class=\"wp-block-paragraph\">Amb estudis de Disseny Gr\u00e0fic (EASD Llotja) i amb un Grau en Comunicaci\u00f3 i Cultura (Universitat de Barcelona). El seu treball art\u00edstic \u00e9s variat, inestable i intens. Li fan por les institucions, com moltes altres coses a la vida, tot i que creu que la por i el desig s\u2019assemblen. Li agradaria que l\u2019humor ho creu\u00e9s tot, per\u00f2 de vegades les coses no fan gr\u00e0cia.<\/p>\n\n\n\n<p class=\"wp-block-paragraph\">L&#8217;artista resident de Fabra i Coats: F\u00e0brica de Creaci\u00f3 Lara Mart\u00ednez \u00e9s l&#8217;escollida per desenvolupar un proc\u00e9s de creaci\u00f3 al llarg del curs vinent amb alumnes d&#8217;ESO de l&#8217;Institut La Sagrera Sant Andreu i els seus docents, en el marc del programa \u201cEN Resid\u00e8ncia L&#8217;elecci\u00f3 arriba despr\u00e9s d&#8217;una convocat\u00f2ria oberta publicada el mes de mar\u00e7 passat.<\/p>\n\n\n\n<p class=\"wp-block-paragraph\"> Ens est\u00e0 acompanyant durant aquest curs en l&#8217;optativa de creadors en residencia amb alumnes de 4 de l&#8217;ESO. Hem estat treballant junt amb ella en diferents projectes com un c\u00f2mic i ara comen\u00e7arem a fer un projecte, hem de fer un entrep\u00e0 de pollastre amb ai i oli.    <\/p>\n\n\n\n<p class=\"wp-block-paragraph\"><\/p>\n\n\n\n<figure class=\"wp-block-image size-full\"><img loading=\"lazy\" decoding=\"async\" width=\"760\" height=\"428\" src=\"\/sagrerasantandreu2025\/wp-content\/uploads\/2025\/01\/lara_martinez-760x428-1.jpg\" alt=\"\" class=\"wp-image-384\" srcset=\"\/sagrerasantandreu2025\/wp-content\/uploads\/2025\/01\/lara_martinez-760x428-1.jpg 760w, \/sagrerasantandreu2025\/wp-content\/uploads\/2025\/01\/lara_martinez-760x428-1-300x169.jpg 300w\" sizes=\"auto, (max-width: 706px) 89vw, (max-width: 767px) 82vw, 740px\" \/><\/figure>\n","protected":false},"excerpt":{"rendered":"<p>Amb estudis de Disseny Gr\u00e0fic (EASD Llotja) i amb un Grau en Comunicaci\u00f3 i Cultura (Universitat de Barcelona). El seu treball art\u00edstic \u00e9s variat, inestable i intens. Li fan por les institucions, com moltes altres coses a la vida, tot i que creu que la por i el desig s\u2019assemblen. Li agradaria que l\u2019humor ho &hellip; <\/p>\n<p class=\"link-more\"><a href=\"\/sagrerasantandreu2025\/la-nostra-artista\/\" class=\"more-link\">Continua llegint <span class=\"screen-reader-text\">\u00abLa nostra artista\u00bb<\/span><\/a><\/p>\n","protected":false},"author":13,"featured_media":0,"comment_status":"open","ping_status":"open","sticky":false,"template":"","format":"standard","meta":{"footnotes":""},"categories":[1],"tags":[],"class_list":["post-382","post","type-post","status-publish","format-standard","hentry","category-general"],"_links":{"self":[{"href":"\/sagrerasantandreu2025\/wp-json\/wp\/v2\/posts\/382","targetHints":{"allow":["GET"]}}],"collection":[{"href":"\/sagrerasantandreu2025\/wp-json\/wp\/v2\/posts"}],"about":[{"href":"\/sagrerasantandreu2025\/wp-json\/wp\/v2\/types\/post"}],"author":[{"embeddable":true,"href":"\/sagrerasantandreu2025\/wp-json\/wp\/v2\/users\/13"}],"replies":[{"embeddable":true,"href":"\/sagrerasantandreu2025\/wp-json\/wp\/v2\/comments?post=382"}],"version-history":[{"count":1,"href":"\/sagrerasantandreu2025\/wp-json\/wp\/v2\/posts\/382\/revisions"}],"predecessor-version":[{"id":389,"href":"\/sagrerasantandreu2025\/wp-json\/wp\/v2\/posts\/382\/revisions\/389"}],"wp:attachment":[{"href":"\/sagrerasantandreu2025\/wp-json\/wp\/v2\/media?parent=382"}],"wp:term":[{"taxonomy":"category","embeddable":true,"href":"\/sagrerasantandreu2025\/wp-json\/wp\/v2\/categories?post=382"},{"taxonomy":"post_tag","embeddable":true,"href":"\/sagrerasantandreu2025\/wp-json\/wp\/v2\/tags?post=382"}],"curies":[{"name":"wp","href":"https:\/\/api.w.org\/{rel}","templated":true}]}}