{"id":389,"date":"2024-12-24T16:31:05","date_gmt":"2024-12-24T14:31:05","guid":{"rendered":"\/sants2025\/?p=389"},"modified":"2024-12-24T16:31:05","modified_gmt":"2024-12-24T14:31:05","slug":"del-fandom-al-troleig","status":"publish","type":"post","link":"\/sants2025\/del-fandom-al-troleig\/","title":{"rendered":"DEL FANDOM AL TROLEIG"},"content":{"rendered":"\n<p class=\"wp-block-paragraph\">Los alumnos del proyecto tuvieron la oportunidad de ir a ver Del Fandom al Troleig invitados por V\u00edctor Mu\u00f1oz, de la Sala Beckett y estas son algunas de sus impresiones despu\u00e9s de ver la obra:<\/p>\n\n\n\n<p class=\"wp-block-paragraph\"><em>&nbsp;DEL FANDOM AL TROLEIG<\/em><\/p>\n\n\n\n<p class=\"wp-block-paragraph\">\u00abEl mi\u00e9rcoles d\u00eda 20\/11\/24 fuimos a ver una obra de teatro en la sala Beckett, en Poblenou.<\/p>\n\n\n\n<p class=\"wp-block-paragraph\">Aunque no entend\u00ed toda la obra me gust\u00f3 mucho porque creo que era muy diferente de las t\u00edpicas obras que nos lleva a ver el instituto.<\/p>\n\n\n\n<p class=\"wp-block-paragraph\">\u00a0Y me pareci\u00f3 muy graciosa, pero me sorprendieron algunas escenas que pienso que no eran muy apropiadas para nuestra edad.<\/p>\n\n\n\n<p class=\"wp-block-paragraph\">Considero que en lugar de ser todos actrices\u00a0 podr\u00edan haber puesto alg\u00fan chico, pero igualmente lo hicieron muy bien, pese a que estaban actuando para un p\u00fablico m\u00e1s dif\u00edcil como son los j\u00f3venes,  utilizaron palabras de nuestra \u00e9poca para que lo entendi\u00e9ramos.<\/p>\n\n\n\n<p class=\"wp-block-paragraph\">A pesar de que la obra dur\u00f3 una hora y media, no se hizo muy larga porque era entretenida y todo el rato era emocionante.<\/p>\n\n\n\n<p class=\"wp-block-paragraph\">S\u00ed que me aburr\u00ed en el coloquio porque dur\u00f3 mucho y las preguntas eran muy elaboradas, cosa que es normal ya que est\u00e1bamos con gente de 17 o 18 a\u00f1os y \u00e9ramos los \u00fanicos que ten\u00edamos 12 o 13. \u00ab<\/p>\n\n\n\n<p class=\"wp-block-paragraph\">Erik<\/p>\n","protected":false},"excerpt":{"rendered":"<p>Los alumnos del proyecto tuvieron la oportunidad de ir a ver Del Fandom al Troleig invitados por V\u00edctor Mu\u00f1oz, de la Sala Beckett y estas son algunas de sus impresiones despu\u00e9s de ver la obra: &nbsp;DEL FANDOM AL TROLEIG \u00abEl mi\u00e9rcoles d\u00eda 20\/11\/24 fuimos a ver una obra de teatro en la sala Beckett, en &hellip; <\/p>\n<p class=\"link-more\"><a href=\"\/sants2025\/del-fandom-al-troleig\/\" class=\"more-link\">Continua llegint <span class=\"screen-reader-text\">\u00abDEL FANDOM AL TROLEIG\u00bb<\/span><\/a><\/p>\n","protected":false},"author":15,"featured_media":0,"comment_status":"open","ping_status":"open","sticky":false,"template":"","format":"standard","meta":{"footnotes":""},"categories":[1],"tags":[],"class_list":["post-389","post","type-post","status-publish","format-standard","hentry","category-general"],"_links":{"self":[{"href":"\/sants2025\/wp-json\/wp\/v2\/posts\/389","targetHints":{"allow":["GET"]}}],"collection":[{"href":"\/sants2025\/wp-json\/wp\/v2\/posts"}],"about":[{"href":"\/sants2025\/wp-json\/wp\/v2\/types\/post"}],"author":[{"embeddable":true,"href":"\/sants2025\/wp-json\/wp\/v2\/users\/15"}],"replies":[{"embeddable":true,"href":"\/sants2025\/wp-json\/wp\/v2\/comments?post=389"}],"version-history":[{"count":1,"href":"\/sants2025\/wp-json\/wp\/v2\/posts\/389\/revisions"}],"predecessor-version":[{"id":390,"href":"\/sants2025\/wp-json\/wp\/v2\/posts\/389\/revisions\/390"}],"wp:attachment":[{"href":"\/sants2025\/wp-json\/wp\/v2\/media?parent=389"}],"wp:term":[{"taxonomy":"category","embeddable":true,"href":"\/sants2025\/wp-json\/wp\/v2\/categories?post=389"},{"taxonomy":"post_tag","embeddable":true,"href":"\/sants2025\/wp-json\/wp\/v2\/tags?post=389"}],"curies":[{"name":"wp","href":"https:\/\/api.w.org\/{rel}","templated":true}]}}