{"id":395,"date":"2025-03-06T11:49:07","date_gmt":"2025-03-06T09:49:07","guid":{"rendered":"\/sants2025\/?p=395"},"modified":"2025-03-06T11:49:07","modified_gmt":"2025-03-06T09:49:07","slug":"la-sessio-oberta","status":"publish","type":"post","link":"\/sants2025\/la-sessio-oberta\/","title":{"rendered":"LA SESSI\u00d3 OBERTA"},"content":{"rendered":"\n<p class=\"wp-block-paragraph\">\u201cEste \u00faltimo mi\u00e9rcoles 26 de febrero estuvimos presentando los avances que hemos ido haciendo durante el curso en el proyecto de teatro al que asistieron el equipo directivo y otros profesores y profesoras.<\/p>\n\n\n\n<p class=\"wp-block-paragraph\">Estuvimos de 11:30 de la ma\u00f1ana hasta las 16:30 de la tarde preparando la sesi\u00f3n. Durante las primeras horas estuvimos planeando una escena que \u00edbamos a representar y tambi\u00e9n estuvimos preparando lo que \u00edbamos a explicar y despu\u00e9s, a la 13:30, lleg\u00f3 lo mejor.<\/p>\n\n\n\n<p class=\"wp-block-paragraph\">Como \u00edbamos a estar hasta la tarde en el teatro, el representante de la Sala Beckett nos trajo unas pizzas, las cuales disfrutamos mucho,y despu\u00e9s de comer y jugar un poco seguimos practicando la presentaci\u00f3n,y a las 15:30 lleg\u00f3 el el profesorado y empezamos la presentaci\u00f3n, que dur\u00f3 m\u00e1s o menos una hora y media\u201d<\/p>\n\n\n\n<p class=\"wp-block-paragraph\"><strong>Erik Garz\u00f3n<\/strong><\/p>\n\n\n\n<p class=\"wp-block-paragraph\"><a><\/a> \u00abPrimero preparamos una escena de la obra para representarla enfrente de unos quince profesores y la direcci\u00f3n del instituto.Luego nos repartimos en unos cinco grupos que se encargaban de la presentaci\u00f3n de la sesi\u00f3n.<\/p>\n\n\n\n<p class=\"wp-block-paragraph\">Preesentamos un juego el cual hac\u00edamos antes de cada clase que nos ha servido mucho para controlar la risa en la obra y perder la verg\u00fcenza de hacer el rid\u00edculo enfrente de compa\u00f1eros. Para explicarles a los profesores el trabajo que hemos hecho salimos algunos de nosotros a explicarlo,como lo que hay detr\u00e1s de la obra, todo el trabajo del texto, la utiler\u00eda, la escenograf\u00eda, el vestuario y la iluminaci\u00f3n de la obra. La verdad es que me sent\u00ed muy bien, muy a gusto y sin miedo a hablar delante de los profesores\u00bb.<\/p>\n\n\n\n<p class=\"wp-block-paragraph\"><strong>Biel Esqu\u00e9<\/strong><\/p>\n\n\n\n<p class=\"wp-block-paragraph\"><a><\/a> \u00abPara la sesi\u00f3n abierta primero fuimos a comer todos juntos pizzas que nos trajeron de la Sala Beckett y fue un momento muy bonito, ya que nunca hab\u00edamos comido juntos.<\/p>\n\n\n\n<p class=\"wp-block-paragraph\">Despu\u00e9s cuando llegaron los profesores les presentamos una de las muchas escenas de la obra que hemos preparado.<\/p>\n\n\n\n<p class=\"wp-block-paragraph\">Seguidamente les hicimos una breve explicaci\u00f3n sobre cada una de las partes que ten\u00eda que haber detr\u00e1s de la obra para que se pudiera poner en marcha y finalmente hablamos un poco sobre el tema del que trata la obra.<\/p>\n\n\n\n<p class=\"wp-block-paragraph\">Esa obra la presentamos a los profesores del institut Sants de diferentes materias y al equipo directivo, que tambi\u00e9n asisiti\u00f3.<\/p>\n\n\n\n<p class=\"wp-block-paragraph\">Al empezar nos sintimos un poco atacados por los nervios, que nos jugaron una mala pasada pero cada vez nos sentimos m\u00e1s c\u00f3modos y la tensi\u00f3n fue desapareciendo.<\/p>\n\n\n\n<p class=\"wp-block-paragraph\">Al final para nosotros era un lugar seguro enn el que pudimos dar nuestras opiniones y abrirnos con total libertad.<\/p>\n\n\n\n<p class=\"wp-block-paragraph\">Nosotras nos sentimos muy c\u00f3modas gracias a nuestro entorno, ya que todos se implicaron mucho y hicieron que fuera un momento inolvidable\u00bb.<\/p>\n\n\n\n<p class=\"wp-block-paragraph\"><strong>Rita y Luc\u00eda<\/strong><\/p>\n\n\n\n<figure class=\"wp-block-gallery has-nested-images columns-default is-cropped wp-block-gallery-1 is-layout-flex wp-block-gallery-is-layout-flex\"><\/figure>\n","protected":false},"excerpt":{"rendered":"<p>\u201cEste \u00faltimo mi\u00e9rcoles 26 de febrero estuvimos presentando los avances que hemos ido haciendo durante el curso en el proyecto de teatro al que asistieron el equipo directivo y otros profesores y profesoras. Estuvimos de 11:30 de la ma\u00f1ana hasta las 16:30 de la tarde preparando la sesi\u00f3n. Durante las primeras horas estuvimos planeando una &hellip; <\/p>\n<p class=\"link-more\"><a href=\"\/sants2025\/la-sessio-oberta\/\" class=\"more-link\">Continua llegint <span class=\"screen-reader-text\">\u00abLA SESSI\u00d3 OBERTA\u00bb<\/span><\/a><\/p>\n","protected":false},"author":15,"featured_media":0,"comment_status":"open","ping_status":"open","sticky":false,"template":"","format":"standard","meta":{"footnotes":""},"categories":[1],"tags":[],"class_list":["post-395","post","type-post","status-publish","format-standard","hentry","category-general"],"_links":{"self":[{"href":"\/sants2025\/wp-json\/wp\/v2\/posts\/395","targetHints":{"allow":["GET"]}}],"collection":[{"href":"\/sants2025\/wp-json\/wp\/v2\/posts"}],"about":[{"href":"\/sants2025\/wp-json\/wp\/v2\/types\/post"}],"author":[{"embeddable":true,"href":"\/sants2025\/wp-json\/wp\/v2\/users\/15"}],"replies":[{"embeddable":true,"href":"\/sants2025\/wp-json\/wp\/v2\/comments?post=395"}],"version-history":[{"count":1,"href":"\/sants2025\/wp-json\/wp\/v2\/posts\/395\/revisions"}],"predecessor-version":[{"id":405,"href":"\/sants2025\/wp-json\/wp\/v2\/posts\/395\/revisions\/405"}],"wp:attachment":[{"href":"\/sants2025\/wp-json\/wp\/v2\/media?parent=395"}],"wp:term":[{"taxonomy":"category","embeddable":true,"href":"\/sants2025\/wp-json\/wp\/v2\/categories?post=395"},{"taxonomy":"post_tag","embeddable":true,"href":"\/sants2025\/wp-json\/wp\/v2\/tags?post=395"}],"curies":[{"name":"wp","href":"https:\/\/api.w.org\/{rel}","templated":true}]}}