{"id":411,"date":"2025-06-26T12:22:59","date_gmt":"2025-06-26T10:22:59","guid":{"rendered":"\/sants2025\/?p=411"},"modified":"2025-06-26T12:26:03","modified_gmt":"2025-06-26T10:26:03","slug":"mi-experiencia-en-la-sala-beckett","status":"publish","type":"post","link":"\/sants2025\/mi-experiencia-en-la-sala-beckett\/","title":{"rendered":"MI EXPERIENCIA EN LA SALA BECKETT"},"content":{"rendered":"\n<p class=\"wp-block-paragraph\">\u201cEl martes 27 de mayo fuimos a la sala Beckett a ensayar y nos ense\u00f1aron las instalaciones, el ba\u00f1o\u2026<\/p>\n\n\n\n<p class=\"wp-block-paragraph\">Primero estuvimos en un aula, ensayando pero sin actuar, con Cristina y Juan Carlos, nuestros profesores. Luego Denise nos llev\u00f3 a la sala donde \u00edbamos a representar la obra, un sitio con camerinos y butacas donde nos encontramos muy c\u00f3modos. Ensayamos y representamos y nos fuimos a comer.<\/p>\n\n\n\n<p class=\"wp-block-paragraph\">Por la tarde la volvimos a representar para perfeccionarla.<\/p>\n\n\n\n<p class=\"wp-block-paragraph\">El d\u00eda 28 era el estreno de la obra, fuimos a la sala&nbsp; antes que el anterior dia y ensayamos toda la ma\u00f1ana y despu\u00e9s de comer nos empezamos a preparar,<\/p>\n\n\n\n<p class=\"wp-block-paragraph\">a ponernos la ropa, peinados y maquillaje.<\/p>\n\n\n\n<p class=\"wp-block-paragraph\">A la hora de actuar, que era a las 18:00, algunos padres se retrasaron porque los tranv\u00edas&nbsp; no funcionaban. Llegaron sobre las 18:20 y ya empezamos a prepararnos para salir al escenario, al principio hubo nervios pero luego sali\u00f3 genial\u2026<\/p>\n\n\n\n<p class=\"wp-block-paragraph\">Me ha gustado todo. Quiero agradecer a la Sala Beckett por dejarnos actuar all\u00ed, ya que para todos nosotros ha sido un privilegio vivir esta experiencia.\u201d<\/p>\n\n\n\n<p class=\"wp-block-paragraph\">\u00a0\u00a0\u00a0\u00a0\u00a0\u00a0\u00a0\u00a0\u00a0\u00a0\u00a0\u00a0\u00a0\u00a0\u00a0\u00a0\u00a0\u00a0\u00a0\u00a0\u00a0\u00a0\u00a0\u00a0\u00a0\u00a0\u00a0\u00a0\u00a0\u00a0\u00a0\u00a0\u00a0\u00a0\u00a0\u00a0\u00a0\u00a0\u00a0\u00a0\u00a0\u00a0\u00a0\u00a0\u00a0\u00a0\u00a0\u00a0\u00a0\u00a0\u00a0\u00a0\u00a0\u00a0\u00a0\u00a0\u00a0\u00a0\u00a0\u00a0\u00a0\u00a0\u00a0\u00a0\u00a0\u00a0\u00a0\u00a0\u00a0\u00a0\u00a0\u00a0\u00a0\u00a0\u00a0\u00a0\u00a0\u00a0\u00a0\u00a0\u00a0\u00a0\u00a0\u00a0\u00a0\u00a0\u00a0\u00a0\u00a0\u00a0\u00a0\u00a0\u00a0\u00a0\u00a0\u00a0\u00a0\u00a0\u00a0\u00a0\u00a0\u00a0\u00a0\u00a0\u00a0\u00a0\u00a0\u00a0\u00a0\u00a0\u00a0\u00a0\u00a0\u00a0\u00a0\u00a0\u00a0\u00a0\u00a0\u00a0Luc\u00eda\u00a0Garc\u00eda<\/p>\n\n\n\n<p class=\"wp-block-paragraph\">\u201cAl llegar al instituto nos informaron de que a las 8:30 ten\u00edamos que ir a la entrada para despu\u00e9s ir a la Sala Beckett. Una vez salimos del instituto nos dirigimos hasta la parada donde despu\u00e9s de esperar un rato cogimos el bus para dirigirnos a la sala Beckett.Una vez llegamos nos dejaron desayunar antes de entrar al teatro.<\/p>\n\n\n\n<p class=\"wp-block-paragraph\">Cuando nos dejaron entrar subimos a una sala donde nos pusimos a repasar la obra y la le\u00edmos tres veces. Al acabar de practicar salimos a descansar en una peque\u00f1a plaza que hay ah\u00ed cerca. Al volver nos ense\u00f1aron la sala donde \u00edbamos a actuar y realmente&nbsp; me gust\u00f3 mucho la sala, solo que le ir\u00eda bien que la pintaran de nuevo. Estuvimos practicando con mesas y todo el atrezzo durante un rato.&nbsp;<\/p>\n\n\n\n<p class=\"wp-block-paragraph\">Pasadas unas horas fuimos a comer a la misma plaza donde descansamos. \u201c<\/p>\n\n\n\n<p class=\"wp-block-paragraph\">&nbsp;&nbsp;&nbsp;&nbsp;&nbsp;&nbsp;&nbsp;&nbsp;&nbsp;&nbsp;&nbsp;&nbsp;&nbsp;&nbsp;&nbsp;&nbsp;&nbsp;&nbsp;&nbsp;&nbsp;&nbsp;&nbsp;&nbsp;&nbsp;&nbsp;&nbsp;&nbsp;&nbsp;&nbsp;&nbsp;&nbsp;&nbsp;&nbsp;&nbsp;&nbsp;&nbsp;&nbsp;&nbsp;&nbsp;&nbsp;&nbsp;&nbsp;&nbsp;&nbsp;&nbsp;&nbsp;&nbsp;&nbsp;&nbsp;&nbsp;&nbsp;&nbsp;&nbsp;&nbsp;&nbsp;&nbsp;&nbsp;&nbsp;&nbsp;&nbsp;&nbsp;&nbsp;&nbsp;&nbsp;&nbsp;&nbsp;&nbsp;&nbsp;&nbsp;&nbsp;&nbsp;&nbsp;&nbsp;&nbsp;&nbsp;&nbsp;&nbsp;&nbsp;&nbsp;&nbsp;&nbsp;&nbsp;&nbsp;&nbsp;&nbsp;&nbsp;&nbsp;&nbsp;&nbsp;&nbsp;&nbsp;&nbsp;&nbsp;&nbsp;&nbsp;&nbsp;&nbsp;&nbsp;&nbsp;&nbsp;&nbsp;&nbsp;&nbsp;&nbsp;&nbsp;&nbsp;&nbsp;&nbsp;&nbsp;&nbsp;&nbsp;&nbsp;&nbsp;F\u00e8lix Mu\u00f1oz<\/p>\n\n\n\n<p class=\"wp-block-paragraph\">\u201cFuimos a la Sala Beckett dos d\u00edas, el martes 27 y el mi\u00e9rcoles 28 de mayo.<\/p>\n\n\n\n<p class=\"wp-block-paragraph\">El martes 27 de mayo estuvimos todo el d\u00eda ensayando, Denise nos fue llevando a la sala donde \u00edbamos a actuar para que vi\u00e9ramos un poco el proceso de preparar la sala (luces, mesas, material). Mientras ensay\u00e1bamos Denise nos iba dando algunas indicaciones.&nbsp;<\/p>\n\n\n\n<p class=\"wp-block-paragraph\">Despu\u00e9s tuvimos un descanso de una hora y media para comer y jugar un poco. Cuando acabamos empezamos a ensayar en la sala en la que \u00edbamos a actuar, pero Denise ya no nos daba indicaciones, solo lo hizo cuando acabamos la obra.<\/p>\n\n\n\n<p class=\"wp-block-paragraph\">El mi\u00e9rcoles 28 de mayo fuimos a la Sala Beckett un poco antes y empezamos a ensayar directamente en la sala. Interpretamos la obra dos o tres veces y nos fuimos a comer.<\/p>\n\n\n\n<p class=\"wp-block-paragraph\">Despu\u00e9s hicimos la obra dos veces sin ninguna indicaci\u00f3n, y cuando acabamos bajamos a los camerinos. Estuvimos ah\u00ed un rato para cambiarnos, peinarnos, y todo eso. Empezaron a llegar padres, madres y profes del instituto, y luego actuamos delante de todos. Me daba un poco de miedo porque hab\u00eda gente que no se sab\u00eda muy bien el texto, pero siempre hab\u00eda otra persona para salvar la escena, as\u00ed que me qued\u00e9 un poco m\u00e1s tranquilo.&nbsp;<\/p>\n\n\n\n<p class=\"wp-block-paragraph\">Al finalizar la obra hicimos un coloquio para que la gente hiciera preguntas sobre la obra o el proyecto y despu\u00e9s le dimos una sorpresa a Denise por habernos ayudado tanto.&nbsp;<\/p>\n\n\n\n<p class=\"wp-block-paragraph\">Yo me sent\u00ed bastante c\u00f3modo con el grupo y muy contento del resultado de la obra.<\/p>\n\n\n\n<p class=\"wp-block-paragraph\">Me ha encantado hacer este proyecto, es una pena no poder repetirlo porque yo lo har\u00eda sin pensarlo dos veces.\u201d<\/p>\n\n\n\n<p class=\"wp-block-paragraph\">&nbsp;&nbsp;&nbsp;&nbsp;&nbsp;&nbsp;&nbsp;&nbsp;&nbsp;&nbsp;&nbsp;&nbsp;&nbsp;&nbsp;&nbsp;&nbsp;&nbsp;&nbsp;&nbsp;&nbsp;&nbsp;&nbsp;&nbsp;&nbsp;&nbsp;&nbsp;&nbsp;&nbsp;&nbsp;&nbsp;&nbsp;&nbsp;&nbsp;&nbsp;&nbsp;&nbsp;&nbsp;&nbsp;&nbsp;&nbsp;&nbsp;&nbsp;&nbsp;&nbsp;&nbsp;&nbsp;&nbsp;&nbsp;&nbsp;&nbsp;&nbsp;&nbsp;&nbsp;&nbsp;&nbsp;&nbsp;&nbsp;&nbsp;&nbsp;&nbsp;&nbsp;&nbsp;&nbsp;&nbsp;&nbsp;&nbsp;&nbsp;&nbsp;&nbsp;&nbsp;&nbsp;&nbsp;&nbsp;&nbsp;&nbsp;&nbsp;&nbsp;&nbsp;&nbsp;&nbsp;&nbsp;&nbsp;&nbsp;&nbsp;&nbsp;&nbsp;&nbsp;&nbsp;&nbsp;&nbsp;&nbsp;&nbsp;&nbsp;&nbsp;&nbsp;&nbsp;&nbsp;&nbsp;&nbsp;&nbsp;&nbsp;&nbsp;&nbsp;&nbsp;Humbert Freitas<\/p>\n\n\n\n<p class=\"wp-block-paragraph\"><em>\u201cEl d\u00eda del ensayo.<\/em><\/p>\n\n\n\n<p class=\"wp-block-paragraph\">El 27 de mayo fuimos a la sala Beckett a ensayar nuestra obra La \u00faltima lecci\u00f3n.&nbsp;<\/p>\n\n\n\n<p class=\"wp-block-paragraph\">Llegamos y esperamos a Denise Duncan, la dramaturga. Nos ense\u00f1\u00f3 un poco toda la sala Beckett, nos llev\u00f3 a una clase donde acabar\u00edamos de repasar el texto, y despu\u00e9s ya nos ense\u00f1\u00f3 la sala donde \u00edbamos a actuar.<\/p>\n\n\n\n<p class=\"wp-block-paragraph\">Cuando ya est\u00e1bamos en la sala hicimos un primer pase de la obra donde Denise nos iba corrigiendo (el volumen, a no dar la espalda\u2026) cuando acabamos Denise nos dio tiempo libre afuera. Luego cuando volvimos hicimos unos dos pases sin corregir nada. Al cabo de&nbsp; un rato fuimos a fuera otra vez a fuera a comer.&nbsp;<\/p>\n\n\n\n<p class=\"wp-block-paragraph\">Por la tarde Denise nos present\u00f3 al t\u00e9cnico de luces. Y hicimos un pase con las luces de la obra parando y acabando de corregir algunas cosas. Al final hicimos unos pases m\u00e1s y ya nos fuimos cada uno a su casa.<\/p>\n\n\n\n<p class=\"wp-block-paragraph\"><em>El d\u00eda de la obra<\/em><\/p>\n\n\n\n<p class=\"wp-block-paragraph\">El d\u00eda de la obra fuimos sobre las 8:15 todos a la Sala Beckett. Cuando llegamos ya estaba Denise en la sala. Nos dio otra clase para acabar de repasar bien el texto.&nbsp;<\/p>\n\n\n\n<p class=\"wp-block-paragraph\">En la clase Denis nos present\u00f3 a una de una serie que se llama <em>Com si fos ahir <\/em>era la que interpretaba el papel de Gemma.<\/p>\n\n\n\n<p class=\"wp-block-paragraph\">&nbsp;Luego ya fuimos a la sala, hicimos un pase y nos fuimos a almorzar. Un tiempo m\u00e1s tarde cuando acabamos hicimos la obra como tres veces m\u00e1s, y nos fuimos a comer.<\/p>\n\n\n\n<p class=\"wp-block-paragraph\">Acabamos de comer y Victor, un trabajador de la Sala Beckett, nos ense\u00f1\u00f3 los camerinos.<\/p>\n\n\n\n<p class=\"wp-block-paragraph\">Despu\u00e9s hicimos un pase m\u00e1s y nos dej\u00f3 ir a los camerinos para relajarnos, pero yo estuve arriba con el piano practicando para la obra. Denise y el t\u00e9cnico de luces me hicieron una broma.<\/p>\n\n\n\n<p class=\"wp-block-paragraph\"><em>C\u00f3mo me sent\u00ed<\/em><\/p>\n\n\n\n<p class=\"wp-block-paragraph\">Yo me sent\u00ed muy bien porque el grupo es muy bonito y&nbsp; Denise es muy divertida y todos le hemos cogido mucha confianza. Lo que m\u00e1s me ha gustado ha sido conocer a la actriz de la serie. Lo que menos me gust\u00f3 fueron los diez minutos antes de empezar porque ten\u00eda muchos nervios pero a la que empezamos ya se me quitaron.<\/p>\n\n\n\n<p class=\"wp-block-paragraph\">Vinieron a verme mi hermana peque\u00f1a, mi padre, mi madre, mis abuelos, mi prima y dos amigas m\u00edas. Todos ellos alucinaron con lo bien que actu\u00e9 y con lo bien que toqu\u00e9 el piano. Todos me felicitaron.<\/p>\n\n\n\n<p class=\"wp-block-paragraph\">Fue una experiencia muy bonita y divertida por el v\u00ednculo que hemos hecho con el grupo y la dramaturga.\u201d<\/p>\n\n\n\n<p class=\"wp-block-paragraph\">&nbsp;&nbsp;&nbsp;&nbsp;&nbsp;&nbsp;&nbsp;&nbsp;&nbsp;&nbsp;&nbsp;&nbsp;&nbsp;&nbsp;&nbsp;&nbsp;&nbsp;&nbsp;&nbsp;&nbsp;&nbsp;&nbsp;&nbsp;&nbsp;&nbsp;&nbsp;&nbsp;&nbsp;&nbsp;&nbsp;&nbsp;&nbsp;&nbsp;&nbsp;&nbsp;&nbsp;&nbsp;&nbsp;&nbsp;&nbsp;&nbsp;&nbsp;&nbsp;&nbsp;&nbsp;&nbsp;&nbsp;&nbsp;&nbsp;&nbsp;&nbsp;&nbsp;&nbsp;&nbsp;&nbsp;&nbsp;&nbsp;&nbsp;&nbsp;&nbsp;&nbsp;&nbsp;&nbsp;&nbsp;&nbsp;&nbsp;&nbsp;&nbsp;&nbsp;&nbsp;&nbsp;&nbsp;&nbsp;&nbsp;&nbsp;&nbsp;&nbsp;&nbsp;&nbsp;&nbsp;&nbsp;&nbsp;&nbsp;&nbsp;&nbsp;&nbsp;&nbsp;&nbsp;&nbsp;&nbsp;&nbsp;&nbsp;&nbsp;&nbsp;&nbsp;&nbsp;&nbsp;&nbsp;&nbsp;&nbsp;&nbsp;&nbsp;&nbsp;&nbsp;&nbsp;&nbsp;&nbsp;&nbsp;&nbsp;&nbsp;&nbsp;Joana Violan<\/p>\n\n\n\n<p class=\"wp-block-paragraph\">\u201cEl Martes, 27 de mayo fuimos a la sala Beckett, nos ense\u00f1aron las instalaciones, Despu\u00e9s nos preparamos para ense\u00f1ar nuestra obra del proyecto \u2018 En Residencia \u2018, La \u00faltima lecci\u00f3n. Nuestra dramaturga nos ense\u00f1\u00f3 la sala donde preparamos todos, y otra donde har\u00edamos la obra. La dramaturga, <strong>Denise Duncan <\/strong>hizo la obra y fue la directora, pero nosotros, los actores, hicimos algunos cambios para que esta fuera buena.<br><br>La Sala Beckett est\u00e1 inspirada y se basa en el dramaturgo irland\u00e9s Samuel Beckett, un importante escritor del siglo 20 que revolucion\u00f3 el g\u00e9nero de Teatro Moderno. La sala Beckett fue inaugurada en 1989 como sede de la compa\u00f1\u00eda \u00abEl Teatro Fronterizo\u00bb, dirigida por el dramaturgo Jose Sanchis Siniestra, desde sus primeros pasos se ha caracterizado por su inter\u00e9s en la dramaturgia contempor\u00e1nea en cualquier idioma y en la organizaci\u00f3n de montajes de peque\u00f1o formato. Estaba ubicada en el local inferior de un inmueble que tambi\u00e9n albergaba una escuela de circo y la sede de la compa\u00f1\u00eda de marionetas Els Rocamora. El local fue habilitado por los arquitectos de Coop d&#8217;Idees Emma Villanueva, Pep Garcia Cors y Francesc L\u00f3pez Pav\u00f3n.<br><br>Estuvimos en la Sala Beckett desde las 10:00 hasta las 18:00, hicimos una pausa de 30 minutos para desayunar y otra para comer. En total estuvimos en la sala Beckett seis horas, sin parar de actuar. Lo preparamos todo para el d\u00eda siguiente, el d\u00eda de la obra.<br><br>El d\u00eda del gran d\u00eda fue como el martes, primero hicimos ensayos, y a las 18:00 hubo un retraso de la obra porque el tranv\u00eda se hab\u00eda estropeado. Despu\u00e9s de actuar y hacer la obra ( \u00a1nos sali\u00f3 incre\u00edble! ), todo el mundo estaba super nervioso, y despu\u00e9s de la obra hicimos un coloquio, donde nuestra dramaturga se puso a llorar por los buenos comentarios que hicimos sobre ella. Despu\u00e9s nos fuimos a casa\u201d.<\/p>\n\n\n\n<p class=\"wp-block-paragraph\">\u00a0\u00a0\u00a0\u00a0\u00a0\u00a0\u00a0\u00a0\u00a0\u00a0\u00a0\u00a0\u00a0\u00a0\u00a0\u00a0\u00a0\u00a0\u00a0\u00a0\u00a0\u00a0\u00a0\u00a0\u00a0\u00a0\u00a0\u00a0\u00a0\u00a0\u00a0\u00a0\u00a0\u00a0\u00a0\u00a0\u00a0\u00a0\u00a0\u00a0\u00a0\u00a0\u00a0\u00a0\u00a0\u00a0\u00a0\u00a0\u00a0\u00a0\u00a0\u00a0\u00a0\u00a0\u00a0\u00a0\u00a0\u00a0\u00a0\u00a0\u00a0\u00a0\u00a0\u00a0\u00a0\u00a0\u00a0\u00a0\u00a0\u00a0\u00a0\u00a0                                    Pol Pujol\u00a0\u00a0\u00a0\u00a0\u00a0\u00a0\u00a0\u00a0\u00a0\u00a0\u00a0<\/p>\n\n\n\n<p class=\"wp-block-paragraph\">\u00a0\u00a0\u00a0\u00a0\u00a0\u00a0\u00a0\u00a0\u00a0\u00a0\u00a0\u00a0\u00a0\u00a0\u00a0\u00a0\u00a0\u00a0\u00a0\u00a0\u00a0\u00a0\u00a0\u00a0\u00a0\u00a0\u00a0\u00a0\u00a0\u00a0\u00a0\u00a0\u00a0\u00a0\u00a0\u00a0\u00a0\u00a0\u00a0\u00a0\u00a0\u00a0\u00a0\u00a0\u00a0\u00a0\u00a0\u00a0\u00a0\u00a0\u00a0\u00a0\u00a0\u00a0\u00a0\u00a0\u00a0\u00a0\u00a0\u00a0\u00a0\u00a0\u00a0\u00a0\u00a0\u00a0\u00a0\u00a0\u00a0\u00a0\u00a0\u00a0\u00a0\u00a0\u00a0\u00a0\u00a0\u00a0\u00a0\u00a0\u00a0\u00a0\u00a0\u00a0\u00a0\u00a0\u00a0\u00a0\u00a0\u00a0\u00a0\u00a0\u00a0\u00a0\u00a0\u00a0\u00a0\u00a0\u00a0\u00a0\u00a0\u00a0\u00a0\u00a0\u00a0\u00a0\u00a0\u00a0\u00a0\u00a0\u00a0\u00a0\u00a0\u00a0\u00a0\u00a0\u00a0\u00a0\u00a0\u00a0\u00a0\u00a0\u00a0\u00a0\u00a0\u00a0\u00a0<\/p>\n\n\n\n<p class=\"wp-block-paragraph\"><strong>\u201cMARTES: <\/strong>El d\u00eda 27\/5\/2025 fuimos a la sala beckett para ensayar la obra a las 10:00h. Cuando llegamos&nbsp; nos ense\u00f1aron todo el edificio y nos<strong> <\/strong>quedamos en una&nbsp;<\/p>\n\n\n\n<p class=\"wp-block-paragraph\">sala de arriba practicando los di\u00e1logos de la&nbsp; obra mientras Denise nos iba llamando por grupos para montar el escenario y prepararlo todo.Cuando acabamos de ensayar arriba hicimos una peque\u00f1a pausa para comer. Despu\u00e9s fuimos a la sala donde representamos la obra, pusimos las mesas y colocamos todo en el escenario.<\/p>\n\n\n\n<p class=\"wp-block-paragraph\"><strong>EL GRAN D\u00cdA: <\/strong>El&nbsp; 28\/5\/2025 el d\u00eda de la representaci\u00f3n la verdad que estaba muy nervioso. Al principio empezamos repasando la obra intentamos hacerla toda de seguida e hicimos eso durante todo el d\u00eda hasta las 17:00h que nos metimos en el camerino ya para acabar de prepararse y practicar, a las 18:00h la verdad es que est\u00e1bamos todos muy nerviosos, pero al final nos calmamos un poco y la verdad no es por tirarme flores pero nos sali\u00f3 muy bien. Me&nbsp; sent\u00ed muy a gusto en la Beckett y muy ayudado\u201d.<\/p>\n\n\n\n<p class=\"wp-block-paragraph\">&nbsp;&nbsp;&nbsp;&nbsp;&nbsp;&nbsp;&nbsp;&nbsp;&nbsp;&nbsp;&nbsp;&nbsp;&nbsp;&nbsp;&nbsp;&nbsp;&nbsp;&nbsp;&nbsp;&nbsp;&nbsp;&nbsp;&nbsp;&nbsp;&nbsp;&nbsp;&nbsp;&nbsp;&nbsp;&nbsp;&nbsp;&nbsp;&nbsp;&nbsp;&nbsp;&nbsp;&nbsp;&nbsp;&nbsp;&nbsp;&nbsp;&nbsp;&nbsp;&nbsp;&nbsp;&nbsp;&nbsp;&nbsp;&nbsp;&nbsp;&nbsp;&nbsp;&nbsp;&nbsp;&nbsp;&nbsp;&nbsp;&nbsp;&nbsp;&nbsp;&nbsp;&nbsp;&nbsp;&nbsp;&nbsp;&nbsp;&nbsp;&nbsp;&nbsp;&nbsp;&nbsp;&nbsp;&nbsp;&nbsp;&nbsp;&nbsp;&nbsp;&nbsp;&nbsp;&nbsp;&nbsp;&nbsp;&nbsp;&nbsp;&nbsp;&nbsp;&nbsp;&nbsp;&nbsp;&nbsp;&nbsp;&nbsp;&nbsp;&nbsp;&nbsp;&nbsp;&nbsp;&nbsp;&nbsp;&nbsp;&nbsp;&nbsp;&nbsp;&nbsp;&nbsp;&nbsp;&nbsp;&nbsp;&nbsp;&nbsp;&nbsp;&nbsp;&nbsp;&nbsp;&nbsp;Biel Esqu\u00e9<\/p>\n\n\n\n<p class=\"wp-block-paragraph\">\u201cEl 27 de mayo fuimos a la sala beckett a acabar de practicar la obra,llegamos al teatro sobre la 9.45&nbsp; y desayunamos,despu\u00e9s fuimos a la sala donde practicamos, m\u00e1s tarde nos pusimos a trabajar y estuvimos unas dos horas preparando y recreando la obra,un rato despu\u00e9s comimos y por la tarde seguimos practicando,al final nos fuimos a casa y no volvimos hasta el dia siguiente.<\/p>\n\n\n\n<p class=\"wp-block-paragraph\">Y por fin hab\u00eda llegado el d\u00eda, el d\u00eda en el cual demostramos todo el esfuerzo de muchos meses de preparaci\u00f3n, como el d\u00eda anterior llegamos sobre las 10h y nada m\u00e1s llegar nos pusimos a trabajar, estuvimos casi todo el dia en la sala que posteriormente&nbsp;<\/p>\n\n\n\n<p class=\"wp-block-paragraph\">Actuar\u00edamos ante todos, all\u00ed aparte de con los tutores y la dramaturga tambi\u00e9n estaba el t\u00e9cnico de luces, el cual era muy majo,tambi\u00e9n estuvo un fot\u00f3grafo mientras actu\u00e1bamos.\u201d<\/p>\n\n\n\n<p class=\"wp-block-paragraph\">&nbsp;&nbsp;&nbsp;&nbsp;&nbsp;&nbsp;&nbsp;&nbsp;&nbsp;&nbsp;&nbsp;&nbsp;&nbsp;&nbsp;&nbsp;&nbsp;&nbsp;&nbsp;&nbsp;&nbsp;&nbsp;&nbsp;&nbsp;&nbsp;&nbsp;&nbsp;&nbsp;&nbsp;&nbsp;&nbsp;&nbsp;&nbsp;&nbsp;&nbsp;&nbsp;&nbsp;&nbsp;&nbsp;&nbsp;&nbsp;&nbsp;&nbsp;&nbsp;&nbsp;&nbsp;&nbsp;&nbsp;&nbsp;&nbsp;&nbsp;&nbsp;&nbsp;&nbsp;&nbsp;&nbsp;&nbsp;&nbsp;&nbsp;&nbsp;&nbsp;&nbsp;&nbsp;&nbsp;&nbsp;&nbsp;&nbsp;&nbsp;&nbsp;&nbsp;&nbsp;&nbsp;&nbsp;&nbsp;&nbsp;&nbsp;&nbsp;&nbsp;&nbsp;&nbsp;&nbsp;&nbsp;&nbsp;&nbsp;&nbsp;&nbsp;&nbsp;&nbsp;&nbsp;&nbsp;&nbsp;&nbsp;&nbsp;&nbsp;&nbsp;&nbsp;&nbsp;&nbsp;&nbsp;&nbsp;&nbsp;&nbsp;&nbsp;&nbsp;&nbsp;&nbsp;&nbsp;&nbsp;&nbsp;&nbsp;&nbsp;&nbsp;&nbsp;&nbsp;&nbsp;&nbsp;&nbsp;&nbsp;&nbsp;&nbsp;&nbsp;&nbsp;Erik Garz\u00f3n<\/p>\n","protected":false},"excerpt":{"rendered":"<p>\u201cEl martes 27 de mayo fuimos a la sala Beckett a ensayar y nos ense\u00f1aron las instalaciones, el ba\u00f1o\u2026 Primero estuvimos en un aula, ensayando pero sin actuar, con Cristina y Juan Carlos, nuestros profesores. Luego Denise nos llev\u00f3 a la sala donde \u00edbamos a representar la obra, un sitio con camerinos y butacas donde &hellip; <\/p>\n<p class=\"link-more\"><a href=\"\/sants2025\/mi-experiencia-en-la-sala-beckett\/\" class=\"more-link\">Continua llegint <span class=\"screen-reader-text\">\u00abMI EXPERIENCIA EN LA SALA BECKETT\u00bb<\/span><\/a><\/p>\n","protected":false},"author":15,"featured_media":0,"comment_status":"open","ping_status":"open","sticky":false,"template":"","format":"standard","meta":{"footnotes":""},"categories":[1],"tags":[],"class_list":["post-411","post","type-post","status-publish","format-standard","hentry","category-general"],"_links":{"self":[{"href":"\/sants2025\/wp-json\/wp\/v2\/posts\/411","targetHints":{"allow":["GET"]}}],"collection":[{"href":"\/sants2025\/wp-json\/wp\/v2\/posts"}],"about":[{"href":"\/sants2025\/wp-json\/wp\/v2\/types\/post"}],"author":[{"embeddable":true,"href":"\/sants2025\/wp-json\/wp\/v2\/users\/15"}],"replies":[{"embeddable":true,"href":"\/sants2025\/wp-json\/wp\/v2\/comments?post=411"}],"version-history":[{"count":2,"href":"\/sants2025\/wp-json\/wp\/v2\/posts\/411\/revisions"}],"predecessor-version":[{"id":414,"href":"\/sants2025\/wp-json\/wp\/v2\/posts\/411\/revisions\/414"}],"wp:attachment":[{"href":"\/sants2025\/wp-json\/wp\/v2\/media?parent=411"}],"wp:term":[{"taxonomy":"category","embeddable":true,"href":"\/sants2025\/wp-json\/wp\/v2\/categories?post=411"},{"taxonomy":"post_tag","embeddable":true,"href":"\/sants2025\/wp-json\/wp\/v2\/tags?post=411"}],"curies":[{"name":"wp","href":"https:\/\/api.w.org\/{rel}","templated":true}]}}