{"id":1,"date":"2025-09-16T09:20:40","date_gmt":"2025-09-16T07:20:40","guid":{"rendered":"\/sants2026\/?p=1"},"modified":"2025-10-13T18:38:43","modified_gmt":"2025-10-13T16:38:43","slug":"carolina-torres-topaga-en-residencia-a-linstitut-sants","status":"publish","type":"post","link":"\/sants2026\/carolina-torres-topaga-en-residencia-a-linstitut-sants\/","title":{"rendered":"Carolina Torres Topaga EN RESiD\u00c8NCiA a l&#8217;Institut Sants"},"content":{"rendered":"\n<p class=\"wp-block-paragraph\">Carolina Torres Topaga ja ha iniciat el proc\u00e9s de creaci\u00f3 EN RESiD\u00c8NCiA a l&#8217;Institut Sants (Sants, Barcelona). En aquest blog podreu seguir els moments clau d\u2019un proc\u00e9s obert, amb un final no predefinit. Fins molt aviat!!<\/p>\n\n\n\n<p class=\"wp-block-paragraph\"><strong>Proposta inicial de treball<\/strong><\/p>\n\n\n\n<p class=\"wp-block-paragraph\">Com sortir de tanta virtualitat i tornar al temps real?<br>Aquest proc\u00e9s creatiu \u00e9s una invitaci\u00f3 a tancar pestanyes mentals i obrir el cos al present. A trav\u00e9s del teatre, la performance i l\u2019\u00fas cr\u00edtic de la c\u00e0mera, explorarem el nostre ritme intern \u2014aquell que no busca <em>likes<\/em>, sin\u00f3 connexi\u00f3 real.<\/p>\n\n\n\n<p class=\"wp-block-paragraph\">Un laboratori per a joves on la identitat es construeix des del cos, la paraula i l\u2019acci\u00f3. Sense filtres ni <em>scroll<\/em> infinit: amb pell, veu i carrer. Una experi\u00e8ncia col\u00b7lectiva per habitar el present amb intensitat i consci\u00e8ncia. Posarem el cos en joc per pensar-nos des del desig, el g\u00e8nere, la mem\u00f2ria i l\u2019error. Sortirem al carrer per convertir el quotidi\u00e0 en un acte po\u00e8tic i pol\u00edtic. Ens mirarem amb uns altres ulls \u2014m\u00e9s propers, m\u00e9s nostres.<\/p>\n\n\n\n<figure class=\"wp-block-image size-large\"><img loading=\"lazy\" decoding=\"async\" width=\"1024\" height=\"681\" src=\"\/sants2026\/wp-content\/uploads\/2025\/09\/carolina-foto1-1024x681.jpg\" alt=\"\" class=\"wp-image-60\" srcset=\"\/sants2026\/wp-content\/uploads\/2025\/09\/carolina-foto1-1024x681.jpg 1024w, \/sants2026\/wp-content\/uploads\/2025\/09\/carolina-foto1-300x200.jpg 300w, \/sants2026\/wp-content\/uploads\/2025\/09\/carolina-foto1-768x511.jpg 768w, \/sants2026\/wp-content\/uploads\/2025\/09\/carolina-foto1-1536x1021.jpg 1536w, \/sants2026\/wp-content\/uploads\/2025\/09\/carolina-foto1.jpg 1600w\" sizes=\"auto, (max-width: 767px) 89vw, (max-width: 1000px) 54vw, (max-width: 1071px) 543px, 580px\" \/><\/figure>\n\n\n\n<hr class=\"wp-block-separator has-alpha-channel-opacity\"\/>\n\n\n\n<h3 class=\"wp-block-heading\"><strong>Eixos de treball<\/strong><\/h3>\n\n\n\n<p class=\"wp-block-paragraph\">Explorarem el cos com a interf\u00edcie real, m\u00e9s enll\u00e0 de la pantalla, i l\u2019espai \u2014aula, pla\u00e7a o carrer\u2014 com a territori d\u2019expressi\u00f3. Habitem un temps expandit, sense <em>scroll<\/em>, on l\u2019acci\u00f3 esc\u00e8nica es construeix des de l\u2019espontane\u00eftat, l\u2019error i la trobada.<\/p>\n\n\n\n<p class=\"wp-block-paragraph\">La imatge i el relat de nosaltres mateixes seran tamb\u00e9 un camp d\u2019experimentaci\u00f3: com ens veiem, com ens expliquem. Al llarg del proc\u00e9s creatiu, activarem accions performatives a l\u2019espai p\u00fablic, des de l\u2019\u00e0mbit \u00edntim fins al col\u00b7lectiu. Ens preguntarem qu\u00e8 vol dir ocupar el carrer amb el cos, com es llegeix una acci\u00f3 i si la performance pot ser protesta, joc o cura.<\/p>\n","protected":false},"excerpt":{"rendered":"<p>Carolina Torres Topaga ja ha iniciat el proc\u00e9s de creaci\u00f3 EN RESiD\u00c8NCiA a l&#8217;Institut Sants (Sants, Barcelona). En aquest blog podreu seguir els moments clau d\u2019un proc\u00e9s obert, amb un final no predefinit. Fins molt aviat!! Proposta inicial de treball Com sortir de tanta virtualitat i tornar al temps real?Aquest proc\u00e9s creatiu \u00e9s una invitaci\u00f3 &hellip; <\/p>\n<p class=\"link-more\"><a href=\"\/sants2026\/carolina-torres-topaga-en-residencia-a-linstitut-sants\/\" class=\"more-link\">Continua llegint <span class=\"screen-reader-text\">\u00abCarolina Torres Topaga EN RESiD\u00c8NCiA a l&#8217;Institut Sants\u00bb<\/span><\/a><\/p>\n","protected":false},"author":1,"featured_media":0,"comment_status":"open","ping_status":"open","sticky":false,"template":"","format":"standard","meta":{"footnotes":""},"categories":[1],"tags":[],"class_list":["post-1","post","type-post","status-publish","format-standard","hentry","category-general"],"_links":{"self":[{"href":"\/sants2026\/wp-json\/wp\/v2\/posts\/1","targetHints":{"allow":["GET"]}}],"collection":[{"href":"\/sants2026\/wp-json\/wp\/v2\/posts"}],"about":[{"href":"\/sants2026\/wp-json\/wp\/v2\/types\/post"}],"author":[{"embeddable":true,"href":"\/sants2026\/wp-json\/wp\/v2\/users\/1"}],"replies":[{"embeddable":true,"href":"\/sants2026\/wp-json\/wp\/v2\/comments?post=1"}],"version-history":[{"count":2,"href":"\/sants2026\/wp-json\/wp\/v2\/posts\/1\/revisions"}],"predecessor-version":[{"id":61,"href":"\/sants2026\/wp-json\/wp\/v2\/posts\/1\/revisions\/61"}],"wp:attachment":[{"href":"\/sants2026\/wp-json\/wp\/v2\/media?parent=1"}],"wp:term":[{"taxonomy":"category","embeddable":true,"href":"\/sants2026\/wp-json\/wp\/v2\/categories?post=1"},{"taxonomy":"post_tag","embeddable":true,"href":"\/sants2026\/wp-json\/wp\/v2\/tags?post=1"}],"curies":[{"name":"wp","href":"https:\/\/api.w.org\/{rel}","templated":true}]}}