{"id":104,"date":"2025-12-17T20:18:37","date_gmt":"2025-12-17T18:18:37","guid":{"rendered":"\/sants2026\/?p=104"},"modified":"2025-12-17T20:21:36","modified_gmt":"2025-12-17T18:21:36","slug":"coreografies-coordinacio-i-treball-sobre-continguts-novembre-i-desembre-amb-un-cos-grupal","status":"publish","type":"post","link":"\/sants2026\/coreografies-coordinacio-i-treball-sobre-continguts-novembre-i-desembre-amb-un-cos-grupal\/","title":{"rendered":"Coreografies, coordinaci\u00f3 i treball sobre continguts (novembre i\u00a0 desembre amb un cos grupal)"},"content":{"rendered":"\n<p class=\"wp-block-paragraph\"><\/p>\n\n\n\n<p class=\"wp-block-paragraph\">La sessi\u00f3 del dia 26 de novembre ha estat la primera sessi\u00f3 del mes de desembre amb en Llu\u00eds per treballar coreografies i moviments. A la primera part hem repassat algunes de les coreografies i treballs de moviment i de cos que hav\u00edem anat desenvolupant al llarg del trimestre. Hem comen\u00e7at en cercle,<strong> revisant els gestos associats al nom de cadasc\u00fa i recuperant la darrera coreografia treballada<\/strong>, aix\u00ed com l\u2019exercici creat a partir de les not\u00edcies dels diaris.\u00a0 Tot seguit, en Llu\u00eds ha<strong> introdu\u00eft una s\u00e8rie d\u2019exercicis d\u2019escalfament corporal <\/strong>i de ritme que han servit per activar el grup i preparar-lo per a la seg\u00fcent din\u00e0mica. Despr\u00e9s hem iniciat un treball coral per reentrar en l\u2019\u00fas dels diaris com a material coreogr\u00e0fic. S\u2019han repartit diaris entre totes les participants, s\u2019han creat tres files i, a partir d\u2019uns gestos comuns, hem desenvolupat un exercici de coordinaci\u00f3 que acabava formant una coreografia visual amb els papers.<\/p>\n\n\n\n<p class=\"wp-block-paragraph\">Aquesta part ha donat peu a nous moviments centrals, m\u00e9s lliures amb els diaris, que s\u2019han anat trenant amb el primer treball de la sessi\u00f3 i amb la l\u00ednia diagonal que hav\u00edem generat en l\u2019\u00faltima trobada sobre les not\u00edcies.<strong> Finalment, tot aquest proc\u00e9s <\/strong>s\u2019ha fusionat en una pe\u00e7a conjunta, una petita composici\u00f3 coreogr\u00e0fica que hem enregistrat i que ja podria esdevenir l\u2019inici d\u2019una futura pe\u00e7a sobre els cossos, els moviments i la manera com les not\u00edcies travessen el nostre dia a dia. <strong>A la segona part de la sessi\u00f3,<\/strong> i per continuar escalfant i refor\u00e7ar la cohesi\u00f3 del grup, hem treballat diversos exercicis introductoris de salsa i bachata. L\u2019objectiu era que el grup de joves pogu\u00e9s adquirir m\u00e9s entrenament corporal, per\u00f2 tamb\u00e9 crear un clima de confian\u00e7a i complicitat \u2014fer m\u00e9s pinya\u2014 per continuar desenvolupant el projecte amb un cos col\u00b7lectiu cada vegada m\u00e9s connectat.<\/p>\n\n\n\n<figure class=\"wp-block-gallery has-nested-images columns-default is-cropped wp-block-gallery-1 is-layout-flex wp-block-gallery-is-layout-flex\">\n<figure class=\"wp-block-image size-large\"><img loading=\"lazy\" decoding=\"async\" width=\"1024\" height=\"591\" data-id=\"105\" src=\"\/sants2026\/wp-content\/uploads\/2025\/12\/Captura-de-pantalla-2025-12-17-a-les-19.12.25-1024x591.png\" alt=\"\" class=\"wp-image-105\" srcset=\"\/sants2026\/wp-content\/uploads\/2025\/12\/Captura-de-pantalla-2025-12-17-a-les-19.12.25-1024x591.png 1024w, \/sants2026\/wp-content\/uploads\/2025\/12\/Captura-de-pantalla-2025-12-17-a-les-19.12.25-300x173.png 300w, \/sants2026\/wp-content\/uploads\/2025\/12\/Captura-de-pantalla-2025-12-17-a-les-19.12.25-768x443.png 768w, \/sants2026\/wp-content\/uploads\/2025\/12\/Captura-de-pantalla-2025-12-17-a-les-19.12.25-1536x887.png 1536w, \/sants2026\/wp-content\/uploads\/2025\/12\/Captura-de-pantalla-2025-12-17-a-les-19.12.25.png 1704w\" sizes=\"auto, (max-width: 767px) 89vw, (max-width: 1000px) 54vw, (max-width: 1071px) 543px, 580px\" \/><\/figure>\n\n\n\n<figure class=\"wp-block-image size-large\"><img loading=\"lazy\" decoding=\"async\" width=\"1024\" height=\"548\" data-id=\"107\" src=\"\/sants2026\/wp-content\/uploads\/2025\/12\/Captura-de-pantalla-2025-12-17-a-les-19.12.21-1024x548.png\" alt=\"\" class=\"wp-image-107\" srcset=\"\/sants2026\/wp-content\/uploads\/2025\/12\/Captura-de-pantalla-2025-12-17-a-les-19.12.21-1024x548.png 1024w, \/sants2026\/wp-content\/uploads\/2025\/12\/Captura-de-pantalla-2025-12-17-a-les-19.12.21-300x160.png 300w, \/sants2026\/wp-content\/uploads\/2025\/12\/Captura-de-pantalla-2025-12-17-a-les-19.12.21-768x411.png 768w, \/sants2026\/wp-content\/uploads\/2025\/12\/Captura-de-pantalla-2025-12-17-a-les-19.12.21-1536x822.png 1536w, \/sants2026\/wp-content\/uploads\/2025\/12\/Captura-de-pantalla-2025-12-17-a-les-19.12.21.png 1832w\" sizes=\"auto, (max-width: 767px) 89vw, (max-width: 1000px) 54vw, (max-width: 1071px) 543px, 580px\" \/><\/figure>\n\n\n\n<figure class=\"wp-block-image size-large\"><img loading=\"lazy\" decoding=\"async\" width=\"1024\" height=\"570\" data-id=\"106\" src=\"\/sants2026\/wp-content\/uploads\/2025\/12\/Captura-de-pantalla-2025-12-17-a-les-19.12.11-1024x570.png\" alt=\"\" class=\"wp-image-106\" srcset=\"\/sants2026\/wp-content\/uploads\/2025\/12\/Captura-de-pantalla-2025-12-17-a-les-19.12.11-1024x570.png 1024w, \/sants2026\/wp-content\/uploads\/2025\/12\/Captura-de-pantalla-2025-12-17-a-les-19.12.11-300x167.png 300w, \/sants2026\/wp-content\/uploads\/2025\/12\/Captura-de-pantalla-2025-12-17-a-les-19.12.11-768x428.png 768w, \/sants2026\/wp-content\/uploads\/2025\/12\/Captura-de-pantalla-2025-12-17-a-les-19.12.11-1536x855.png 1536w, \/sants2026\/wp-content\/uploads\/2025\/12\/Captura-de-pantalla-2025-12-17-a-les-19.12.11.png 1588w\" sizes=\"auto, (max-width: 767px) 89vw, (max-width: 1000px) 54vw, (max-width: 1071px) 543px, 580px\" \/><\/figure>\n<\/figure>\n\n\n\n<h3 class=\"wp-block-heading\">Per altra banda, la sessi\u00f3 del 3 de desembre es va\u00a0 centrar en la cohesi\u00f3 grupal i el proc\u00e9s d&#8217;aprenentatge cooperatiu, utilitzant l&#8217;expressi\u00f3 corporal com a eix vertebrador per abordar tem\u00e0tiques rellevants per als joves.<\/h3>\n\n\n\n<ul class=\"wp-block-list\">\n<li><strong>Coreografia r\u00edtmica (Charleston i Body Percussion):<\/strong> L&#8217;equip ha desenvolupat una seq\u00fc\u00e8ncia basada en els passos del Charleston que integra moviments, sons i percussi\u00f3 corporal. Aquesta activitat fomenta el treball en equip mitjan\u00e7ant el despla\u00e7ament per l&#8217;espai i la coordinaci\u00f3 sonora col\u00b7lectiva. Tot i la seva brevetat, la pe\u00e7a serveix d&#8217;introducci\u00f3 a conceptes actuals com les <strong>fake news<\/strong>, l&#8217;impacte dels <strong>algoritmes<\/strong> i la desvirtualitzaci\u00f3 de la informaci\u00f3 en l&#8217;entorn digital. La naturalesa r\u00edtmica de la proposta promou l&#8217;escolta activa i la cohesi\u00f3 entre els participants.<\/li>\n\n\n\n<li><strong>Coreografia dels diaris:<\/strong> S&#8217;ha realitzat una revisi\u00f3 i ampliaci\u00f3 d&#8217;aquesta pe\u00e7a central, que neix de les improvisacions teatrals pr\u00e8vies sobre el m\u00f3n de la premsa. En aquesta coreografia, els alumnes manipulen diaris f\u00edsics per crear diverses figures, utilitzant el cos com a eina comunicativa i simb\u00f2lica. Durant la sessi\u00f3, s&#8217;han incorporat noves accions per enriquir la seq\u00fc\u00e8ncia de moviments.<\/li>\n\n\n\n<li><strong>Talents i comprom\u00eds:<\/strong> S&#8217;ha demanat als joves que aportin els seus <strong>talents especials<\/strong> per personalitzar la posada en escena. Tot i que s&#8217;ha detectat un moment de dispersi\u00f3, s&#8217;ha treballat la import\u00e0ncia del comprom\u00eds i la concentraci\u00f3 per aconseguir un resultat de qualitat, millorant l&#8217;actitud general en el tram final de la sessi\u00f3.<\/li>\n<\/ul>\n\n\n\n<p class=\"wp-block-paragraph\">Amb el treball d&#8217;aquestes dues peces, el grup consolida la seva din\u00e0mica de treball cooperatiu i utilitza el moviment com un vehicle poder\u00f3s per explorar les complexitats del panorama informatiu actual.<\/p>\n\n\n\n<figure class=\"wp-block-image size-large\"><img loading=\"lazy\" decoding=\"async\" width=\"1024\" height=\"719\" src=\"\/sants2026\/wp-content\/uploads\/2025\/12\/Captura-de-pantalla-2025-12-17-a-les-19.13.41-1-1024x719.png\" alt=\"\" class=\"wp-image-111\" srcset=\"\/sants2026\/wp-content\/uploads\/2025\/12\/Captura-de-pantalla-2025-12-17-a-les-19.13.41-1-1024x719.png 1024w, \/sants2026\/wp-content\/uploads\/2025\/12\/Captura-de-pantalla-2025-12-17-a-les-19.13.41-1-300x211.png 300w, \/sants2026\/wp-content\/uploads\/2025\/12\/Captura-de-pantalla-2025-12-17-a-les-19.13.41-1-768x539.png 768w, \/sants2026\/wp-content\/uploads\/2025\/12\/Captura-de-pantalla-2025-12-17-a-les-19.13.41-1-1536x1078.png 1536w, \/sants2026\/wp-content\/uploads\/2025\/12\/Captura-de-pantalla-2025-12-17-a-les-19.13.41-1-2048x1438.png 2048w\" sizes=\"auto, (max-width: 767px) 89vw, (max-width: 1000px) 54vw, (max-width: 1071px) 543px, 580px\" \/><\/figure>\n\n\n\n<figure class=\"wp-block-image size-large\"><img loading=\"lazy\" decoding=\"async\" width=\"1024\" height=\"709\" src=\"\/sants2026\/wp-content\/uploads\/2025\/12\/Captura-de-pantalla-2025-12-17-a-les-19.15.02-1024x709.png\" alt=\"\" class=\"wp-image-113\" srcset=\"\/sants2026\/wp-content\/uploads\/2025\/12\/Captura-de-pantalla-2025-12-17-a-les-19.15.02-1024x709.png 1024w, \/sants2026\/wp-content\/uploads\/2025\/12\/Captura-de-pantalla-2025-12-17-a-les-19.15.02-300x208.png 300w, \/sants2026\/wp-content\/uploads\/2025\/12\/Captura-de-pantalla-2025-12-17-a-les-19.15.02-768x532.png 768w, \/sants2026\/wp-content\/uploads\/2025\/12\/Captura-de-pantalla-2025-12-17-a-les-19.15.02-1536x1064.png 1536w, \/sants2026\/wp-content\/uploads\/2025\/12\/Captura-de-pantalla-2025-12-17-a-les-19.15.02-2048x1419.png 2048w\" sizes=\"auto, (max-width: 767px) 89vw, (max-width: 1000px) 54vw, (max-width: 1071px) 543px, 580px\" \/><\/figure>\n\n\n\n<figure class=\"wp-block-image size-large is-resized\"><img loading=\"lazy\" decoding=\"async\" width=\"1024\" height=\"570\" src=\"\/sants2026\/wp-content\/uploads\/2025\/12\/Captura-de-pantalla-2025-12-17-a-les-19.12.11-1-1024x570.png\" alt=\"\" class=\"wp-image-115\" style=\"aspect-ratio:1.7964551346033886;width:470px;height:auto\" srcset=\"\/sants2026\/wp-content\/uploads\/2025\/12\/Captura-de-pantalla-2025-12-17-a-les-19.12.11-1-1024x570.png 1024w, \/sants2026\/wp-content\/uploads\/2025\/12\/Captura-de-pantalla-2025-12-17-a-les-19.12.11-1-300x167.png 300w, \/sants2026\/wp-content\/uploads\/2025\/12\/Captura-de-pantalla-2025-12-17-a-les-19.12.11-1-768x428.png 768w, \/sants2026\/wp-content\/uploads\/2025\/12\/Captura-de-pantalla-2025-12-17-a-les-19.12.11-1-1536x855.png 1536w, \/sants2026\/wp-content\/uploads\/2025\/12\/Captura-de-pantalla-2025-12-17-a-les-19.12.11-1.png 1588w\" sizes=\"auto, (max-width: 767px) 89vw, (max-width: 1000px) 54vw, (max-width: 1071px) 543px, 580px\" \/><\/figure>\n\n\n\n<p class=\"wp-block-paragraph\"><\/p>\n","protected":false},"excerpt":{"rendered":"<p>La sessi\u00f3 del dia 26 de novembre ha estat la primera sessi\u00f3 del mes de desembre amb en Llu\u00eds per treballar coreografies i moviments. A la primera part hem repassat algunes de les coreografies i treballs de moviment i de cos que hav\u00edem anat desenvolupant al llarg del trimestre. Hem comen\u00e7at en cercle, revisant els &hellip; <\/p>\n<p class=\"link-more\"><a href=\"\/sants2026\/coreografies-coordinacio-i-treball-sobre-continguts-novembre-i-desembre-amb-un-cos-grupal\/\" class=\"more-link\">Continua llegint <span class=\"screen-reader-text\">\u00abCoreografies, coordinaci\u00f3 i treball sobre continguts (novembre i\u00a0 desembre amb un cos grupal)\u00bb<\/span><\/a><\/p>\n","protected":false},"author":3,"featured_media":0,"comment_status":"closed","ping_status":"","sticky":false,"template":"","format":"standard","meta":{"footnotes":""},"categories":[1],"tags":[],"class_list":["post-104","post","type-post","status-publish","format-standard","hentry","category-general"],"_links":{"self":[{"href":"\/sants2026\/wp-json\/wp\/v2\/posts\/104","targetHints":{"allow":["GET"]}}],"collection":[{"href":"\/sants2026\/wp-json\/wp\/v2\/posts"}],"about":[{"href":"\/sants2026\/wp-json\/wp\/v2\/types\/post"}],"author":[{"embeddable":true,"href":"\/sants2026\/wp-json\/wp\/v2\/users\/3"}],"replies":[{"embeddable":true,"href":"\/sants2026\/wp-json\/wp\/v2\/comments?post=104"}],"version-history":[{"count":3,"href":"\/sants2026\/wp-json\/wp\/v2\/posts\/104\/revisions"}],"predecessor-version":[{"id":117,"href":"\/sants2026\/wp-json\/wp\/v2\/posts\/104\/revisions\/117"}],"wp:attachment":[{"href":"\/sants2026\/wp-json\/wp\/v2\/media?parent=104"}],"wp:term":[{"taxonomy":"category","embeddable":true,"href":"\/sants2026\/wp-json\/wp\/v2\/categories?post=104"},{"taxonomy":"post_tag","embeddable":true,"href":"\/sants2026\/wp-json\/wp\/v2\/tags?post=104"}],"curies":[{"name":"wp","href":"https:\/\/api.w.org\/{rel}","templated":true}]}}