{"id":118,"date":"2026-01-14T16:29:47","date_gmt":"2026-01-14T14:29:47","guid":{"rendered":"\/sants2026\/?p=118"},"modified":"2026-01-14T16:30:03","modified_gmt":"2026-01-14T14:30:03","slug":"consolidacio-ritmica-i-narratives-compartides","status":"publish","type":"post","link":"\/sants2026\/consolidacio-ritmica-i-narratives-compartides\/","title":{"rendered":"Consolidaci\u00f3 R\u00edtmica i Narratives Compartides"},"content":{"rendered":"\n<h2 class=\"wp-block-heading\"> <\/h2>\n\n\n\n<p class=\"wp-block-paragraph\">Les darreres sessions del projecte en el mes de desembre han representat un punt d&#8217;inflexi\u00f3 en la cohesi\u00f3 del grup i la definici\u00f3 del llenguatge esc\u00e8nic. Mitjan\u00e7ant la fusi\u00f3 de les habilitats individuals i el treball r\u00edtmic col\u00b7lectiu, s&#8217;ha avan\u00e7at en la construcci\u00f3 d&#8217;una identitat compartida.<\/p>\n\n\n\n<h3 class=\"wp-block-heading\"><strong>1. Cohesi\u00f3 i Comprom\u00eds Grupal<\/strong><\/h3>\n\n\n\n<p class=\"wp-block-paragraph\">Durant les sessions de desembre, el focus es va situar en la integraci\u00f3 del talent individual dins de la creaci\u00f3 col\u00b7lectiva. Els alumnes van compartir les seves habilitats especials per enriquir la posada en escena, transformant la repetici\u00f3 de moviments en una construcci\u00f3 amb valor personal. Tot i alguns moments de dispersi\u00f3, es va fer una reflexi\u00f3 profunda sobre la responsabilitat individual, fet que va permetre millorar la concentraci\u00f3 i la qualitat de l&#8217;assaig, especialment en el poliment de les coreografies.<\/p>\n\n\n\n<h3 class=\"wp-block-heading\"><strong>2. Ritmes Urbans i Creaci\u00f3 Coral<\/strong><\/h3>\n\n\n\n<p class=\"wp-block-paragraph\">Es va treballar intensament la improvisaci\u00f3 gestual a partir de la m\u00fasica urbana. Un dels moments clau va ser la interpretaci\u00f3 d&#8217;un rap propi d&#8217;un alumne sobre les <em>fake news<\/em>, que va servir de motor r\u00edtmic per a una coreografia coral coordinada amb palmes. Aquesta din\u00e0mica es va enlla\u00e7ar amb seq\u00fc\u00e8ncies de percussi\u00f3 corporal i l&#8217;assaig de la \u00abcoreografia del peri\u00f2dic\u00bb, aconseguint integrar les not\u00edcies i l&#8217;entorn digital amb l&#8217;expressi\u00f3 f\u00edsica. i tamb\u00e9 de pas hem incl\u00f2s una lletra i can\u00e7\u00f3 rap per articular aquesta primera part<\/p>\n\n\n\n<h3 class=\"wp-block-heading\"><strong>3. Afian\u00e7ament i Noves Narratives (gener 2026)<\/strong><\/h3>\n\n\n\n<p class=\"wp-block-paragraph\">A la tornada de les vacances, la sessi\u00f3 del 14 de gener s&#8217;ha centrat a refrescar i consolidar aquests ritmes mitjan\u00e7ant el suport entre parelles. S&#8217;han implementat les seg\u00fcents estrat\u00e8gies:<\/p>\n\n\n\n<ul class=\"wp-block-list\">\n<li><strong>Aprenentatge entre iguals:<\/strong> Els alumnes amb m\u00e9s domini han ajudat aquells m\u00e9s perduts per anar sumant efectius fins a completar tot el grup.<\/li>\n\n\n\n<li><strong>Autogesti\u00f3 creativa:<\/strong> Un grup de quatre alumnes amb dificultats de concentraci\u00f3 ha proposat el seu propi ritme i coreografia, explorant camins alternatius d&#8217;expressi\u00f3.<\/li>\n\n\n\n<li><strong>Treball d&#8217;escolta:<\/strong> S&#8217;han recuperat els exercicis de \u00abmirall\u00bb amb parelles poc afins per potenciar l&#8217;escolta activa i l&#8217;empatia.<\/li>\n\n\n\n<li><strong>Investigaci\u00f3 del medi:<\/strong> S&#8217;ha utilitzat el llenguatge de TikTok i els <em>influencers<\/em> com a base per a noves not\u00edcies, incloent-hi temes tan diversos com el robatori al Louvre o la troballa d&#8217;un ou de dinosaure a l&#8217;Argentina.<\/li>\n<\/ul>\n\n\n\n<p class=\"wp-block-paragraph\">Aquest proc\u00e9s ens ha perm\u00e8s deixar les coreografies pr\u00e0cticament enllestides, pendents de seguir explorant com les not\u00edcies del barri i les xarxes socials es converteixen en moviment.<\/p>\n\n\n\n<p class=\"wp-block-paragraph\">Us deixem fotografies del v\u00eddeo que hem fet de la seq\u00fc\u00e8ncia que tenim fins ara:<\/p>\n\n\n\n<div class=\"wp-block-columns is-layout-flex wp-container-core-columns-is-layout-8f761849 wp-block-columns-is-layout-flex\">\n<div class=\"wp-block-column is-layout-flow wp-block-column-is-layout-flow\" style=\"flex-basis:100%\">\n<figure class=\"wp-block-gallery has-nested-images columns-default is-cropped wp-block-gallery-1 is-layout-flex wp-block-gallery-is-layout-flex\">\n<figure class=\"wp-block-image size-large\"><img loading=\"lazy\" decoding=\"async\" width=\"1024\" height=\"479\" data-id=\"135\" src=\"\/sants2026\/wp-content\/uploads\/2026\/01\/Captura-de-pantalla-2026-01-14-a-les-15.12.43-1-1024x479.png\" alt=\"\" class=\"wp-image-135\" srcset=\"\/sants2026\/wp-content\/uploads\/2026\/01\/Captura-de-pantalla-2026-01-14-a-les-15.12.43-1-1024x479.png 1024w, \/sants2026\/wp-content\/uploads\/2026\/01\/Captura-de-pantalla-2026-01-14-a-les-15.12.43-1-300x140.png 300w, \/sants2026\/wp-content\/uploads\/2026\/01\/Captura-de-pantalla-2026-01-14-a-les-15.12.43-1-768x359.png 768w, \/sants2026\/wp-content\/uploads\/2026\/01\/Captura-de-pantalla-2026-01-14-a-les-15.12.43-1-1536x718.png 1536w, \/sants2026\/wp-content\/uploads\/2026\/01\/Captura-de-pantalla-2026-01-14-a-les-15.12.43-1.png 1634w\" sizes=\"auto, (max-width: 767px) 89vw, (max-width: 1000px) 54vw, (max-width: 1071px) 543px, 580px\" \/><\/figure>\n\n\n\n<figure class=\"wp-block-image size-large\"><img loading=\"lazy\" decoding=\"async\" width=\"1024\" height=\"501\" data-id=\"136\" src=\"\/sants2026\/wp-content\/uploads\/2026\/01\/Captura-de-pantalla-2026-01-14-a-les-15.09.40-2-1024x501.png\" alt=\"\" class=\"wp-image-136\" srcset=\"\/sants2026\/wp-content\/uploads\/2026\/01\/Captura-de-pantalla-2026-01-14-a-les-15.09.40-2-1024x501.png 1024w, \/sants2026\/wp-content\/uploads\/2026\/01\/Captura-de-pantalla-2026-01-14-a-les-15.09.40-2-300x147.png 300w, \/sants2026\/wp-content\/uploads\/2026\/01\/Captura-de-pantalla-2026-01-14-a-les-15.09.40-2-768x376.png 768w, \/sants2026\/wp-content\/uploads\/2026\/01\/Captura-de-pantalla-2026-01-14-a-les-15.09.40-2-1536x752.png 1536w, \/sants2026\/wp-content\/uploads\/2026\/01\/Captura-de-pantalla-2026-01-14-a-les-15.09.40-2-2048x1002.png 2048w\" sizes=\"auto, (max-width: 767px) 89vw, (max-width: 1000px) 54vw, (max-width: 1071px) 543px, 580px\" \/><\/figure>\n\n\n\n<figure class=\"wp-block-image size-large\"><img loading=\"lazy\" decoding=\"async\" width=\"1024\" height=\"538\" data-id=\"134\" src=\"\/sants2026\/wp-content\/uploads\/2026\/01\/Captura-de-pantalla-2026-01-14-a-les-15.12.32-1024x538.png\" alt=\"\" class=\"wp-image-134\" srcset=\"\/sants2026\/wp-content\/uploads\/2026\/01\/Captura-de-pantalla-2026-01-14-a-les-15.12.32-1024x538.png 1024w, \/sants2026\/wp-content\/uploads\/2026\/01\/Captura-de-pantalla-2026-01-14-a-les-15.12.32-300x158.png 300w, \/sants2026\/wp-content\/uploads\/2026\/01\/Captura-de-pantalla-2026-01-14-a-les-15.12.32-768x403.png 768w, \/sants2026\/wp-content\/uploads\/2026\/01\/Captura-de-pantalla-2026-01-14-a-les-15.12.32-1536x806.png 1536w, \/sants2026\/wp-content\/uploads\/2026\/01\/Captura-de-pantalla-2026-01-14-a-les-15.12.32.png 1638w\" sizes=\"auto, (max-width: 767px) 89vw, (max-width: 1000px) 54vw, (max-width: 1071px) 543px, 580px\" \/><\/figure>\n\n\n\n<figure class=\"wp-block-image size-large\"><img loading=\"lazy\" decoding=\"async\" width=\"1024\" height=\"500\" data-id=\"133\" src=\"\/sants2026\/wp-content\/uploads\/2026\/01\/Captura-de-pantalla-2026-01-14-a-les-15.12.21-1024x500.png\" alt=\"\" class=\"wp-image-133\" srcset=\"\/sants2026\/wp-content\/uploads\/2026\/01\/Captura-de-pantalla-2026-01-14-a-les-15.12.21-1024x500.png 1024w, \/sants2026\/wp-content\/uploads\/2026\/01\/Captura-de-pantalla-2026-01-14-a-les-15.12.21-300x146.png 300w, \/sants2026\/wp-content\/uploads\/2026\/01\/Captura-de-pantalla-2026-01-14-a-les-15.12.21-768x375.png 768w, \/sants2026\/wp-content\/uploads\/2026\/01\/Captura-de-pantalla-2026-01-14-a-les-15.12.21-1536x749.png 1536w, \/sants2026\/wp-content\/uploads\/2026\/01\/Captura-de-pantalla-2026-01-14-a-les-15.12.21.png 1640w\" sizes=\"auto, (max-width: 767px) 89vw, (max-width: 1000px) 54vw, (max-width: 1071px) 543px, 580px\" \/><\/figure>\n\n\n\n<figure class=\"wp-block-image size-large\"><img loading=\"lazy\" decoding=\"async\" width=\"1024\" height=\"418\" data-id=\"138\" src=\"\/sants2026\/wp-content\/uploads\/2026\/01\/Captura-de-pantalla-2026-01-14-a-les-15.09.47-2-1024x418.png\" alt=\"\" class=\"wp-image-138\" srcset=\"\/sants2026\/wp-content\/uploads\/2026\/01\/Captura-de-pantalla-2026-01-14-a-les-15.09.47-2-1024x418.png 1024w, \/sants2026\/wp-content\/uploads\/2026\/01\/Captura-de-pantalla-2026-01-14-a-les-15.09.47-2-300x122.png 300w, \/sants2026\/wp-content\/uploads\/2026\/01\/Captura-de-pantalla-2026-01-14-a-les-15.09.47-2-768x314.png 768w, \/sants2026\/wp-content\/uploads\/2026\/01\/Captura-de-pantalla-2026-01-14-a-les-15.09.47-2-1536x627.png 1536w, \/sants2026\/wp-content\/uploads\/2026\/01\/Captura-de-pantalla-2026-01-14-a-les-15.09.47-2-2048x836.png 2048w\" sizes=\"auto, (max-width: 767px) 89vw, (max-width: 1000px) 54vw, (max-width: 1071px) 543px, 580px\" \/><\/figure>\n<\/figure>\n<\/div>\n<\/div>\n\n\n\n<figure class=\"wp-block-image size-large\"><img loading=\"lazy\" decoding=\"async\" width=\"1024\" height=\"549\" src=\"\/sants2026\/wp-content\/uploads\/2026\/01\/Captura-de-pantalla-2026-01-14-a-les-15.13.53-1024x549.png\" alt=\"\" class=\"wp-image-137\" srcset=\"\/sants2026\/wp-content\/uploads\/2026\/01\/Captura-de-pantalla-2026-01-14-a-les-15.13.53-1024x549.png 1024w, \/sants2026\/wp-content\/uploads\/2026\/01\/Captura-de-pantalla-2026-01-14-a-les-15.13.53-300x161.png 300w, \/sants2026\/wp-content\/uploads\/2026\/01\/Captura-de-pantalla-2026-01-14-a-les-15.13.53-768x412.png 768w, \/sants2026\/wp-content\/uploads\/2026\/01\/Captura-de-pantalla-2026-01-14-a-les-15.13.53-1536x823.png 1536w, \/sants2026\/wp-content\/uploads\/2026\/01\/Captura-de-pantalla-2026-01-14-a-les-15.13.53.png 1664w\" sizes=\"auto, (max-width: 767px) 89vw, (max-width: 1000px) 54vw, (max-width: 1071px) 543px, 580px\" \/><\/figure>\n","protected":false},"excerpt":{"rendered":"<p>Les darreres sessions del projecte en el mes de desembre han representat un punt d&#8217;inflexi\u00f3 en la cohesi\u00f3 del grup i la definici\u00f3 del llenguatge esc\u00e8nic. Mitjan\u00e7ant la fusi\u00f3 de les habilitats individuals i el treball r\u00edtmic col\u00b7lectiu, s&#8217;ha avan\u00e7at en la construcci\u00f3 d&#8217;una identitat compartida. 1. Cohesi\u00f3 i Comprom\u00eds Grupal Durant les sessions de &hellip; <\/p>\n<p class=\"link-more\"><a href=\"\/sants2026\/consolidacio-ritmica-i-narratives-compartides\/\" class=\"more-link\">Continua llegint <span class=\"screen-reader-text\">\u00abConsolidaci\u00f3 R\u00edtmica i Narratives Compartides\u00bb<\/span><\/a><\/p>\n","protected":false},"author":3,"featured_media":0,"comment_status":"closed","ping_status":"","sticky":false,"template":"","format":"standard","meta":{"footnotes":""},"categories":[1],"tags":[],"class_list":["post-118","post","type-post","status-publish","format-standard","hentry","category-general"],"_links":{"self":[{"href":"\/sants2026\/wp-json\/wp\/v2\/posts\/118","targetHints":{"allow":["GET"]}}],"collection":[{"href":"\/sants2026\/wp-json\/wp\/v2\/posts"}],"about":[{"href":"\/sants2026\/wp-json\/wp\/v2\/types\/post"}],"author":[{"embeddable":true,"href":"\/sants2026\/wp-json\/wp\/v2\/users\/3"}],"replies":[{"embeddable":true,"href":"\/sants2026\/wp-json\/wp\/v2\/comments?post=118"}],"version-history":[{"count":2,"href":"\/sants2026\/wp-json\/wp\/v2\/posts\/118\/revisions"}],"predecessor-version":[{"id":141,"href":"\/sants2026\/wp-json\/wp\/v2\/posts\/118\/revisions\/141"}],"wp:attachment":[{"href":"\/sants2026\/wp-json\/wp\/v2\/media?parent=118"}],"wp:term":[{"taxonomy":"category","embeddable":true,"href":"\/sants2026\/wp-json\/wp\/v2\/categories?post=118"},{"taxonomy":"post_tag","embeddable":true,"href":"\/sants2026\/wp-json\/wp\/v2\/tags?post=118"}],"curies":[{"name":"wp","href":"https:\/\/api.w.org\/{rel}","templated":true}]}}