{"id":163,"date":"2026-02-10T12:42:29","date_gmt":"2026-02-10T10:42:29","guid":{"rendered":"\/sants2026\/?p=163"},"modified":"2026-02-24T12:44:32","modified_gmt":"2026-02-24T10:44:32","slug":"desmuntant-realitats-una-sessio-de-teatre-amb-tema-de-fake-news","status":"publish","type":"post","link":"\/sants2026\/desmuntant-realitats-una-sessio-de-teatre-amb-tema-de-fake-news\/","title":{"rendered":"Desmuntant realitats: una sessi\u00f3 de teatre amb tema de Fake news"},"content":{"rendered":"\n<h2 class=\"wp-block-heading\">La sessi\u00f3 del passat 4 de febrer va comen\u00e7ar amb l\u2019energia de sempre: la nostra coreografia d\u2019escalfament ja \u00e9s un ritual sagrat que ens serveix per connectar el cos i preparar-nos per al que vingui. I el que venia no era poca cosa! Ens hem llan\u00e7at de ple a explorar el m\u00f3n de les <strong>\u00abFake News\u00bb<\/strong> i l&#8217;expressi\u00f3 dram\u00e0tica, dividint-nos en cinc grups per donar vida a titulars \u2014reals o inventats\u2014 amb tota la ironia i llibertat creativa del m\u00f3n.<\/h2>\n\n\n\n<h2 class=\"wp-block-heading\">El resultat ha estat un mosaic de reflexions fascinant. Un dels grups ens va fer riure (i pensar) amb el mite del canvi d&#8217;hora de Franco i el te amb els anglesos, servint-nos en safata el debat sobre com la hist\u00f2ria es pot interpretar des de la s\u00e0tira. Un altre grup va portar la salut a escena, derivant en una xerrada supernecess\u00e0ria sobre la fiabilitat de <strong>Google i ChatGPT<\/strong>: realment ens podem fiar de tot el que ens diu la IA?<\/h2>\n\n\n\n<h2 class=\"wp-block-heading\">Per\u00f2 tamb\u00e9 hi va haver espai per a la cr\u00edtica social profunda. Es van posar sobre la taula temes punyents com el racisme i els prejudicis migratoris, desmuntant amb dades reals els mites sobre les ajudes socials i q\u00fcestionant per qu\u00e8 posem etiquetes diferents segons el pa\u00eds d&#8217;origen. Tamb\u00e9 vam viatjar a l&#8217;espai amb \u00abalien\u00edgenes terraplanistes\u00bb per entendre com processem la informaci\u00f3 cient\u00edfica, i vam acabar trencant estereotips de g\u00e8nere amb una conclusi\u00f3 clara: <strong>no es pot generalitzar<\/strong>, ni per cultura, ni per religi\u00f3, ni per sexe.<\/h2>\n\n\n\n<h2 class=\"wp-block-heading\">Despr\u00e9s d&#8217;aquest \u00absacseig\u00bb mental, vam passar a l&#8217;acci\u00f3 musical. El grup est\u00e0 a tot gas amb la creaci\u00f3 de temes originals! Ara mateix tenim diversos fronts oberts: des de coreografies vibrants i un grup instrumental amb guitarra el\u00e8ctrica i baix, fins a temes de collita pr\u00f2pia de nois i can\u00e7ons sobre l\u2019amor adolescent compostes per les noies. L\u2019institut sona millor que mai!<\/h2>\n\n\n\n<p class=\"wp-block-paragraph\"><\/p>\n\n\n\n<figure class=\"wp-block-gallery has-nested-images columns-default is-cropped wp-block-gallery-1 is-layout-flex wp-block-gallery-is-layout-flex\">\n<figure class=\"wp-block-image size-large\"><img loading=\"lazy\" decoding=\"async\" width=\"1024\" height=\"568\" data-id=\"165\" src=\"\/sants2026\/wp-content\/uploads\/2026\/02\/Captura-de-pantalla-2026-02-10-a-les-19.13.02-EDIT-1024x568.jpg\" alt=\"\" class=\"wp-image-165\" srcset=\"\/sants2026\/wp-content\/uploads\/2026\/02\/Captura-de-pantalla-2026-02-10-a-les-19.13.02-EDIT-1024x568.jpg 1024w, \/sants2026\/wp-content\/uploads\/2026\/02\/Captura-de-pantalla-2026-02-10-a-les-19.13.02-EDIT-300x166.jpg 300w, \/sants2026\/wp-content\/uploads\/2026\/02\/Captura-de-pantalla-2026-02-10-a-les-19.13.02-EDIT-768x426.jpg 768w, \/sants2026\/wp-content\/uploads\/2026\/02\/Captura-de-pantalla-2026-02-10-a-les-19.13.02-EDIT.jpg 1460w\" sizes=\"auto, (max-width: 767px) 89vw, (max-width: 1000px) 54vw, (max-width: 1071px) 543px, 580px\" \/><figcaption class=\"wp-element-caption\">Screenshot<\/figcaption><\/figure>\n\n\n\n<figure class=\"wp-block-image size-large\"><img loading=\"lazy\" decoding=\"async\" width=\"1024\" height=\"606\" data-id=\"166\" src=\"\/sants2026\/wp-content\/uploads\/2026\/02\/Captura-de-pantalla-2026-02-10-a-les-19.13.20-EDIT-1024x606.jpg\" alt=\"\" class=\"wp-image-166\" srcset=\"\/sants2026\/wp-content\/uploads\/2026\/02\/Captura-de-pantalla-2026-02-10-a-les-19.13.20-EDIT-1024x606.jpg 1024w, \/sants2026\/wp-content\/uploads\/2026\/02\/Captura-de-pantalla-2026-02-10-a-les-19.13.20-EDIT-300x178.jpg 300w, \/sants2026\/wp-content\/uploads\/2026\/02\/Captura-de-pantalla-2026-02-10-a-les-19.13.20-EDIT-768x455.jpg 768w, \/sants2026\/wp-content\/uploads\/2026\/02\/Captura-de-pantalla-2026-02-10-a-les-19.13.20-EDIT.jpg 1388w\" sizes=\"auto, (max-width: 767px) 89vw, (max-width: 1000px) 54vw, (max-width: 1071px) 543px, 580px\" \/><figcaption class=\"wp-element-caption\">Screenshot<\/figcaption><\/figure>\n<\/figure>\n\n\n\n<figure class=\"wp-block-image size-large\"><img loading=\"lazy\" decoding=\"async\" width=\"1024\" height=\"532\" src=\"\/sants2026\/wp-content\/uploads\/2026\/02\/Captura-de-pantalla-2026-02-24-a-les-11.41.46-1024x532.png\" alt=\"\" class=\"wp-image-167\" srcset=\"\/sants2026\/wp-content\/uploads\/2026\/02\/Captura-de-pantalla-2026-02-24-a-les-11.41.46-1024x532.png 1024w, \/sants2026\/wp-content\/uploads\/2026\/02\/Captura-de-pantalla-2026-02-24-a-les-11.41.46-300x156.png 300w, \/sants2026\/wp-content\/uploads\/2026\/02\/Captura-de-pantalla-2026-02-24-a-les-11.41.46-768x399.png 768w, \/sants2026\/wp-content\/uploads\/2026\/02\/Captura-de-pantalla-2026-02-24-a-les-11.41.46-1536x799.png 1536w, \/sants2026\/wp-content\/uploads\/2026\/02\/Captura-de-pantalla-2026-02-24-a-les-11.41.46.png 1658w\" sizes=\"auto, (max-width: 767px) 89vw, (max-width: 1000px) 54vw, (max-width: 1071px) 543px, 580px\" \/><\/figure>\n\n\n\n<p class=\"wp-block-paragraph\"><strong>I ara, qu\u00e8 ens espera? <\/strong>No ens aturem. Aquest dimarts toca revisar els \u00e0udios de les entrevistes que els alumnes han fet a casa sobre com es comunicaven els seus pares antigament (gr\u00e0cies, Cristina, per la coordinaci\u00f3!). I dimecres. 18 gener.. Assaig general! Amb en Luis acabarem de lligar totes les coreografies per tenir l\u2019engranatge a punt.<\/p>\n","protected":false},"excerpt":{"rendered":"<p>La sessi\u00f3 del passat 4 de febrer va comen\u00e7ar amb l\u2019energia de sempre: la nostra coreografia d\u2019escalfament ja \u00e9s un ritual sagrat que ens serveix per connectar el cos i preparar-nos per al que vingui. I el que venia no era poca cosa! Ens hem llan\u00e7at de ple a explorar el m\u00f3n de les \u00abFake &hellip; <\/p>\n<p class=\"link-more\"><a href=\"\/sants2026\/desmuntant-realitats-una-sessio-de-teatre-amb-tema-de-fake-news\/\" class=\"more-link\">Continua llegint <span class=\"screen-reader-text\">\u00abDesmuntant realitats: una sessi\u00f3 de teatre amb tema de Fake news\u00bb<\/span><\/a><\/p>\n","protected":false},"author":3,"featured_media":0,"comment_status":"closed","ping_status":"closed","sticky":false,"template":"","format":"standard","meta":{"footnotes":""},"categories":[1],"tags":[],"class_list":["post-163","post","type-post","status-publish","format-standard","hentry","category-general"],"_links":{"self":[{"href":"\/sants2026\/wp-json\/wp\/v2\/posts\/163","targetHints":{"allow":["GET"]}}],"collection":[{"href":"\/sants2026\/wp-json\/wp\/v2\/posts"}],"about":[{"href":"\/sants2026\/wp-json\/wp\/v2\/types\/post"}],"author":[{"embeddable":true,"href":"\/sants2026\/wp-json\/wp\/v2\/users\/3"}],"replies":[{"embeddable":true,"href":"\/sants2026\/wp-json\/wp\/v2\/comments?post=163"}],"version-history":[{"count":2,"href":"\/sants2026\/wp-json\/wp\/v2\/posts\/163\/revisions"}],"predecessor-version":[{"id":168,"href":"\/sants2026\/wp-json\/wp\/v2\/posts\/163\/revisions\/168"}],"wp:attachment":[{"href":"\/sants2026\/wp-json\/wp\/v2\/media?parent=163"}],"wp:term":[{"taxonomy":"category","embeddable":true,"href":"\/sants2026\/wp-json\/wp\/v2\/categories?post=163"},{"taxonomy":"post_tag","embeddable":true,"href":"\/sants2026\/wp-json\/wp\/v2\/tags?post=163"}],"curies":[{"name":"wp","href":"https:\/\/api.w.org\/{rel}","templated":true}]}}