{"id":170,"date":"2026-02-24T12:49:40","date_gmt":"2026-02-24T10:49:40","guid":{"rendered":"\/sants2026\/?p=170"},"modified":"2026-05-13T18:22:34","modified_gmt":"2026-05-13T16:22:34","slug":"jornada-oberta-del-proces-el-18-de-febrer-mostrar-retornar-i-dialogar-des-daltres-posicions","status":"publish","type":"post","link":"\/sants2026\/jornada-oberta-del-proces-el-18-de-febrer-mostrar-retornar-i-dialogar-des-daltres-posicions\/","title":{"rendered":"Jornada oberta del proc\u00e9s el 18 de febrer: Mostrar, retornar i dialogar des d&#8217;altres posicions"},"content":{"rendered":"\n<p class=\"wp-block-paragraph\">El passat 18 de febrer vam dur a terme una sessi\u00f3 clau en el nostre projecte d&#8217;arts esc\u00e8niques. Vam dedicar tota la jornada a realitzar un <strong>assaig general intensiu<\/strong> de les cinc coreografies que conformen el cos del treball, amb l&#8217;objectiu de consolidar una primera presentaci\u00f3 coherent i vertebrada sota una tem\u00e0tica espec\u00edfica. Malgrat els nervis l\u00f2gics del grup davant d&#8217;aquest repte, el suport de la <strong>Carolina i en Llu\u00eds<\/strong> \u2014qui han acompanyat els joves en el treball de ritmes, moviment i danses\u2014 va ser fonamental per dotar-los de seguretat i t\u00e8cnica.<\/p>\n\n\n\n<h3 class=\"wp-block-heading\"><strong>Cohesi\u00f3 i posada en escena<\/strong><\/h3>\n\n\n\n<p class=\"wp-block-paragraph\">Entenent que la confian\u00e7a \u00e9s la base de qualsevol creaci\u00f3 col\u00b7lectiva, abans de la mostra vam organitzar una conviv\u00e8ncia intensiva de grup. Aquest espai compartit (amb unes pizzes i un temps de distensi\u00f3) va ser vital per generar la pinya necess\u00e0ria i afrontar la presentaci\u00f3 des d&#8217;una actitud m\u00e9s tranquil\u00b7la i compenetrada.La mostra, que va durar uns <strong>25 minuts<\/strong> aprox., va comptar amb l&#8217;assist\u00e8ncia d&#8217;una desena de docents. El grup va respondre amb una serietat i una coordinaci\u00f3 admirables, transitant per escenes que exploraven:<\/p>\n\n\n\n<ul class=\"wp-block-list\">\n<li>Els gustos personals i el moviment propi.<\/li>\n\n\n\n<li>La coordinaci\u00f3 grupal i el llenguatge corporal.<\/li>\n\n\n\n<li>La reflexi\u00f3 cr\u00edtica sobre l&#8217;actualitat i les <strong><em>fake news<\/em><\/strong>.<\/li>\n\n\n\n<li>El tancament r\u00edtmic a trav\u00e9s de la percussi\u00f3 corporal i el rap.<\/li>\n<\/ul>\n\n\n\n<h3 class=\"wp-block-heading\"><strong>Di\u00e0leg i aprenentatges compartits<\/strong><\/h3>\n\n\n\n<p class=\"wp-block-paragraph\">L&#8217;acte no va acabar amb els aplaudiments; el post-funci\u00f3 va ser un dels moments m\u00e9s rics de la jornada. Es va obrir un <strong>espai de retorn<\/strong> on els joves van poder expressar qu\u00e8 havien apr\u00e8s, com havien viscut el treball en equip i el reconeixement mutu dins d&#8217;aquest grup mixt de persones que, inicialment, no es coneixien.<\/p>\n\n\n\n<p class=\"wp-block-paragraph\">D&#8217;altra banda, el di\u00e0leg amb el professorat va ser revelador. Les docents van destacar com els alumnes <strong>desbordaven o transformaven els seus rols habituals<\/strong> a l&#8217;aula en pujar a l&#8217;escenari. Especialment, va suscitar un gran inter\u00e8s el tractament de les not\u00edcies falses, un tema que va generar preguntes sobre les motivacions i la mirada cr\u00edtica dels joves.<\/p>\n\n\n\n<h3 class=\"wp-block-heading\"><strong>Obrint el proc\u00e9s en col\u00b7lectiu \u2026.<\/strong><\/h3>\n\n\n\n<p class=\"wp-block-paragraph\">Aquesta jornada ens ha perm\u00e8s extreure els <strong>punts forts i febles<\/strong> de la fase actual del projecte. Ha estat una experi\u00e8ncia enriquidora que no nom\u00e9s ha validat la feina feta en l&#8217;\u00e0mbit art\u00edstic, sin\u00f3 que ha consolidat el grup i ha obert una via de comunicaci\u00f3 molt potent entre l&#8217;alumnat i el professorat a trav\u00e9s de les arts esc\u00e8niques.<\/p>\n\n\n\n<figure class=\"wp-block-gallery has-nested-images columns-default is-cropped wp-block-gallery-1 is-layout-flex wp-block-gallery-is-layout-flex\">\n<figure class=\"wp-block-image size-large\"><img loading=\"lazy\" decoding=\"async\" width=\"1024\" height=\"574\" data-id=\"174\" src=\"\/sants2026\/wp-content\/uploads\/2026\/02\/IMG_20260218_154123-1024x574.jpg\" alt=\"\" class=\"wp-image-174\" srcset=\"\/sants2026\/wp-content\/uploads\/2026\/02\/IMG_20260218_154123-1024x574.jpg 1024w, \/sants2026\/wp-content\/uploads\/2026\/02\/IMG_20260218_154123-300x168.jpg 300w, \/sants2026\/wp-content\/uploads\/2026\/02\/IMG_20260218_154123-768x431.jpg 768w, \/sants2026\/wp-content\/uploads\/2026\/02\/IMG_20260218_154123-1536x861.jpg 1536w, \/sants2026\/wp-content\/uploads\/2026\/02\/IMG_20260218_154123-2048x1148.jpg 2048w\" sizes=\"auto, (max-width: 767px) 89vw, (max-width: 1000px) 54vw, (max-width: 1071px) 543px, 580px\" \/><\/figure>\n\n\n\n<figure class=\"wp-block-image size-large\"><img loading=\"lazy\" decoding=\"async\" width=\"1024\" height=\"574\" data-id=\"173\" src=\"\/sants2026\/wp-content\/uploads\/2026\/02\/IMG_20260218_153924-EDIT-1024x574.jpg\" alt=\"\" class=\"wp-image-173\" srcset=\"\/sants2026\/wp-content\/uploads\/2026\/02\/IMG_20260218_153924-EDIT-1024x574.jpg 1024w, \/sants2026\/wp-content\/uploads\/2026\/02\/IMG_20260218_153924-EDIT-300x168.jpg 300w, \/sants2026\/wp-content\/uploads\/2026\/02\/IMG_20260218_153924-EDIT-768x431.jpg 768w, \/sants2026\/wp-content\/uploads\/2026\/02\/IMG_20260218_153924-EDIT-1536x861.jpg 1536w, \/sants2026\/wp-content\/uploads\/2026\/02\/IMG_20260218_153924-EDIT-2048x1148.jpg 2048w\" sizes=\"auto, (max-width: 767px) 89vw, (max-width: 1000px) 54vw, (max-width: 1071px) 543px, 580px\" \/><\/figure>\n\n\n\n<figure class=\"wp-block-image size-large\"><img loading=\"lazy\" decoding=\"async\" width=\"1024\" height=\"460\" data-id=\"171\" src=\"\/sants2026\/wp-content\/uploads\/2026\/02\/WhatsApp-Image-2026-02-20-at-17.35.39-1024x460.jpeg\" alt=\"\" class=\"wp-image-171\" srcset=\"\/sants2026\/wp-content\/uploads\/2026\/02\/WhatsApp-Image-2026-02-20-at-17.35.39-1024x460.jpeg 1024w, \/sants2026\/wp-content\/uploads\/2026\/02\/WhatsApp-Image-2026-02-20-at-17.35.39-300x135.jpeg 300w, \/sants2026\/wp-content\/uploads\/2026\/02\/WhatsApp-Image-2026-02-20-at-17.35.39-768x345.jpeg 768w, \/sants2026\/wp-content\/uploads\/2026\/02\/WhatsApp-Image-2026-02-20-at-17.35.39-1536x690.jpeg 1536w, \/sants2026\/wp-content\/uploads\/2026\/02\/WhatsApp-Image-2026-02-20-at-17.35.39.jpeg 1600w\" sizes=\"auto, (max-width: 767px) 89vw, (max-width: 1000px) 54vw, (max-width: 1071px) 543px, 580px\" \/><\/figure>\n\n\n\n<figure class=\"wp-block-image size-large\"><img loading=\"lazy\" decoding=\"async\" width=\"1024\" height=\"460\" data-id=\"172\" src=\"\/sants2026\/wp-content\/uploads\/2026\/02\/WhatsApp-Image-2026-02-20-at-17.34.05-1024x460.jpeg\" alt=\"\" class=\"wp-image-172\" srcset=\"\/sants2026\/wp-content\/uploads\/2026\/02\/WhatsApp-Image-2026-02-20-at-17.34.05-1024x460.jpeg 1024w, \/sants2026\/wp-content\/uploads\/2026\/02\/WhatsApp-Image-2026-02-20-at-17.34.05-300x135.jpeg 300w, \/sants2026\/wp-content\/uploads\/2026\/02\/WhatsApp-Image-2026-02-20-at-17.34.05-768x345.jpeg 768w, \/sants2026\/wp-content\/uploads\/2026\/02\/WhatsApp-Image-2026-02-20-at-17.34.05-1536x690.jpeg 1536w, \/sants2026\/wp-content\/uploads\/2026\/02\/WhatsApp-Image-2026-02-20-at-17.34.05.jpeg 1600w\" sizes=\"auto, (max-width: 767px) 89vw, (max-width: 1000px) 54vw, (max-width: 1071px) 543px, 580px\" \/><\/figure>\n<\/figure>\n\n\n\n<figure class=\"wp-block-gallery has-nested-images columns-default is-cropped wp-block-gallery-2 is-layout-flex wp-block-gallery-is-layout-flex\">\n<figure class=\"wp-block-image size-large\"><img loading=\"lazy\" decoding=\"async\" width=\"860\" height=\"548\" data-id=\"176\" src=\"\/sants2026\/wp-content\/uploads\/2026\/02\/Captura-de-pantalla-2026-02-24-a-les-11.50.26.png\" alt=\"\" class=\"wp-image-176\" srcset=\"\/sants2026\/wp-content\/uploads\/2026\/02\/Captura-de-pantalla-2026-02-24-a-les-11.50.26.png 860w, \/sants2026\/wp-content\/uploads\/2026\/02\/Captura-de-pantalla-2026-02-24-a-les-11.50.26-300x191.png 300w, \/sants2026\/wp-content\/uploads\/2026\/02\/Captura-de-pantalla-2026-02-24-a-les-11.50.26-768x489.png 768w\" sizes=\"auto, (max-width: 767px) 89vw, (max-width: 1000px) 54vw, (max-width: 1071px) 543px, 580px\" \/><\/figure>\n\n\n\n<figure class=\"wp-block-image size-large\"><img loading=\"lazy\" decoding=\"async\" width=\"810\" height=\"572\" data-id=\"177\" src=\"\/sants2026\/wp-content\/uploads\/2026\/02\/Captura-de-pantalla-2026-02-24-a-les-11.50.19.png\" alt=\"\" class=\"wp-image-177\" srcset=\"\/sants2026\/wp-content\/uploads\/2026\/02\/Captura-de-pantalla-2026-02-24-a-les-11.50.19.png 810w, \/sants2026\/wp-content\/uploads\/2026\/02\/Captura-de-pantalla-2026-02-24-a-les-11.50.19-300x212.png 300w, \/sants2026\/wp-content\/uploads\/2026\/02\/Captura-de-pantalla-2026-02-24-a-les-11.50.19-768x542.png 768w\" sizes=\"auto, (max-width: 767px) 89vw, (max-width: 1000px) 54vw, (max-width: 1071px) 543px, 580px\" \/><\/figure>\n<\/figure>\n","protected":false},"excerpt":{"rendered":"<p>El passat 18 de febrer vam dur a terme una sessi\u00f3 clau en el nostre projecte d&#8217;arts esc\u00e8niques. Vam dedicar tota la jornada a realitzar un assaig general intensiu de les cinc coreografies que conformen el cos del treball, amb l&#8217;objectiu de consolidar una primera presentaci\u00f3 coherent i vertebrada sota una tem\u00e0tica espec\u00edfica. Malgrat els &hellip; <\/p>\n<p class=\"link-more\"><a href=\"\/sants2026\/jornada-oberta-del-proces-el-18-de-febrer-mostrar-retornar-i-dialogar-des-daltres-posicions\/\" class=\"more-link\">Continua llegint <span class=\"screen-reader-text\">\u00abJornada oberta del proc\u00e9s el 18 de febrer: Mostrar, retornar i dialogar des d&#8217;altres posicions\u00bb<\/span><\/a><\/p>\n","protected":false},"author":3,"featured_media":0,"comment_status":"closed","ping_status":"","sticky":false,"template":"","format":"standard","meta":{"footnotes":""},"categories":[1],"tags":[],"class_list":["post-170","post","type-post","status-publish","format-standard","hentry","category-general"],"_links":{"self":[{"href":"\/sants2026\/wp-json\/wp\/v2\/posts\/170","targetHints":{"allow":["GET"]}}],"collection":[{"href":"\/sants2026\/wp-json\/wp\/v2\/posts"}],"about":[{"href":"\/sants2026\/wp-json\/wp\/v2\/types\/post"}],"author":[{"embeddable":true,"href":"\/sants2026\/wp-json\/wp\/v2\/users\/3"}],"replies":[{"embeddable":true,"href":"\/sants2026\/wp-json\/wp\/v2\/comments?post=170"}],"version-history":[{"count":3,"href":"\/sants2026\/wp-json\/wp\/v2\/posts\/170\/revisions"}],"predecessor-version":[{"id":224,"href":"\/sants2026\/wp-json\/wp\/v2\/posts\/170\/revisions\/224"}],"wp:attachment":[{"href":"\/sants2026\/wp-json\/wp\/v2\/media?parent=170"}],"wp:term":[{"taxonomy":"category","embeddable":true,"href":"\/sants2026\/wp-json\/wp\/v2\/categories?post=170"},{"taxonomy":"post_tag","embeddable":true,"href":"\/sants2026\/wp-json\/wp\/v2\/tags?post=170"}],"curies":[{"name":"wp","href":"https:\/\/api.w.org\/{rel}","templated":true}]}}