{"id":180,"date":"2026-03-18T19:47:09","date_gmt":"2026-03-18T17:47:09","guid":{"rendered":"\/sants2026\/?p=180"},"modified":"2026-03-18T19:47:09","modified_gmt":"2026-03-18T17:47:09","slug":"entre-llums-ombres-i-debats-proces-de-creacio-sobre-les-fake-news","status":"publish","type":"post","link":"\/sants2026\/entre-llums-ombres-i-debats-proces-de-creacio-sobre-les-fake-news\/","title":{"rendered":"Entre llums, ombres i debats: proc\u00e9s de creaci\u00f3 sobre les fake news"},"content":{"rendered":"\n<figure class=\"wp-block-image size-large\"><img loading=\"lazy\" decoding=\"async\" width=\"1024\" height=\"768\" src=\"\/sants2026\/wp-content\/uploads\/2026\/03\/WhatsApp-Image-2026-03-04-at-15.28.56-1024x768.jpeg\" alt=\"\" class=\"wp-image-181\" srcset=\"\/sants2026\/wp-content\/uploads\/2026\/03\/WhatsApp-Image-2026-03-04-at-15.28.56-1024x768.jpeg 1024w, \/sants2026\/wp-content\/uploads\/2026\/03\/WhatsApp-Image-2026-03-04-at-15.28.56-300x225.jpeg 300w, \/sants2026\/wp-content\/uploads\/2026\/03\/WhatsApp-Image-2026-03-04-at-15.28.56-768x576.jpeg 768w, \/sants2026\/wp-content\/uploads\/2026\/03\/WhatsApp-Image-2026-03-04-at-15.28.56-1536x1152.jpeg 1536w, \/sants2026\/wp-content\/uploads\/2026\/03\/WhatsApp-Image-2026-03-04-at-15.28.56.jpeg 2048w\" sizes=\"auto, (max-width: 767px) 89vw, (max-width: 1000px) 54vw, (max-width: 1071px) 543px, 580px\" \/><\/figure>\n\n\n\n<p class=\"wp-block-paragraph\">L\u2019\u00faltima sessi\u00f3 de treball es va viure com una jornada marcada per l&#8217;honestedat i la descoberta m\u00fatua. El grup va comen\u00e7ar amb un espai de reflexi\u00f3 profunda sobre la mostra anterior, on els alumnes van compartir amb sinceritat com es van sentir en estar exposats i sota la mirada dels altres. Tot i que alguns van esmentar la incomoditat de l&#8217;espera i el cansament f\u00edsic, el m\u00e9s valu\u00f3s va ser la seva capacitat autocr\u00edtica: el grup va coincidir que tenen el potencial per fer-ho encara millor. Malgrat que la classe va comen\u00e7ar amb un ambient una mica dispers, es va aconseguir reconnectar a trav\u00e9s de la paraula, recordant la import\u00e0ncia d&#8217;aprofitar cada minut en aquest espai de creaci\u00f3 tan valorat pel professorat.<\/p>\n\n\n\n<p class=\"wp-block-paragraph\">El nucli de la sessi\u00f3 va ser un debat de gran actualitat: la proposta de limitar l&#8217;acc\u00e9s a les xarxes socials als menors de 16 anys. Aquesta not\u00edcia va servir de motor per crear quatre esquetxos per grup, on els estudiants van explorar les seves opinions a trav\u00e9s de l&#8217;exageraci\u00f3, la com\u00e8dia i la s\u00edntesi visual. Com a novetat t\u00e8cnica, es va introduir l&#8217;\u00fas de llanternes per jugar amb llums i ombres; un exercici de disciplina i creativitat on es va posar l&#8217;accent en el fet que el bon maneig de l&#8217;equip \u00e9s part essencial del respecte a l&#8217;ofici teatral.<\/p>\n\n\n\n<p class=\"wp-block-paragraph\">El resultat va ser fascinant, amb propostes que van anar des de representacions dram\u00e0tiques de conflictes familiars fins a peces minimalistes que, amb nom\u00e9s una paraula i una imatge, aconseguien transmetre missatges potents. A m\u00e9s, l&#8217;atzar va regalar nous aliats al muntatge: un piano i dues portes trobades a l&#8217;espai que ja s&#8217;han incorporat a l&#8217;escenografia. De cadascun d&#8217;aquests exercicis n&#8217;ha nascut un element clau que s&#8217;integrar\u00e0 en el muntatge final, demostrant que el proc\u00e9s continua viu i amb m\u00e9s for\u00e7a que mai.<\/p>\n","protected":false},"excerpt":{"rendered":"<p>L\u2019\u00faltima sessi\u00f3 de treball es va viure com una jornada marcada per l&#8217;honestedat i la descoberta m\u00fatua. El grup va comen\u00e7ar amb un espai de reflexi\u00f3 profunda sobre la mostra anterior, on els alumnes van compartir amb sinceritat com es van sentir en estar exposats i sota la mirada dels altres. Tot i que alguns &hellip; <\/p>\n<p class=\"link-more\"><a href=\"\/sants2026\/entre-llums-ombres-i-debats-proces-de-creacio-sobre-les-fake-news\/\" class=\"more-link\">Continua llegint <span class=\"screen-reader-text\">\u00abEntre llums, ombres i debats: proc\u00e9s de creaci\u00f3 sobre les fake news\u00bb<\/span><\/a><\/p>\n","protected":false},"author":3,"featured_media":0,"comment_status":"closed","ping_status":"","sticky":false,"template":"","format":"standard","meta":{"footnotes":""},"categories":[1],"tags":[],"class_list":["post-180","post","type-post","status-publish","format-standard","hentry","category-general"],"_links":{"self":[{"href":"\/sants2026\/wp-json\/wp\/v2\/posts\/180","targetHints":{"allow":["GET"]}}],"collection":[{"href":"\/sants2026\/wp-json\/wp\/v2\/posts"}],"about":[{"href":"\/sants2026\/wp-json\/wp\/v2\/types\/post"}],"author":[{"embeddable":true,"href":"\/sants2026\/wp-json\/wp\/v2\/users\/3"}],"replies":[{"embeddable":true,"href":"\/sants2026\/wp-json\/wp\/v2\/comments?post=180"}],"version-history":[{"count":1,"href":"\/sants2026\/wp-json\/wp\/v2\/posts\/180\/revisions"}],"predecessor-version":[{"id":182,"href":"\/sants2026\/wp-json\/wp\/v2\/posts\/180\/revisions\/182"}],"wp:attachment":[{"href":"\/sants2026\/wp-json\/wp\/v2\/media?parent=180"}],"wp:term":[{"taxonomy":"category","embeddable":true,"href":"\/sants2026\/wp-json\/wp\/v2\/categories?post=180"},{"taxonomy":"post_tag","embeddable":true,"href":"\/sants2026\/wp-json\/wp\/v2\/tags?post=180"}],"curies":[{"name":"wp","href":"https:\/\/api.w.org\/{rel}","templated":true}]}}