{"id":211,"date":"2026-04-28T09:19:31","date_gmt":"2026-04-28T07:19:31","guid":{"rendered":"\/sants2026\/?p=211"},"modified":"2026-04-28T09:39:25","modified_gmt":"2026-04-28T07:39:25","slug":"mes-enlla-de-les-pantalles-mostra-de-carolina-torres-topaga-de-linstitut-sants-a-la-lleialtat-santsenca-19-maig-18-h","status":"publish","type":"post","link":"\/sants2026\/mes-enlla-de-les-pantalles-mostra-de-carolina-torres-topaga-de-linstitut-sants-a-la-lleialtat-santsenca-19-maig-18-h\/","title":{"rendered":"M\u00e9s enll\u00e0 de les pantalles: Mostra de Carolina Torres Topaga de l&#8217;Institut Sants a la Lleialtat Santsenca (18 h, 19 maig)"},"content":{"rendered":"\n<figure class=\"wp-block-image size-large\"><img loading=\"lazy\" decoding=\"async\" width=\"724\" height=\"1024\" src=\"\/sants2026\/wp-content\/uploads\/2026\/04\/En-Residencia-25-26-DEF-Flyer-A4-724x1024.png\" alt=\"\" class=\"wp-image-212\" srcset=\"\/sants2026\/wp-content\/uploads\/2026\/04\/En-Residencia-25-26-DEF-Flyer-A4-724x1024.png 724w, \/sants2026\/wp-content\/uploads\/2026\/04\/En-Residencia-25-26-DEF-Flyer-A4-212x300.png 212w, \/sants2026\/wp-content\/uploads\/2026\/04\/En-Residencia-25-26-DEF-Flyer-A4-768x1086.png 768w, \/sants2026\/wp-content\/uploads\/2026\/04\/En-Residencia-25-26-DEF-Flyer-A4-1086x1536.png 1086w, \/sants2026\/wp-content\/uploads\/2026\/04\/En-Residencia-25-26-DEF-Flyer-A4-1448x2048.png 1448w, \/sants2026\/wp-content\/uploads\/2026\/04\/En-Residencia-25-26-DEF-Flyer-A4-scaled.png 1810w\" sizes=\"auto, (max-width: 724px) 100vw, 724px\" \/><\/figure>\n\n\n\n<p class=\"wp-block-paragraph\">Ens fa molta il\u00b7lusi\u00f3 convidar-vos a la presentaci\u00f3 p\u00fablica de <strong>\u00abM\u00e9s enll\u00e0 de les pantalles\u00bb<\/strong>, el resultat de la resid\u00e8ncia art\u00edstica de <strong>Carolina Torres Toapanta<\/strong> amb l&#8217;alumnat de 2n d&#8217;ESO de l&#8217;<strong>Institut Sants<\/strong>, en el marc de la 17a edici\u00f3 d&#8217;EN RESiD\u00c8NCiA.<\/p>\n\n\n\n<p class=\"wp-block-paragraph\">Aquest projecte, que ha comptat amb la mediaci\u00f3 de <strong>Transductores<\/strong>, culmina ara en una mostra de teatre interdisciplinari que posa sobre la taula temes tan actuals com les <em>fake news<\/em>, l&#8217;impacte de les xarxes socials i la gesti\u00f3 de la identitat juvenil des d&#8217;una mirada cr\u00edtica i col\u00b7lectiva.<\/p>\n\n\n\n<h3 class=\"wp-block-heading\"><strong>L&#8217;obra: Una construcci\u00f3 col\u00b7lectiva<\/strong><\/h3>\n\n\n\n<p class=\"wp-block-paragraph\">A trav\u00e9s de la m\u00fasica, el moviment i el teatre corporal, els alumnes han creat un engranatge d&#8217;escenes on exploren com es relacionen dins i fora de les xarxes, q\u00fcestionant la mirada adultoc\u00e8ntrica i aprenent a contrastar la informaci\u00f3 que reben di\u00e0riament.<\/p>\n\n\n\n<p class=\"wp-block-paragraph\">L&#8217;acte constar\u00e0 d&#8217;una <strong>performance de 35 minuts<\/strong> seguida d&#8217;un <strong>di\u00e0leg de 20 minuts<\/strong> amb els creadors i creadores.<\/p>\n\n\n\n<h3 class=\"wp-block-heading\"><strong>\ud83d\udcc5 Quan i on?<\/strong><\/h3>\n\n\n\n<ul class=\"wp-block-list\">\n<li><strong>Dia:<\/strong> Dimarts, 19 de maig de 2026<\/li>\n\n\n\n<li><strong>Hora:<\/strong> Doble sessi\u00f3 a les <strong>12:00 h (tancada per l&#8217;institut)<\/strong> i a les <strong>18:00 h<\/strong>, obert per tothom<\/li>\n\n\n\n<li><strong>Lloc:<\/strong> La Lleialtat Santsenca (Carrer d&#8217;Olzinelles, 31, Barcelona)<\/li>\n\n\n\n<li><strong>Durada total:<\/strong> 55 minuts<\/li>\n<\/ul>\n\n\n\n<h3 class=\"wp-block-heading\"><strong>Les protagonistes<\/strong><\/h3>\n\n\n\n<p class=\"wp-block-paragraph\">Aquesta pe\u00e7a \u00e9s fruit del talent i el comprom\u00eds de: Joan Manel \u00c1lvarez, Kevin Arteaga, Nora Azzouz, Nayala Blanquer, Mart\u00ed Candela, Jean Carlo Castillo, Paula Cerulla, Yulenny Cuevas, Dilan Henry Guardia, Alison Herbas, Sabrin Jami, D\u00eddac Molinos, Alyson Mosquera, Joel Noblejas, Elna Padrisa, Asthrid Pastrana, Nesrin Rahhali, Abril Valbuena, Mar\u00eda Varc\u00e1rcel i Rou Zhengi.<\/p>\n\n\n\n<p class=\"wp-block-paragraph\">Amb l&#8217;acompanyament dels docents <strong>Cristina L\u00f3pez<\/strong> i <strong>Juan Carlos Guti\u00e9rrez<\/strong>.<\/p>\n\n\n\n<p class=\"wp-block-paragraph\"><\/p>\n\n\n\n<p class=\"wp-block-paragraph\"><\/p>\n","protected":false},"excerpt":{"rendered":"<p>Ens fa molta il\u00b7lusi\u00f3 convidar-vos a la presentaci\u00f3 p\u00fablica de \u00abM\u00e9s enll\u00e0 de les pantalles\u00bb, el resultat de la resid\u00e8ncia art\u00edstica de Carolina Torres Toapanta amb l&#8217;alumnat de 2n d&#8217;ESO de l&#8217;Institut Sants, en el marc de la 17a edici\u00f3 d&#8217;EN RESiD\u00c8NCiA. Aquest projecte, que ha comptat amb la mediaci\u00f3 de Transductores, culmina ara en &hellip; <\/p>\n<p class=\"link-more\"><a href=\"\/sants2026\/mes-enlla-de-les-pantalles-mostra-de-carolina-torres-topaga-de-linstitut-sants-a-la-lleialtat-santsenca-19-maig-18-h\/\" class=\"more-link\">Continua llegint <span class=\"screen-reader-text\">\u00abM\u00e9s enll\u00e0 de les pantalles: Mostra de Carolina Torres Topaga de l&#8217;Institut Sants a la Lleialtat Santsenca (18 h, 19 maig)\u00bb<\/span><\/a><\/p>\n","protected":false},"author":3,"featured_media":208,"comment_status":"closed","ping_status":"","sticky":false,"template":"","format":"standard","meta":{"footnotes":""},"categories":[1],"tags":[],"class_list":["post-211","post","type-post","status-publish","format-standard","has-post-thumbnail","hentry","category-general"],"_links":{"self":[{"href":"\/sants2026\/wp-json\/wp\/v2\/posts\/211","targetHints":{"allow":["GET"]}}],"collection":[{"href":"\/sants2026\/wp-json\/wp\/v2\/posts"}],"about":[{"href":"\/sants2026\/wp-json\/wp\/v2\/types\/post"}],"author":[{"embeddable":true,"href":"\/sants2026\/wp-json\/wp\/v2\/users\/3"}],"replies":[{"embeddable":true,"href":"\/sants2026\/wp-json\/wp\/v2\/comments?post=211"}],"version-history":[{"count":3,"href":"\/sants2026\/wp-json\/wp\/v2\/posts\/211\/revisions"}],"predecessor-version":[{"id":215,"href":"\/sants2026\/wp-json\/wp\/v2\/posts\/211\/revisions\/215"}],"wp:featuredmedia":[{"embeddable":true,"href":"\/sants2026\/wp-json\/wp\/v2\/media\/208"}],"wp:attachment":[{"href":"\/sants2026\/wp-json\/wp\/v2\/media?parent=211"}],"wp:term":[{"taxonomy":"category","embeddable":true,"href":"\/sants2026\/wp-json\/wp\/v2\/categories?post=211"},{"taxonomy":"post_tag","embeddable":true,"href":"\/sants2026\/wp-json\/wp\/v2\/tags?post=211"}],"curies":[{"name":"wp","href":"https:\/\/api.w.org\/{rel}","templated":true}]}}