{"id":217,"date":"2026-05-13T17:33:25","date_gmt":"2026-05-13T15:33:25","guid":{"rendered":"\/sants2026\/?p=217"},"modified":"2026-05-13T17:33:25","modified_gmt":"2026-05-13T15:33:25","slug":"ultimes-assajos-abans-de-la-mostra","status":"publish","type":"post","link":"\/sants2026\/ultimes-assajos-abans-de-la-mostra\/","title":{"rendered":"Ultimes assajos abans de la mostra"},"content":{"rendered":"\n<p class=\"wp-block-paragraph\">Aquestes \u00faltimes tres setmanes han estat una prova de resili\u00e8ncia per al nostre projecte. Entre l&#8217;imp\u00e0s de les vagues i el par\u00e8ntesi de les col\u00f2nies, el calendari ens ha obligat a gestionar el temps amb una precisi\u00f3 quasi quir\u00fargica. Tot i els imprevistos, hem aconseguit tancar quatre sessions d&#8217;assaig clau, on la prioritat ha estat moure les peces del trencaclosques de l&#8217;institut cap a un entorn professional: l&#8217;auditori de la <strong>Lleialtat Santsenca<\/strong>.<\/p>\n\n\n\n<h3 class=\"wp-block-heading\"><strong>L&#8217;an\u00e0lisi de l&#8217;espai: De l&#8217;aula a l&#8217;escenari real<\/strong><\/h3>\n\n\n\n<p class=\"wp-block-paragraph\">L&#8217;entrada a la Lleialtat ha suposat un punt d&#8217;inflexi\u00f3 en la percepci\u00f3 del grup. Hem refor\u00e7at la feina amb tres assajos extraordinaris, sumats a les hores de tutoria dels dimarts, per tal d&#8217;adaptar-nos a una realitat espacial diferent.<\/p>\n\n\n\n<p class=\"wp-block-paragraph\">L&#8217;an\u00e0lisi d&#8217;aquest canvi d&#8217;escenari ens deixa algunes conclusions interessants:<\/p>\n\n\n\n<ul class=\"wp-block-list\">\n<li><strong>La intimitat de la mida:<\/strong> Tot i que l&#8217;escenari \u00e9s una mica m\u00e9s redu\u00eft que el que fem servir a l&#8217;institut, aquesta proximitat ha obligat els alumnes a reajustar les seves traject\u00f2ries, guanyant en precisi\u00f3 i consci\u00e8ncia corporal.<\/li>\n\n\n\n<li><strong>L&#8217;impacte visual:<\/strong> El treball amb l&#8217;equip de llums i les projeccions no \u00e9s nom\u00e9s est\u00e8tic; \u00e9s narratiu. Hem observat com les escenes canvien radicalment de sentit quan el cos dialoga amb la il\u00b7luminaci\u00f3, transformant un simple moviment en una imatge potent.<\/li>\n<\/ul>\n\n\n\n<h3 class=\"wp-block-heading\"><strong>El factor hum\u00e0: Gesti\u00f3 de la fatiga i la motivaci\u00f3<\/strong><\/h3>\n\n\n\n<p class=\"wp-block-paragraph\">No podem obviar que estem en un moment cr\u00edtic del curs. L&#8217;arribada de la primavera i el cansament acumulat s&#8217;han fet evidents en la din\u00e0mica del grup. Des d&#8217;un punt de vista pedag\u00f2gic i creatiu, aix\u00f2 ens ha obligat a canviar l&#8217;estrat\u00e8gia:<\/p>\n\n\n\n<ol class=\"wp-block-list\">\n<li><strong>Motivaci\u00f3 extra:<\/strong> Hem hagut de posar el focus en la cohesi\u00f3 del grup per evitar la dispersi\u00f3.<\/li>\n\n\n\n<li><strong>Treball en equip:<\/strong> Hem passat de l&#8217;execuci\u00f3 individual a la consci\u00e8ncia col\u00b7lectiva, recordant que la mostra \u00e9s un organisme on cada pe\u00e7a \u00e9s vital.<\/li>\n<\/ol>\n\n\n\n<h3 class=\"wp-block-heading\"><strong>La mirada externa: El suport coreogr\u00e0fic<\/strong><\/h3>\n\n\n\n<p class=\"wp-block-paragraph\">Un dels elements m\u00e9s enriquidors d&#8217;aquests dies ha estat la col\u00b7laboraci\u00f3 del <strong>Luis, el nostre professor de ball<\/strong>. El seu suport ha estat fonamental per aportar el que anomenem la \u00abmirada global\u00bb. Mentre que nosaltres sovint ens centrem en el contingut, ell ens ajuda a polir la forma:<\/p>\n\n\n\n<ul class=\"wp-block-list\">\n<li><strong>Composici\u00f3 de moviments:<\/strong> Ha redimensionat les coreografies col\u00b7lectives, donant-los una estructura m\u00e9s org\u00e0nica.<\/li>\n\n\n\n<li><strong>Transicions:<\/strong> Ens ha ajudat a entendre com els grups petits han d&#8217;habitar l&#8217;escenari perqu\u00e8 la mostra no perdi intensitat en cap moment.<\/li>\n<\/ul>\n\n\n\n<p class=\"wp-block-paragraph\">Malgrat els obstacles log\u00edstics, la sensaci\u00f3 general \u00e9s de creixement. Les escenes comencen a bategar amb una identitat pr\u00f2pia i ja estem impacients per veure com acaba de florir aquest treball en el dia de la mostra.<\/p>\n\n\n\n<figure class=\"wp-block-gallery has-nested-images columns-default is-cropped wp-block-gallery-1 is-layout-flex wp-block-gallery-is-layout-flex\">\n<figure class=\"wp-block-image size-large\"><img loading=\"lazy\" decoding=\"async\" width=\"1024\" height=\"768\" data-id=\"220\" src=\"\/sants2026\/wp-content\/uploads\/2026\/05\/IMG_20260513_125552-1024x768.jpg\" alt=\"\" class=\"wp-image-220\" srcset=\"\/sants2026\/wp-content\/uploads\/2026\/05\/IMG_20260513_125552-1024x768.jpg 1024w, \/sants2026\/wp-content\/uploads\/2026\/05\/IMG_20260513_125552-300x225.jpg 300w, \/sants2026\/wp-content\/uploads\/2026\/05\/IMG_20260513_125552-768x576.jpg 768w, \/sants2026\/wp-content\/uploads\/2026\/05\/IMG_20260513_125552-1536x1152.jpg 1536w, \/sants2026\/wp-content\/uploads\/2026\/05\/IMG_20260513_125552-2048x1536.jpg 2048w\" sizes=\"auto, (max-width: 767px) 89vw, (max-width: 1000px) 54vw, (max-width: 1071px) 543px, 580px\" \/><\/figure>\n\n\n\n<figure class=\"wp-block-image size-large\"><img loading=\"lazy\" decoding=\"async\" width=\"1024\" height=\"768\" data-id=\"219\" src=\"\/sants2026\/wp-content\/uploads\/2026\/05\/IMG_20260513_124210-1024x768.jpg\" alt=\"\" class=\"wp-image-219\" srcset=\"\/sants2026\/wp-content\/uploads\/2026\/05\/IMG_20260513_124210-1024x768.jpg 1024w, \/sants2026\/wp-content\/uploads\/2026\/05\/IMG_20260513_124210-300x225.jpg 300w, \/sants2026\/wp-content\/uploads\/2026\/05\/IMG_20260513_124210-768x576.jpg 768w, \/sants2026\/wp-content\/uploads\/2026\/05\/IMG_20260513_124210-1536x1152.jpg 1536w, \/sants2026\/wp-content\/uploads\/2026\/05\/IMG_20260513_124210-2048x1536.jpg 2048w\" sizes=\"auto, (max-width: 767px) 89vw, (max-width: 1000px) 54vw, (max-width: 1071px) 543px, 580px\" \/><\/figure>\n\n\n\n<figure class=\"wp-block-image size-large\"><img loading=\"lazy\" decoding=\"async\" width=\"1024\" height=\"768\" data-id=\"221\" src=\"\/sants2026\/wp-content\/uploads\/2026\/05\/IMG_20260513_121132-1024x768.jpg\" alt=\"\" class=\"wp-image-221\" srcset=\"\/sants2026\/wp-content\/uploads\/2026\/05\/IMG_20260513_121132-1024x768.jpg 1024w, \/sants2026\/wp-content\/uploads\/2026\/05\/IMG_20260513_121132-300x225.jpg 300w, \/sants2026\/wp-content\/uploads\/2026\/05\/IMG_20260513_121132-768x576.jpg 768w, \/sants2026\/wp-content\/uploads\/2026\/05\/IMG_20260513_121132-1536x1152.jpg 1536w, \/sants2026\/wp-content\/uploads\/2026\/05\/IMG_20260513_121132-2048x1536.jpg 2048w\" sizes=\"auto, (max-width: 767px) 89vw, (max-width: 1000px) 54vw, (max-width: 1071px) 543px, 580px\" \/><\/figure>\n\n\n\n<figure class=\"wp-block-image size-large\"><img loading=\"lazy\" decoding=\"async\" width=\"1024\" height=\"768\" data-id=\"218\" src=\"\/sants2026\/wp-content\/uploads\/2026\/05\/IMG_20260513_121832-1024x768.jpg\" alt=\"\" class=\"wp-image-218\" srcset=\"\/sants2026\/wp-content\/uploads\/2026\/05\/IMG_20260513_121832-1024x768.jpg 1024w, \/sants2026\/wp-content\/uploads\/2026\/05\/IMG_20260513_121832-300x225.jpg 300w, \/sants2026\/wp-content\/uploads\/2026\/05\/IMG_20260513_121832-768x576.jpg 768w, \/sants2026\/wp-content\/uploads\/2026\/05\/IMG_20260513_121832-1536x1152.jpg 1536w, \/sants2026\/wp-content\/uploads\/2026\/05\/IMG_20260513_121832-2048x1536.jpg 2048w\" sizes=\"auto, (max-width: 767px) 89vw, (max-width: 1000px) 54vw, (max-width: 1071px) 543px, 580px\" \/><\/figure>\n<\/figure>\n\n\n\n<p class=\"wp-block-paragraph\"><\/p>\n\n\n\n<p class=\"wp-block-paragraph\"><\/p>\n","protected":false},"excerpt":{"rendered":"<p>Aquestes \u00faltimes tres setmanes han estat una prova de resili\u00e8ncia per al nostre projecte. Entre l&#8217;imp\u00e0s de les vagues i el par\u00e8ntesi de les col\u00f2nies, el calendari ens ha obligat a gestionar el temps amb una precisi\u00f3 quasi quir\u00fargica. Tot i els imprevistos, hem aconseguit tancar quatre sessions d&#8217;assaig clau, on la prioritat ha estat &hellip; <\/p>\n<p class=\"link-more\"><a href=\"\/sants2026\/ultimes-assajos-abans-de-la-mostra\/\" class=\"more-link\">Continua llegint <span class=\"screen-reader-text\">\u00abUltimes assajos abans de la mostra\u00bb<\/span><\/a><\/p>\n","protected":false},"author":3,"featured_media":218,"comment_status":"closed","ping_status":"","sticky":false,"template":"","format":"standard","meta":{"footnotes":""},"categories":[1],"tags":[],"class_list":["post-217","post","type-post","status-publish","format-standard","has-post-thumbnail","hentry","category-general"],"_links":{"self":[{"href":"\/sants2026\/wp-json\/wp\/v2\/posts\/217","targetHints":{"allow":["GET"]}}],"collection":[{"href":"\/sants2026\/wp-json\/wp\/v2\/posts"}],"about":[{"href":"\/sants2026\/wp-json\/wp\/v2\/types\/post"}],"author":[{"embeddable":true,"href":"\/sants2026\/wp-json\/wp\/v2\/users\/3"}],"replies":[{"embeddable":true,"href":"\/sants2026\/wp-json\/wp\/v2\/comments?post=217"}],"version-history":[{"count":1,"href":"\/sants2026\/wp-json\/wp\/v2\/posts\/217\/revisions"}],"predecessor-version":[{"id":222,"href":"\/sants2026\/wp-json\/wp\/v2\/posts\/217\/revisions\/222"}],"wp:featuredmedia":[{"embeddable":true,"href":"\/sants2026\/wp-json\/wp\/v2\/media\/218"}],"wp:attachment":[{"href":"\/sants2026\/wp-json\/wp\/v2\/media?parent=217"}],"wp:term":[{"taxonomy":"category","embeddable":true,"href":"\/sants2026\/wp-json\/wp\/v2\/categories?post=217"},{"taxonomy":"post_tag","embeddable":true,"href":"\/sants2026\/wp-json\/wp\/v2\/tags?post=217"}],"curies":[{"name":"wp","href":"https:\/\/api.w.org\/{rel}","templated":true}]}}