{"id":62,"date":"2025-11-17T15:02:25","date_gmt":"2025-11-17T13:02:25","guid":{"rendered":"\/sants2026\/?p=62"},"modified":"2025-11-17T15:02:25","modified_gmt":"2025-11-17T13:02:25","slug":"mes-doctubre-2a-part-treball-de-cos-en-grup-i-de-coordinacio","status":"publish","type":"post","link":"\/sants2026\/mes-doctubre-2a-part-treball-de-cos-en-grup-i-de-coordinacio\/","title":{"rendered":"Mes d&#8217;octubre 2a part. Treball de cos, en grup i de coordinaci\u00f3"},"content":{"rendered":"\n<p class=\"wp-block-paragraph\">Durant la <strong>tercera sessi\u00f3<\/strong> es va proposar una <strong>activitat de creaci\u00f3 fotogr\u00e0fica<\/strong> al voltant del tema de <strong>Palestina<\/strong>. Cada estudiant va elaborar una imatge individual i, posteriorment, es va realitzar una <strong>composici\u00f3 grupal<\/strong>. L\u2019objectiu era <strong>explorar qu\u00e8 sabien sobre el tema i com percebien el m\u00f3n a la seva edat<\/strong>.<\/p>\n\n\n\n<p class=\"wp-block-paragraph\">El grup es va mantenir <strong>actiu i participatiu<\/strong>. Es va permetre que treballessin amb els seus <strong>grups d\u2019amics<\/strong> per tal d\u2019afavorir la <strong>confian\u00e7a<\/strong> i el <strong>treball en equip<\/strong>.<\/p>\n\n\n\n<p class=\"wp-block-paragraph\">A continuaci\u00f3, es va proposar un <strong>exercici d\u2019imaginaci\u00f3<\/strong> sobre com seria el m\u00f3n d\u2019aqu\u00ed a <strong>50 anys<\/strong>. Es va observar que la majoria tenia <strong>dificultat per expressar idees o projectar escenaris<\/strong>, fet que va evidenciar la <strong>necessitat de continuar treballant l\u2019expressi\u00f3 i la seguretat a l\u2019hora d\u2019opinar<\/strong>.<\/p>\n\n\n\n<p class=\"wp-block-paragraph\">Com a <strong>tasca<\/strong>, se\u2019ls va demanar que portessin una <strong>not\u00edcia del seu inter\u00e8s<\/strong> per analitzar el tipus d\u2019informaci\u00f3 que consumeixen. Tamb\u00e9 se\u2019ls va informar que, en les pr\u00f2ximes sessions, <strong>assistiria una persona encarregada d\u2019activitats de moviment i dansa<\/strong>, amb l\u2019objectiu de <strong>fomentar l\u2019expressi\u00f3 corporal i la desinhibici\u00f3 del grup<\/strong>.<\/p>\n\n\n\n<p class=\"wp-block-paragraph\">En les dues sessions de finals d\u2019octubre s\u2019ha treballat amb un tallerista especial :Luis. S&#8217;ha treballat sobre tres universos o nivells del cos: el nivell alt, el nivell mitj\u00e0 \u2014que parteix dels malucs\u2014 i el nivell baix, que connecta amb la terra. A partir d\u2019aquests tres eixos s\u2019han realitzat diversos exercicis de coordinaci\u00f3 corporal, de treball en grup i d\u2019escolta atenta.<\/p>\n\n\n\n<p class=\"wp-block-paragraph\">Tamb\u00e9 s\u2019han activat propostes vinculades a la m\u00fasica, a la coordinaci\u00f3 amb objectes (com la moneda) i a tot el treball esc\u00e8nic relacionat amb el despla\u00e7ament i els equilibris. A m\u00e9s, s\u2019han dut a terme exercicis de <strong>coordinaci\u00f3, interpretaci\u00f3 i improvisaci\u00f3 de l\u2019escola activa<\/strong>, amb gestos i moviments que han perm\u00e8s comen\u00e7ar a treballar <strong>el sentit del vincle i del respecte entre persones diverses<\/strong>. Hem realitzat <strong>dues sessions molt especials<\/strong> amb la participaci\u00f3 d\u2019una <strong>persona especialista en so i moviment<\/strong>. El taller amb el grup de joves es va desenvolupar de manera molt positiva, amb una <strong>bona actitud i implicaci\u00f3<\/strong> per part de totes les persones participants. Pel que fa als exercicis, es van treballar diferents aspectes com <strong>el maneig de l\u2019espai, el treball en equip, el ritme, el despla\u00e7ament i la pres\u00e8ncia esc\u00e8nic.<\/strong><\/p>\n\n\n\n<figure class=\"wp-block-gallery has-nested-images columns-default is-cropped wp-block-gallery-1 is-layout-flex wp-block-gallery-is-layout-flex\">\n<figure class=\"wp-block-image size-large\"><img loading=\"lazy\" decoding=\"async\" width=\"1024\" height=\"771\" data-id=\"63\" src=\"\/sants2026\/wp-content\/uploads\/2025\/11\/IMG_20251029_120010_2-1024x771.jpg\" alt=\"\" class=\"wp-image-63\" srcset=\"\/sants2026\/wp-content\/uploads\/2025\/11\/IMG_20251029_120010_2-1024x771.jpg 1024w, \/sants2026\/wp-content\/uploads\/2025\/11\/IMG_20251029_120010_2-300x226.jpg 300w, \/sants2026\/wp-content\/uploads\/2025\/11\/IMG_20251029_120010_2-768x578.jpg 768w, \/sants2026\/wp-content\/uploads\/2025\/11\/IMG_20251029_120010_2-1536x1157.jpg 1536w, \/sants2026\/wp-content\/uploads\/2025\/11\/IMG_20251029_120010_2-2048x1542.jpg 2048w\" sizes=\"auto, (max-width: 767px) 89vw, (max-width: 1000px) 54vw, (max-width: 1071px) 543px, 580px\" \/><\/figure>\n\n\n\n<figure class=\"wp-block-image size-large\"><img loading=\"lazy\" decoding=\"async\" width=\"1024\" height=\"574\" data-id=\"65\" src=\"\/sants2026\/wp-content\/uploads\/2025\/11\/IMG_20251029_115909__-1024x574.jpg\" alt=\"\" class=\"wp-image-65\" srcset=\"\/sants2026\/wp-content\/uploads\/2025\/11\/IMG_20251029_115909__-1024x574.jpg 1024w, \/sants2026\/wp-content\/uploads\/2025\/11\/IMG_20251029_115909__-300x168.jpg 300w, \/sants2026\/wp-content\/uploads\/2025\/11\/IMG_20251029_115909__-768x431.jpg 768w, \/sants2026\/wp-content\/uploads\/2025\/11\/IMG_20251029_115909__-1536x862.jpg 1536w, \/sants2026\/wp-content\/uploads\/2025\/11\/IMG_20251029_115909__-2048x1149.jpg 2048w\" sizes=\"auto, (max-width: 767px) 89vw, (max-width: 1000px) 54vw, (max-width: 1071px) 543px, 580px\" \/><\/figure>\n\n\n\n<figure class=\"wp-block-image size-large\"><img loading=\"lazy\" decoding=\"async\" width=\"1024\" height=\"771\" data-id=\"64\" src=\"\/sants2026\/wp-content\/uploads\/2025\/11\/IMG_20251029_121431-EDIT-1024x771.jpg\" alt=\"\" class=\"wp-image-64\" srcset=\"\/sants2026\/wp-content\/uploads\/2025\/11\/IMG_20251029_121431-EDIT-1024x771.jpg 1024w, \/sants2026\/wp-content\/uploads\/2025\/11\/IMG_20251029_121431-EDIT-300x226.jpg 300w, \/sants2026\/wp-content\/uploads\/2025\/11\/IMG_20251029_121431-EDIT-768x578.jpg 768w, \/sants2026\/wp-content\/uploads\/2025\/11\/IMG_20251029_121431-EDIT-1536x1157.jpg 1536w, \/sants2026\/wp-content\/uploads\/2025\/11\/IMG_20251029_121431-EDIT-2048x1542.jpg 2048w\" sizes=\"auto, (max-width: 767px) 89vw, (max-width: 1000px) 54vw, (max-width: 1071px) 543px, 580px\" \/><\/figure>\n\n\n\n<figure class=\"wp-block-image size-large\"><img loading=\"lazy\" decoding=\"async\" width=\"1024\" height=\"768\" data-id=\"67\" src=\"\/sants2026\/wp-content\/uploads\/2025\/11\/WhatsApp-Image-2025-10-22-at-17.39.421-1024x768.jpeg\" alt=\"\" class=\"wp-image-67\" srcset=\"\/sants2026\/wp-content\/uploads\/2025\/11\/WhatsApp-Image-2025-10-22-at-17.39.421-1024x768.jpeg 1024w, \/sants2026\/wp-content\/uploads\/2025\/11\/WhatsApp-Image-2025-10-22-at-17.39.421-300x225.jpeg 300w, \/sants2026\/wp-content\/uploads\/2025\/11\/WhatsApp-Image-2025-10-22-at-17.39.421-768x576.jpeg 768w, \/sants2026\/wp-content\/uploads\/2025\/11\/WhatsApp-Image-2025-10-22-at-17.39.421-1536x1152.jpeg 1536w, \/sants2026\/wp-content\/uploads\/2025\/11\/WhatsApp-Image-2025-10-22-at-17.39.421.jpeg 2048w\" sizes=\"auto, (max-width: 767px) 89vw, (max-width: 1000px) 54vw, (max-width: 1071px) 543px, 580px\" \/><\/figure>\n\n\n\n<figure class=\"wp-block-image size-large\"><img loading=\"lazy\" decoding=\"async\" width=\"1024\" height=\"768\" data-id=\"66\" src=\"\/sants2026\/wp-content\/uploads\/2025\/11\/WhatsApp-Image-2025-10-22-at-17.39.411-1024x768.jpeg\" alt=\"\" class=\"wp-image-66\" srcset=\"\/sants2026\/wp-content\/uploads\/2025\/11\/WhatsApp-Image-2025-10-22-at-17.39.411-1024x768.jpeg 1024w, \/sants2026\/wp-content\/uploads\/2025\/11\/WhatsApp-Image-2025-10-22-at-17.39.411-300x225.jpeg 300w, \/sants2026\/wp-content\/uploads\/2025\/11\/WhatsApp-Image-2025-10-22-at-17.39.411-768x576.jpeg 768w, \/sants2026\/wp-content\/uploads\/2025\/11\/WhatsApp-Image-2025-10-22-at-17.39.411-1536x1152.jpeg 1536w, \/sants2026\/wp-content\/uploads\/2025\/11\/WhatsApp-Image-2025-10-22-at-17.39.411.jpeg 2048w\" sizes=\"auto, (max-width: 767px) 89vw, (max-width: 1000px) 54vw, (max-width: 1071px) 543px, 580px\" \/><\/figure>\n<\/figure>\n\n\n\n<p class=\"has-text-align-center wp-block-paragraph\"><strong>Valoraci\u00f3 dels alumnes:<\/strong><\/p>\n\n\n\n<p class=\"wp-block-paragraph\">\u00abFueron 2 sesiones muy divertidas y movidas. Nos ense\u00f1\u00f3 a bailar con\u00a0 coordinaci\u00f3n y equilibrio. A tomarnos en serio el teatro, a expresar las cosas sin palabras. Nos ense\u00f1\u00f3 diferentes bailes, por ejemplo un baile con la canci\u00f3n de la Tarantela, una canci\u00f3n procedente de Italia. A como seguir el ritmo y comp\u00e1s de la m\u00fasica, sin adelantarse ni retrasarse; a ir todo\/as igual\/es. Juegos a diferentes juegos, por ejemplo, el juego del espejo, que es b\u00e1sicamente, copiar lo que hace la persona ( tu pareja) que tienes enfrente. Jugamos a mantener el equilibrio con una moneda en cada mano, sin que cayera, y a un\u00a0 juego de ense\u00f1ar lo que hab\u00eda en tu habitaci\u00f3n sin hablar. Yo, sinceramente, me lo pas\u00e9 muy bien, me re\u00ed mucho con mis compa\u00f1ero\/as\u00bb. Elna<br><\/p>\n\n\n\n<p class=\"wp-block-paragraph\">\u00abLa segunda sesi\u00f3n con luis fue muy divertida, me gust\u00f3 porque fue din\u00e1mica, con mucha actividad f\u00edsica y prac ticamos equilibrio con\u00a0 monedas y tambi\u00e9n hicimos tarantela\u00a0 napolitana\u00bb.\u00a0\u00a0Jean Carlo\u00a0\u00a0\u00a0\u00a0\u00a0\u00a0\u00a0\u00a0\u00a0\u00a0\u00a0\u00a0\u00a0\u00a0\u00a0\u00a0\u00a0\u00a0\u00a0\u00a0\u00a0\u00a0\u00a0\u00a0<\/p>\n\n\n\n<p class=\"wp-block-paragraph\">\u00a0\u00a0\u00a0\u00a0\u00a0\u00a0\u00a0\u00a0\u00a0\u00a0\u00a0\u00a0\u00a0\u00a0\u00a0\u00a0\u00a0\u00a0\u00a0\u00a0\u00a0\u00a0\u00a0\u00a0\u00a0\u00a0\u00a0\u00a0\u00a0\u00a0\u00a0\u00a0\u00a0\u00a0\u00a0\u00a0\u00a0\u00a0\u00a0\u00a0\u00a0\u00a0\u00a0\u00a0\u00a0\u00a0\u00a0\u00a0\u00a0\u00a0\u00a0\u00a0\u00a0\u00a0\u00a0\u00a0\u00a0\u00a0\u00a0\u00a0\u00a0\u00a0\u00a0\u00a0\u00a0\u00a0\u00a0\u00a0\u00a0\u00a0\u00a0\u00a0\u00a0\u00a0\u00a0\u00a0\u00a0\u00a0\u00a0\u00a0\u00a0\u00a0\u00a0\u00a0\u00a0\u00a0\u00a0\u00a0\u00a0\u00a0\u00a0\u00a0\u00a0\u00a0\u00a0\u00a0\u00a0\u00a0\u00a0\u00a0\u00a0\u00a0\u00a0\u00a0\u00a0\u00a0\u00a0\u00a0\u00a0\u00a0\u00a0\u00a0\u00a0\u00a0\u00a0\u00a0\u00a0\u00a0\u00a0\u00a0\u00a0\u00a0\u00a0\u00a0\u00a0\u00a0\u00a0\u00a0\u00a0\u00a0\u00a0\u00a0\u00a0\u00a0\u00a0\u00a0\u00a0\u00a0\u00a0\u00a0\u00a0\u00a0\u00a0\u00a0\u00a0\u00a0\u00a0\u00a0\u00a0\u00a0\u00a0\u00a0\u00a0\u00a0\u00a0\u00a0\u00a0\u00a0\u00a0\u00a0\u00a0\u00a0\u00a0\u00a0\u00a0\u00a0\u00a0\u00a0\u00a0\u00a0\u00a0\u00a0\u00a0<\/p>\n","protected":false},"excerpt":{"rendered":"<p>Durant la tercera sessi\u00f3 es va proposar una activitat de creaci\u00f3 fotogr\u00e0fica al voltant del tema de Palestina. Cada estudiant va elaborar una imatge individual i, posteriorment, es va realitzar una composici\u00f3 grupal. L\u2019objectiu era explorar qu\u00e8 sabien sobre el tema i com percebien el m\u00f3n a la seva edat. El grup es va mantenir &hellip; <\/p>\n<p class=\"link-more\"><a href=\"\/sants2026\/mes-doctubre-2a-part-treball-de-cos-en-grup-i-de-coordinacio\/\" class=\"more-link\">Continua llegint <span class=\"screen-reader-text\">\u00abMes d&#8217;octubre 2a part. Treball de cos, en grup i de coordinaci\u00f3\u00bb<\/span><\/a><\/p>\n","protected":false},"author":3,"featured_media":70,"comment_status":"closed","ping_status":"","sticky":false,"template":"","format":"standard","meta":{"footnotes":""},"categories":[1],"tags":[],"class_list":["post-62","post","type-post","status-publish","format-standard","has-post-thumbnail","hentry","category-general"],"_links":{"self":[{"href":"\/sants2026\/wp-json\/wp\/v2\/posts\/62","targetHints":{"allow":["GET"]}}],"collection":[{"href":"\/sants2026\/wp-json\/wp\/v2\/posts"}],"about":[{"href":"\/sants2026\/wp-json\/wp\/v2\/types\/post"}],"author":[{"embeddable":true,"href":"\/sants2026\/wp-json\/wp\/v2\/users\/3"}],"replies":[{"embeddable":true,"href":"\/sants2026\/wp-json\/wp\/v2\/comments?post=62"}],"version-history":[{"count":1,"href":"\/sants2026\/wp-json\/wp\/v2\/posts\/62\/revisions"}],"predecessor-version":[{"id":73,"href":"\/sants2026\/wp-json\/wp\/v2\/posts\/62\/revisions\/73"}],"wp:featuredmedia":[{"embeddable":true,"href":"\/sants2026\/wp-json\/wp\/v2\/media\/70"}],"wp:attachment":[{"href":"\/sants2026\/wp-json\/wp\/v2\/media?parent=62"}],"wp:term":[{"taxonomy":"category","embeddable":true,"href":"\/sants2026\/wp-json\/wp\/v2\/categories?post=62"},{"taxonomy":"post_tag","embeddable":true,"href":"\/sants2026\/wp-json\/wp\/v2\/tags?post=62"}],"curies":[{"name":"wp","href":"https:\/\/api.w.org\/{rel}","templated":true}]}}