{"id":74,"date":"2025-11-19T17:57:53","date_gmt":"2025-11-19T15:57:53","guid":{"rendered":"\/sants2026\/?p=74"},"modified":"2025-11-19T17:57:53","modified_gmt":"2025-11-19T15:57:53","slug":"novembre-cos-collectivitat-feminismes-entrem-a-debatre-i-moure","status":"publish","type":"post","link":"\/sants2026\/novembre-cos-collectivitat-feminismes-entrem-a-debatre-i-moure\/","title":{"rendered":"Novembre. Cos, col\u00b7lectivitat feminismes. Entrem a debatre i moure"},"content":{"rendered":"\n<p class=\"wp-block-paragraph\"><strong>La primera sessi\u00f3 <\/strong>de novembre es va articular en tres blocs de treball.<br>En el primer, els grups, a partir de gestos, van explorar la <strong>coordinaci\u00f3 de les veus<\/strong> i la <strong>escolta col\u00b7lectiva<\/strong> a trav\u00e9s d\u2019un experiment d\u2019\u201corquestra grupal\u201d, on dues o tres persones assumien el rol de suposades directores.<\/p>\n\n\n\n<p class=\"wp-block-paragraph\">En el segon moment, vam treballar la <strong>din\u00e0mica de la m\u00e0quina<\/strong>, un exercici en qu\u00e8 cada gest anava generant una cadena de moviments, inspirada en diverses tem\u00e0tiques i ritmes proposats pel grup.<\/p>\n\n\n\n<p class=\"wp-block-paragraph\">Finalment, amb <strong>trossos de tela i mocadors<\/strong>, es van crear <strong>accions corporals<\/strong> que donaven vida als objectes, cosa que ha permet interaccions espont\u00e0nies i les primeres formes d\u2019<strong>improvisaci\u00f3 col\u00b7lectiva<\/strong>.<\/p>\n\n\n\n<p class=\"wp-block-paragraph\">En aquests tres blocs hem observat com el grup continua <strong>configurant petites relacions<\/strong> i complicitats. A vegades costa <strong>mantenir l\u2019escolta i el seguiment<\/strong> de totes les accions, per\u00f2, al mateix temps, cada cop hi ha m\u00e9s persones que s\u2019atreveixen a <strong>improvisar, generar gestos propis i crear moviments i coreografies<\/strong> que ja comencen a donar fruits visibles.<\/p>\n\n\n\n<div class=\"wp-block-columns is-layout-flex wp-container-core-columns-is-layout-8f761849 wp-block-columns-is-layout-flex\">\n<div class=\"wp-block-column is-layout-flow wp-block-column-is-layout-flow\" style=\"flex-basis:100%\">\n<figure class=\"wp-block-gallery has-nested-images columns-default is-cropped wp-block-gallery-1 is-layout-flex wp-block-gallery-is-layout-flex\">\n<figure class=\"wp-block-image size-large\"><img loading=\"lazy\" decoding=\"async\" width=\"1024\" height=\"574\" data-id=\"88\" src=\"\/sants2026\/wp-content\/uploads\/2025\/11\/IMG_20251105_122914-EDIT-1024x574.jpg\" alt=\"\" class=\"wp-image-88\" srcset=\"\/sants2026\/wp-content\/uploads\/2025\/11\/IMG_20251105_122914-EDIT-1024x574.jpg 1024w, \/sants2026\/wp-content\/uploads\/2025\/11\/IMG_20251105_122914-EDIT-300x168.jpg 300w, \/sants2026\/wp-content\/uploads\/2025\/11\/IMG_20251105_122914-EDIT-768x431.jpg 768w, \/sants2026\/wp-content\/uploads\/2025\/11\/IMG_20251105_122914-EDIT-1536x861.jpg 1536w, \/sants2026\/wp-content\/uploads\/2025\/11\/IMG_20251105_122914-EDIT-2048x1148.jpg 2048w\" sizes=\"auto, (max-width: 767px) 89vw, (max-width: 1000px) 54vw, (max-width: 1071px) 543px, 580px\" \/><\/figure>\n<\/figure>\n<\/div>\n<\/div>\n\n\n\n<figure class=\"wp-block-gallery has-nested-images columns-default is-cropped wp-block-gallery-2 is-layout-flex wp-block-gallery-is-layout-flex\">\n<figure class=\"wp-block-image size-large\"><img loading=\"lazy\" decoding=\"async\" width=\"1024\" height=\"574\" data-id=\"89\" src=\"\/sants2026\/wp-content\/uploads\/2025\/11\/IMG_20251105_132636-EDIT-1024x574.jpg\" alt=\"\" class=\"wp-image-89\" srcset=\"\/sants2026\/wp-content\/uploads\/2025\/11\/IMG_20251105_132636-EDIT-1024x574.jpg 1024w, \/sants2026\/wp-content\/uploads\/2025\/11\/IMG_20251105_132636-EDIT-300x168.jpg 300w, \/sants2026\/wp-content\/uploads\/2025\/11\/IMG_20251105_132636-EDIT-768x430.jpg 768w, \/sants2026\/wp-content\/uploads\/2025\/11\/IMG_20251105_132636-EDIT-1536x861.jpg 1536w, \/sants2026\/wp-content\/uploads\/2025\/11\/IMG_20251105_132636-EDIT-2048x1148.jpg 2048w\" sizes=\"auto, (max-width: 767px) 89vw, (max-width: 1000px) 54vw, (max-width: 1071px) 543px, 580px\" \/><\/figure>\n<\/figure>\n\n\n\n<h3 class=\"wp-block-heading\"><strong>Sessi\u00f3 segona novembre: Explorant els imaginaris del feminisme i el masclisme a trav\u00e9s del cos i la imatge<\/strong><\/h3>\n\n\n\n<p class=\"wp-block-paragraph\">Avui hem viscut una experi\u00e8ncia molt interessant a classe. Hem comen\u00e7at el dia amb una sessi\u00f3 d\u2019estiraments, movent-nos amb m\u00fasica i caminant per l\u2019espai per activar els nostres cossos. Despr\u00e9s, la proposta era tornar a les imatges i a les fotografies a partir de diverses tem\u00e0tiques.<\/p>\n\n\n\n<p class=\"wp-block-paragraph\">Hem preparat una llista de paraules per treballar: <strong>inf\u00e0ncia, joventut, pubertat, edat adulta, obert, tancat, Espanya, Palestina&#8230;<\/strong> i, m\u00e9s endavant, hem entrat en q\u00fcestions de <strong>g\u00e8nere<\/strong>: home, dona, masclisme, femen\u00ed, mascul\u00ed, feminisme.<\/p>\n\n\n\n<p class=\"wp-block-paragraph\">El m\u00e9s interessant ha estat observar quins <strong>imaginaris o percepcions<\/strong> tenim cadascun i cadascuna de nosaltres sobre aquests conceptes. Primer hem creat imatges individuals i despr\u00e9s en grups, on cada grup havia de representar un tema concret: <strong>el femen\u00ed, el mascul\u00ed, el feminisme i el masclisme<\/strong>.Un cop fetes, les hem comentat totes plegades: qu\u00e8 volien expressar? Reflectien realment el que \u00e9s el feminisme o el masclisme? Finalment, hem creat una <strong>imatge col\u00b7lectiva<\/strong> que unia aquests dos grans temes.<\/p>\n\n\n\n<p class=\"wp-block-paragraph\">El resultat ha estat sorprenent. Quan represent\u00e0vem el <strong>masclisme<\/strong>, molts homes es mostraven c\u00f2modes adoptant actituds de poder, mentre que moltes dones apareixien en posicions de submissi\u00f3. En canvi, en el moment de representar el <strong>feminisme<\/strong>, hi havia m\u00e9s dificultat: alguns homes es posaven a terra com si les dones els anessin a colpejar, o les mateixes dones adoptaven actituds m\u00e9s agressives. A partir d\u2019aix\u00f2, hem pogut parlar de com <strong>interpretem amb el cos una paraula o un sentiment<\/strong>, i de com sovint projectem en l\u2019altre all\u00f2 que ens costa veure en nosaltres mateixos i mateixes.<\/p>\n\n\n\n<p class=\"wp-block-paragraph\">Despr\u00e9s de l\u2019exercici, hem conversat amb les professores. Hem coincidit que \u00e9s fonamental que totes i tots <strong>reflexionem i investiguem<\/strong> qu\u00e8 volen dir realment aquests conceptes. Moltes persones, per exemple, encara associen el feminisme amb l\u2019\u201cextremisme\u201d o amb el terme \u201cfeminazi\u201d.<\/p>\n\n\n\n<p class=\"wp-block-paragraph\">Aquesta sessi\u00f3 ha estat, sens dubte, <strong>molt productiva<\/strong>. Hem generat materials i reflexions valuoses per continuar explorant els <strong>imaginaris corporals i socials<\/strong> que tenim sobre el feminisme i el masclisme, i per entendre com aquests es manifesten, sovint de manera inconscient, en els nostres gestos, postures i emocions.<\/p>\n\n\n\n<figure class=\"wp-block-gallery has-nested-images columns-default is-cropped wp-block-gallery-3 is-layout-flex wp-block-gallery-is-layout-flex\">\n<figure class=\"wp-block-image size-large\"><img loading=\"lazy\" decoding=\"async\" width=\"1024\" height=\"768\" data-id=\"82\" src=\"\/sants2026\/wp-content\/uploads\/2025\/11\/WhatsApp-Image-2025-11-12-at-18.27.38-1-1024x768.jpeg\" alt=\"\" class=\"wp-image-82\" srcset=\"\/sants2026\/wp-content\/uploads\/2025\/11\/WhatsApp-Image-2025-11-12-at-18.27.38-1-1024x768.jpeg 1024w, \/sants2026\/wp-content\/uploads\/2025\/11\/WhatsApp-Image-2025-11-12-at-18.27.38-1-300x225.jpeg 300w, \/sants2026\/wp-content\/uploads\/2025\/11\/WhatsApp-Image-2025-11-12-at-18.27.38-1-768x576.jpeg 768w, \/sants2026\/wp-content\/uploads\/2025\/11\/WhatsApp-Image-2025-11-12-at-18.27.38-1-1536x1152.jpeg 1536w, \/sants2026\/wp-content\/uploads\/2025\/11\/WhatsApp-Image-2025-11-12-at-18.27.38-1.jpeg 2048w\" sizes=\"auto, (max-width: 767px) 89vw, (max-width: 1000px) 54vw, (max-width: 1071px) 543px, 580px\" \/><\/figure>\n\n\n\n<figure class=\"wp-block-image size-large\"><img loading=\"lazy\" decoding=\"async\" width=\"1024\" height=\"768\" data-id=\"84\" src=\"\/sants2026\/wp-content\/uploads\/2025\/11\/WhatsApp-Image-2025-11-12-at-18.27.37-3-1024x768.jpeg\" alt=\"\" class=\"wp-image-84\" srcset=\"\/sants2026\/wp-content\/uploads\/2025\/11\/WhatsApp-Image-2025-11-12-at-18.27.37-3-1024x768.jpeg 1024w, \/sants2026\/wp-content\/uploads\/2025\/11\/WhatsApp-Image-2025-11-12-at-18.27.37-3-300x225.jpeg 300w, \/sants2026\/wp-content\/uploads\/2025\/11\/WhatsApp-Image-2025-11-12-at-18.27.37-3-768x576.jpeg 768w, \/sants2026\/wp-content\/uploads\/2025\/11\/WhatsApp-Image-2025-11-12-at-18.27.37-3-1536x1152.jpeg 1536w, \/sants2026\/wp-content\/uploads\/2025\/11\/WhatsApp-Image-2025-11-12-at-18.27.37-3.jpeg 2048w\" sizes=\"auto, (max-width: 767px) 89vw, (max-width: 1000px) 54vw, (max-width: 1071px) 543px, 580px\" \/><\/figure>\n\n\n\n<figure class=\"wp-block-image size-large\"><img loading=\"lazy\" decoding=\"async\" width=\"1024\" height=\"768\" data-id=\"83\" src=\"\/sants2026\/wp-content\/uploads\/2025\/11\/WhatsApp-Image-2025-11-12-at-18.27.37-2-1024x768.jpeg\" alt=\"\" class=\"wp-image-83\" srcset=\"\/sants2026\/wp-content\/uploads\/2025\/11\/WhatsApp-Image-2025-11-12-at-18.27.37-2-1024x768.jpeg 1024w, \/sants2026\/wp-content\/uploads\/2025\/11\/WhatsApp-Image-2025-11-12-at-18.27.37-2-300x225.jpeg 300w, \/sants2026\/wp-content\/uploads\/2025\/11\/WhatsApp-Image-2025-11-12-at-18.27.37-2-768x576.jpeg 768w, \/sants2026\/wp-content\/uploads\/2025\/11\/WhatsApp-Image-2025-11-12-at-18.27.37-2-1536x1152.jpeg 1536w, \/sants2026\/wp-content\/uploads\/2025\/11\/WhatsApp-Image-2025-11-12-at-18.27.37-2.jpeg 2048w\" sizes=\"auto, (max-width: 767px) 89vw, (max-width: 1000px) 54vw, (max-width: 1071px) 543px, 580px\" \/><\/figure>\n\n\n\n<figure class=\"wp-block-image size-large\"><img loading=\"lazy\" decoding=\"async\" width=\"1024\" height=\"768\" data-id=\"85\" src=\"\/sants2026\/wp-content\/uploads\/2025\/11\/WhatsApp-Image-2025-11-12-at-18.27.36-1-1024x768.jpeg\" alt=\"\" class=\"wp-image-85\" srcset=\"\/sants2026\/wp-content\/uploads\/2025\/11\/WhatsApp-Image-2025-11-12-at-18.27.36-1-1024x768.jpeg 1024w, \/sants2026\/wp-content\/uploads\/2025\/11\/WhatsApp-Image-2025-11-12-at-18.27.36-1-300x225.jpeg 300w, \/sants2026\/wp-content\/uploads\/2025\/11\/WhatsApp-Image-2025-11-12-at-18.27.36-1-768x576.jpeg 768w, \/sants2026\/wp-content\/uploads\/2025\/11\/WhatsApp-Image-2025-11-12-at-18.27.36-1-1536x1152.jpeg 1536w, \/sants2026\/wp-content\/uploads\/2025\/11\/WhatsApp-Image-2025-11-12-at-18.27.36-1.jpeg 2048w\" sizes=\"auto, (max-width: 767px) 89vw, (max-width: 1000px) 54vw, (max-width: 1071px) 543px, 580px\" \/><\/figure>\n<\/figure>\n","protected":false},"excerpt":{"rendered":"<p>La primera sessi\u00f3 de novembre es va articular en tres blocs de treball.En el primer, els grups, a partir de gestos, van explorar la coordinaci\u00f3 de les veus i la escolta col\u00b7lectiva a trav\u00e9s d\u2019un experiment d\u2019\u201corquestra grupal\u201d, on dues o tres persones assumien el rol de suposades directores. En el segon moment, vam treballar &hellip; <\/p>\n<p class=\"link-more\"><a href=\"\/sants2026\/novembre-cos-collectivitat-feminismes-entrem-a-debatre-i-moure\/\" class=\"more-link\">Continua llegint <span class=\"screen-reader-text\">\u00abNovembre. Cos, col\u00b7lectivitat feminismes. Entrem a debatre i moure\u00bb<\/span><\/a><\/p>\n","protected":false},"author":3,"featured_media":0,"comment_status":"closed","ping_status":"","sticky":false,"template":"","format":"standard","meta":{"footnotes":""},"categories":[1],"tags":[],"class_list":["post-74","post","type-post","status-publish","format-standard","hentry","category-general"],"_links":{"self":[{"href":"\/sants2026\/wp-json\/wp\/v2\/posts\/74","targetHints":{"allow":["GET"]}}],"collection":[{"href":"\/sants2026\/wp-json\/wp\/v2\/posts"}],"about":[{"href":"\/sants2026\/wp-json\/wp\/v2\/types\/post"}],"author":[{"embeddable":true,"href":"\/sants2026\/wp-json\/wp\/v2\/users\/3"}],"replies":[{"embeddable":true,"href":"\/sants2026\/wp-json\/wp\/v2\/comments?post=74"}],"version-history":[{"count":1,"href":"\/sants2026\/wp-json\/wp\/v2\/posts\/74\/revisions"}],"predecessor-version":[{"id":90,"href":"\/sants2026\/wp-json\/wp\/v2\/posts\/74\/revisions\/90"}],"wp:attachment":[{"href":"\/sants2026\/wp-json\/wp\/v2\/media?parent=74"}],"wp:term":[{"taxonomy":"category","embeddable":true,"href":"\/sants2026\/wp-json\/wp\/v2\/categories?post=74"},{"taxonomy":"post_tag","embeddable":true,"href":"\/sants2026\/wp-json\/wp\/v2\/tags?post=74"}],"curies":[{"name":"wp","href":"https:\/\/api.w.org\/{rel}","templated":true}]}}