{"id":96,"date":"2025-12-04T15:56:15","date_gmt":"2025-12-04T13:56:15","guid":{"rendered":"\/sants2026\/?p=96"},"modified":"2025-12-04T16:01:46","modified_gmt":"2025-12-04T14:01:46","slug":"novembre-noticies-coreografies-reflexions-i-treball-en-grup","status":"publish","type":"post","link":"\/sants2026\/novembre-noticies-coreografies-reflexions-i-treball-en-grup\/","title":{"rendered":"Novembre : not\u00edcies, coreografies, reflexions i treball en grup"},"content":{"rendered":"\n<p class=\"wp-block-paragraph\"><strong>Una Experi\u00e8ncia Educativa Viva: Diaris, L\u00ednies i Reflexions<\/strong><\/p>\n\n\n\n<p class=\"wp-block-paragraph\">La sessi\u00f3 d&#8217;avui amb els diaris va ser extraordin\u00e0ria. Per a molts dels participants, era la primera vegada que sostenien un diari f\u00edsic; alguns ni tan sols sabien com obrir-lo. Al principi, va haver-hi comentaris com: \u00abAi, aquest est\u00e0 trencat\u00bb. Va ser un comen\u00e7ament tan genu\u00ed que va saber a descobriment. Abans d&#8217;iniciar la classe pr\u00f2piament dita, vaig organitzar l&#8217;espai col\u00b7locant cada persona en un lloc separat, repartits per tota la sala. A cadasc\u00fa se li va lliurar un full en blanc amb un objectiu clar: que responguessin individualment, sense \u00abcontaminar-se\u00bb \u2014per dir-ho aix\u00ed\u2014 pels pensaments dels altres.<\/p>\n\n\n\n<p class=\"wp-block-paragraph\">Les preguntes que vaig plantejar van ser profundes i personals:<\/p>\n\n\n\n<p class=\"wp-block-paragraph\">* &nbsp; Qu\u00e8 m&#8217;agradaria ser de gran?<\/p>\n\n\n\n<p class=\"wp-block-paragraph\">* &nbsp; Qu\u00e8 penso dels adults?<\/p>\n\n\n\n<p class=\"wp-block-paragraph\">* &nbsp; Qu\u00e8 penso de mi?<\/p>\n\n\n\n<p class=\"wp-block-paragraph\">* &nbsp; Qu\u00e8 penso de les dones? Tinc alguna refer\u00e8ncia femenina?<\/p>\n\n\n\n<p class=\"wp-block-paragraph\">* &nbsp; Qu\u00e8 penso dels homes? Tinc alguna refer\u00e8ncia masculina?<\/p>\n\n\n\n<p class=\"wp-block-paragraph\">* &nbsp; Qu\u00e8 penso sobre la humanitat?<\/p>\n\n\n\n<p class=\"wp-block-paragraph\">* &nbsp; Qu\u00e8 penso de la meva generaci\u00f3?<\/p>\n\n\n\n<p class=\"wp-block-paragraph\">* &nbsp; Qu\u00e8 sento que em falta veure? (Referint-me a all\u00f2 que els pares o avis no els permeten veure).<\/p>\n\n\n\n<p class=\"wp-block-paragraph\">Despr\u00e9s d&#8217;aquesta reflexi\u00f3 individual, es va recollir tots els fulls. Aquest material \u00e9s fascinant i dona per a molta an\u00e0lisi; s\u00f3n els pensaments crus d&#8217;ells sobre el m\u00f3n.<\/p>\n\n\n\n<p class=\"wp-block-paragraph\"><strong>La Transformaci\u00f3 de l&#8217;Espai amb L\u00ednies i Not\u00edcies<\/strong><\/p>\n\n\n\n<p class=\"wp-block-paragraph\">La seg\u00fcent fase va ser din\u00e0mica i transformadora. Un a un, van anar entrant a l&#8217;espai. La seva primera missi\u00f3 va ser crear una l\u00ednia a terra amb cinta de paper, modificant f\u00edsicament el lloc. Despr\u00e9s, jo els lliurava un diari. La seva tasca era triar una not\u00edcia, estudiar-la i apropiar-se&#8217;n. Va ser fascinant observar com, a mesura que cada persona entrava, l&#8217;espai es transformava amb les l\u00ednies que generaven, creant una nova geografia plena de l\u00edmits i camins.<\/p>\n\n\n\n<p class=\"wp-block-paragraph\"><strong>L&#8217;Eco de les Not\u00edcies del M\u00f3n<\/strong><\/p>\n\n\n\n<p class=\"wp-block-paragraph\">Cadasc\u00fa va llegir en veu alta el t\u00edtol de la seva not\u00edcia. La selecci\u00f3 va ser molt reveladora de la seva mirada:<\/p>\n\n\n\n<ul class=\"wp-block-list\">\n<li>Alguns van triar anuncis publicitaris pensant que eren not\u00edcies, com la d&#8217;un influencer* fam\u00f3s a Instagram o el Black Friday d&#8217;Amazon.<\/li>\n\n\n\n<li>\u00a0Altres not\u00edcies van ser m\u00e9s convencionals, per\u00f2 les seves interpretacions van ser el m\u00e9s valu\u00f3s. Es va parlar de Pedro S\u00e1nchez i el seu enviament de diners a Ucra\u00efna: alguns es preguntaven \u00abper qu\u00e8 els dona tant?\u00bb, mentre que altres reflexionaven \u00abqu\u00e8 t\u00e9 de dolent si en tenim molt i els donem a qui no en t\u00e9?\u00bb.<\/li>\n\n\n\n<li>Tamb\u00e9 van sorgir temes com Trump i les seves relacions amb Vene\u00e7uela, Col\u00f2mbia i M\u00e8xic, generant opinions sobre aquests personatges.<\/li>\n\n\n\n<li>Altres not\u00edcies tractaven sobre economia (Repsol), un homicidi, anime, un espai a Anglaterra i fins i tot hist\u00f2ries locals de Val\u00e8ncia.<\/li>\n<\/ul>\n\n\n\n<p class=\"wp-block-paragraph\"><strong>Donar Vida a les Not\u00edcies: Cos i Moviment<\/strong><\/p>\n\n\n\n<p class=\"wp-block-paragraph\">La continu\u00eftat de l&#8217;activitat va consistir a caminar per aquell espai intervingut, explorant els l\u00edmits de les l\u00ednies que ells mateixos havien creat, i fent servir diferents velocitats. Mentre caminaven, tots sostenien la seva not\u00edcia. Nom\u00e9s hi va haver temps a treballar amb dues not\u00edcies en profunditat. La idea era passar pels t\u00edtols i generar imatges corporals. V\u00e0rem caminar, van crear una diagonal a l&#8217;espai (una t\u00e8cnica que hem treballat amb *viewpoints*), i sobre aquesta l\u00ednia es va llegir la not\u00edcia dels diners enviats a Ucra\u00efna. A partir d&#8217;aqu\u00ed, van crear un c\u00e0non sobre com es transfereixen els diners. Per a cada not\u00edcia, no nom\u00e9s llegien el t\u00edtol, sin\u00f3 que constru\u00efen un gest representatiu. Aix\u00ed, vam acabar muntant petites escenetes. Inspirada per la sessi\u00f3, i anticipant-me a la falta de temps, fins i tot vaig comen\u00e7ar a muntar un petit fragment coreogr\u00e0fic basat en els seus pensaments.<\/p>\n\n\n\n<p class=\"wp-block-paragraph\"><strong>Reflexions Finals i Passos seg\u00fcents<\/strong><\/p>\n\n\n\n<p class=\"wp-block-paragraph\">Enregistro en \u00e0udio tot el que van dient constantment, perqu\u00e8 crec que aqu\u00ed s\u00f3n els nostres temes centrals: Com ens afecten aquestes not\u00edcies? Qu\u00e8 en pensem? S\u00f3n veritat? No ho s\u00f3n? I, sobretot, \u00e9s una finestra a com veuen ells el m\u00f3n i als adults. Les respostes inicials dels nois i noies s\u00f3n incre\u00efbles. N&#8217;hi ha que volen ser ballarina, policia, militar, advocat (per\u00f2 \u00absense estudiar\u00bb), o veterinari. Un d&#8217;ells, Kevin, va dir alguna cosa poderosa: \u00abJo no vull posar cap referent ni d&#8217;home ni de dona i, en tot cas, crec que si em pos\u00e9s algun referent d&#8217;home em posaria a mi mateix\u00bb. Tenim un cam\u00ed molt interessant al davant. El bo \u00e9s anar muntant des d&#8217;ara, fent servir el material que anem generant, i avan\u00e7ar una mica m\u00e9s cada dia.<\/p>\n\n\n\n<p class=\"wp-block-paragraph\"><\/p>\n\n\n\n<figure class=\"wp-block-gallery has-nested-images columns-default is-cropped wp-block-gallery-1 is-layout-flex wp-block-gallery-is-layout-flex\">\n<figure class=\"wp-block-image size-large\"><img loading=\"lazy\" decoding=\"async\" width=\"1024\" height=\"482\" data-id=\"99\" src=\"\/sants2026\/wp-content\/uploads\/2025\/12\/Captura-de-pantalla-2025-11-19-a-les-16.51.53-1024x482.png\" alt=\"\" class=\"wp-image-99\" srcset=\"\/sants2026\/wp-content\/uploads\/2025\/12\/Captura-de-pantalla-2025-11-19-a-les-16.51.53-1024x482.png 1024w, \/sants2026\/wp-content\/uploads\/2025\/12\/Captura-de-pantalla-2025-11-19-a-les-16.51.53-300x141.png 300w, \/sants2026\/wp-content\/uploads\/2025\/12\/Captura-de-pantalla-2025-11-19-a-les-16.51.53-768x361.png 768w, \/sants2026\/wp-content\/uploads\/2025\/12\/Captura-de-pantalla-2025-11-19-a-les-16.51.53-1536x723.png 1536w, \/sants2026\/wp-content\/uploads\/2025\/12\/Captura-de-pantalla-2025-11-19-a-les-16.51.53-2048x964.png 2048w\" sizes=\"auto, (max-width: 767px) 89vw, (max-width: 1000px) 54vw, (max-width: 1071px) 543px, 580px\" \/><\/figure>\n\n\n\n<figure class=\"wp-block-image size-large\"><img loading=\"lazy\" decoding=\"async\" width=\"1024\" height=\"768\" data-id=\"97\" src=\"\/sants2026\/wp-content\/uploads\/2025\/12\/WhatsApp-Image-2025-11-19-at-18.36.211-1024x768.jpeg\" alt=\"\" class=\"wp-image-97\" srcset=\"\/sants2026\/wp-content\/uploads\/2025\/12\/WhatsApp-Image-2025-11-19-at-18.36.211-1024x768.jpeg 1024w, \/sants2026\/wp-content\/uploads\/2025\/12\/WhatsApp-Image-2025-11-19-at-18.36.211-300x225.jpeg 300w, \/sants2026\/wp-content\/uploads\/2025\/12\/WhatsApp-Image-2025-11-19-at-18.36.211-768x576.jpeg 768w, \/sants2026\/wp-content\/uploads\/2025\/12\/WhatsApp-Image-2025-11-19-at-18.36.211-1536x1152.jpeg 1536w, \/sants2026\/wp-content\/uploads\/2025\/12\/WhatsApp-Image-2025-11-19-at-18.36.211.jpeg 2048w\" sizes=\"auto, (max-width: 767px) 89vw, (max-width: 1000px) 54vw, (max-width: 1071px) 543px, 580px\" \/><\/figure>\n\n\n\n<figure class=\"wp-block-image size-large\"><img loading=\"lazy\" decoding=\"async\" width=\"1024\" height=\"671\" data-id=\"101\" src=\"\/sants2026\/wp-content\/uploads\/2025\/12\/Captura-de-pantalla-2025-12-04-a-les-15.00.51-1024x671.png\" alt=\"\" class=\"wp-image-101\" srcset=\"\/sants2026\/wp-content\/uploads\/2025\/12\/Captura-de-pantalla-2025-12-04-a-les-15.00.51-1024x671.png 1024w, \/sants2026\/wp-content\/uploads\/2025\/12\/Captura-de-pantalla-2025-12-04-a-les-15.00.51-300x197.png 300w, \/sants2026\/wp-content\/uploads\/2025\/12\/Captura-de-pantalla-2025-12-04-a-les-15.00.51-768x503.png 768w, \/sants2026\/wp-content\/uploads\/2025\/12\/Captura-de-pantalla-2025-12-04-a-les-15.00.51-1536x1007.png 1536w, \/sants2026\/wp-content\/uploads\/2025\/12\/Captura-de-pantalla-2025-12-04-a-les-15.00.51-2048x1343.png 2048w\" sizes=\"auto, (max-width: 767px) 89vw, (max-width: 1000px) 54vw, (max-width: 1071px) 543px, 580px\" \/><\/figure>\n<\/figure>\n\n\n\n<p class=\"wp-block-paragraph\"><\/p>\n\n\n\n<p class=\"wp-block-paragraph\"><p dir=\"ltr\" style=\"line-height:1.38;margin-top:12pt;margin-bottom:12pt;\"><span style=\"font-size:11pt;font-family:Arial,sans-serif;color:#000000;background-color:transparent;font-weight:700;font-style:normal;font-variant:normal;text-decoration:none;vertical-align:baseline;white-space:pre;white-space:pre-wrap;\"><span style=\"width:100px;display:inline-block;position:relative;\"><\/span><\/span><\/p><\/p>\n","protected":false},"excerpt":{"rendered":"<p>Una Experi\u00e8ncia Educativa Viva: Diaris, L\u00ednies i Reflexions La sessi\u00f3 d&#8217;avui amb els diaris va ser extraordin\u00e0ria. Per a molts dels participants, era la primera vegada que sostenien un diari f\u00edsic; alguns ni tan sols sabien com obrir-lo. Al principi, va haver-hi comentaris com: \u00abAi, aquest est\u00e0 trencat\u00bb. Va ser un comen\u00e7ament tan genu\u00ed que &hellip; <\/p>\n<p class=\"link-more\"><a href=\"\/sants2026\/novembre-noticies-coreografies-reflexions-i-treball-en-grup\/\" class=\"more-link\">Continua llegint <span class=\"screen-reader-text\">\u00abNovembre : not\u00edcies, coreografies, reflexions i treball en grup\u00bb<\/span><\/a><\/p>\n","protected":false},"author":3,"featured_media":0,"comment_status":"closed","ping_status":"","sticky":false,"template":"","format":"standard","meta":{"footnotes":""},"categories":[1],"tags":[],"class_list":["post-96","post","type-post","status-publish","format-standard","hentry","category-general"],"_links":{"self":[{"href":"\/sants2026\/wp-json\/wp\/v2\/posts\/96","targetHints":{"allow":["GET"]}}],"collection":[{"href":"\/sants2026\/wp-json\/wp\/v2\/posts"}],"about":[{"href":"\/sants2026\/wp-json\/wp\/v2\/types\/post"}],"author":[{"embeddable":true,"href":"\/sants2026\/wp-json\/wp\/v2\/users\/3"}],"replies":[{"embeddable":true,"href":"\/sants2026\/wp-json\/wp\/v2\/comments?post=96"}],"version-history":[{"count":3,"href":"\/sants2026\/wp-json\/wp\/v2\/posts\/96\/revisions"}],"predecessor-version":[{"id":103,"href":"\/sants2026\/wp-json\/wp\/v2\/posts\/96\/revisions\/103"}],"wp:attachment":[{"href":"\/sants2026\/wp-json\/wp\/v2\/media?parent=96"}],"wp:term":[{"taxonomy":"category","embeddable":true,"href":"\/sants2026\/wp-json\/wp\/v2\/categories?post=96"},{"taxonomy":"post_tag","embeddable":true,"href":"\/sants2026\/wp-json\/wp\/v2\/tags?post=96"}],"curies":[{"name":"wp","href":"https:\/\/api.w.org\/{rel}","templated":true}]}}