{"id":378,"date":"2024-11-19T20:01:44","date_gmt":"2024-11-19T18:01:44","guid":{"rendered":"\/sedeta2025\/?p=378"},"modified":"2024-11-19T20:01:44","modified_gmt":"2024-11-19T18:01:44","slug":"ens-presentem","status":"publish","type":"post","link":"\/sedeta2025\/ens-presentem\/","title":{"rendered":"ENS PRESENTEM!"},"content":{"rendered":"\n<figure class=\"wp-block-image size-large\"><img loading=\"lazy\" decoding=\"async\" width=\"1024\" height=\"711\" src=\"\/sedeta2025\/wp-content\/uploads\/2024\/11\/foto_grup_bona.JPEG-1024x711.png\" alt=\"\" class=\"wp-image-379\" srcset=\"\/sedeta2025\/wp-content\/uploads\/2024\/11\/foto_grup_bona.JPEG-1024x711.png 1024w, \/sedeta2025\/wp-content\/uploads\/2024\/11\/foto_grup_bona.JPEG-300x208.png 300w, \/sedeta2025\/wp-content\/uploads\/2024\/11\/foto_grup_bona.JPEG-768x534.png 768w, \/sedeta2025\/wp-content\/uploads\/2024\/11\/foto_grup_bona.JPEG.png 1536w\" sizes=\"auto, (max-width: 767px) 89vw, (max-width: 1000px) 54vw, (max-width: 1071px) 543px, 580px\" \/><\/figure>\n\n\n\n<p class=\"has-text-align-left wp-block-paragraph\">Hola, som alumnes de 4t d\u2019ESO de l\u2019institut La Sedeta i participem en el programa EN RESID\u00c8NCIA. L\u2019artista que ens ha sigut asignada \u00e9s l\u2019Ivonne Villamil, una artista que destaca per l\u2019art sonor. Estem molt emocionades de comen\u00e7ar aquest projecte per poder endinsar-nos i con\u00e8ixer una mica m\u00e9s el m\u00f3n de l\u2019art contemporani. El primer que vam fer va ser reflexionar sobre qu\u00e8 creiem que es el concepte de creaci\u00f3 i paraules que relacion\u00e0vem, van sortir paraules com: forma, m\u00fasica, naturalesa, novetat, cinema, imaginaci\u00f3, reflexi\u00f3, art, naixement, emoci\u00f3, colors, originalitat, surrealisme, cinema, sentiment, realisme, dedicaci\u00f3 o inventar. Segur que a finals de curs en podem dir m\u00e9s! Comencem! \ud83d\ude42\u00a0<br><\/p>\n\n\n\n<p class=\"wp-block-paragraph\"><\/p>\n","protected":false},"excerpt":{"rendered":"<p>Hola, som alumnes de 4t d\u2019ESO de l\u2019institut La Sedeta i participem en el programa EN RESID\u00c8NCIA. L\u2019artista que ens ha sigut asignada \u00e9s l\u2019Ivonne Villamil, una artista que destaca per l\u2019art sonor. Estem molt emocionades de comen\u00e7ar aquest projecte per poder endinsar-nos i con\u00e8ixer una mica m\u00e9s el m\u00f3n de l\u2019art contemporani. El primer &hellip; <\/p>\n<p class=\"link-more\"><a href=\"\/sedeta2025\/ens-presentem\/\" class=\"more-link\">Continua llegint <span class=\"screen-reader-text\">\u00abENS PRESENTEM!\u00bb<\/span><\/a><\/p>\n","protected":false},"author":15,"featured_media":0,"comment_status":"open","ping_status":"open","sticky":false,"template":"","format":"standard","meta":{"footnotes":""},"categories":[1],"tags":[],"class_list":["post-378","post","type-post","status-publish","format-standard","hentry","category-general"],"_links":{"self":[{"href":"\/sedeta2025\/wp-json\/wp\/v2\/posts\/378","targetHints":{"allow":["GET"]}}],"collection":[{"href":"\/sedeta2025\/wp-json\/wp\/v2\/posts"}],"about":[{"href":"\/sedeta2025\/wp-json\/wp\/v2\/types\/post"}],"author":[{"embeddable":true,"href":"\/sedeta2025\/wp-json\/wp\/v2\/users\/15"}],"replies":[{"embeddable":true,"href":"\/sedeta2025\/wp-json\/wp\/v2\/comments?post=378"}],"version-history":[{"count":1,"href":"\/sedeta2025\/wp-json\/wp\/v2\/posts\/378\/revisions"}],"predecessor-version":[{"id":380,"href":"\/sedeta2025\/wp-json\/wp\/v2\/posts\/378\/revisions\/380"}],"wp:attachment":[{"href":"\/sedeta2025\/wp-json\/wp\/v2\/media?parent=378"}],"wp:term":[{"taxonomy":"category","embeddable":true,"href":"\/sedeta2025\/wp-json\/wp\/v2\/categories?post=378"},{"taxonomy":"post_tag","embeddable":true,"href":"\/sedeta2025\/wp-json\/wp\/v2\/tags?post=378"}],"curies":[{"name":"wp","href":"https:\/\/api.w.org\/{rel}","templated":true}]}}