{"id":381,"date":"2024-11-26T21:23:09","date_gmt":"2024-11-26T19:23:09","guid":{"rendered":"\/sedeta2025\/?p=381"},"modified":"2024-11-26T21:23:09","modified_gmt":"2024-11-26T19:23:09","slug":"el-dia-que-vem-coneixer-a-livonne","status":"publish","type":"post","link":"\/sedeta2025\/el-dia-que-vem-coneixer-a-livonne\/","title":{"rendered":"EL DIA QUE VEM CON\u00c8IXER A L&#8217;IVONNE"},"content":{"rendered":"\n<figure class=\"wp-block-video\"><video height=\"720\" style=\"aspect-ratio: 1280 \/ 720;\" width=\"1280\" controls src=\"\/sedeta2025\/wp-content\/uploads\/2024\/11\/IMG_3119.mov\"><\/video><\/figure>\n\n\n\n<p class=\"wp-block-paragraph\">Abans de con\u00e8ixer a l\u2019Ivonne vam fer una postal sonora per donar-li la benvinguda i per presentar-nos amb sons que tingui a veure amb nosaltres. Pr\u00e8viament de fer-la, ens vam fer unes preguntes cadascun de nosaltres i tenir una idea dels sons que vol\u00edem utilitzar . Vem reflexionar al voltant dels paisatges sonors i vam respondre preguntes en la nostra llibreta com:<\/p>\n\n\n\n<p class=\"wp-block-paragraph\">Quin so no t&#8217;agrada?&nbsp;<\/p>\n\n\n\n<p class=\"wp-block-paragraph\">Quin so \u00e9s el que sents quan et despertes?<\/p>\n\n\n\n<p class=\"wp-block-paragraph\">Quin \u00e9s el teu so preferit?<\/p>\n\n\n\n<p class=\"wp-block-paragraph\">Amb quin so m\u2019identifico?<\/p>\n\n\n\n<p class=\"wp-block-paragraph\">Arribat el primer dia que ella venia, vam preparar com una performance on tots ens vam posar com si dorm\u00edssim sobre la taula i en silenci, i la vam fer entrar a l&#8217;aula, quan sonava la nostra postal sonora de presentaci\u00f3, aixec\u00e0vem el cap i aix\u00ed la Ivonne ens anava coneixent. Despr\u00e9s, ella ens va ensenyar la seva.\u00a0<\/p>\n\n\n\n<p class=\"wp-block-paragraph\">Tot seguit vam estar reflexionant sobre uns v\u00eddeos que ella ens va posar, per\u00f2 nom\u00e9s vam escoltar l\u2019audio per veure com ho visualitzaven cadascun desde el nostre punt de vista i els vam comentar de diferents maneres. Vam dir els seus adjectius principals, que sentiem i fins i tot, com pensavem que estaven fets.&nbsp;<\/p>\n\n\n\n<p class=\"wp-block-paragraph\">Vam posar adjectius als sons, i ara ja sabem que poden ser secs, met\u00e0l\u00b7lics, durs, tous, tranquils, rabiosos, uniformes o constants, entra d\u2019altres!<\/p>\n","protected":false},"excerpt":{"rendered":"<p>Abans de con\u00e8ixer a l\u2019Ivonne vam fer una postal sonora per donar-li la benvinguda i per presentar-nos amb sons que tingui a veure amb nosaltres. Pr\u00e8viament de fer-la, ens vam fer unes preguntes cadascun de nosaltres i tenir una idea dels sons que vol\u00edem utilitzar . Vem reflexionar al voltant dels paisatges sonors i vam &hellip; <\/p>\n<p class=\"link-more\"><a href=\"\/sedeta2025\/el-dia-que-vem-coneixer-a-livonne\/\" class=\"more-link\">Continua llegint <span class=\"screen-reader-text\">\u00abEL DIA QUE VEM CON\u00c8IXER A L&#8217;IVONNE\u00bb<\/span><\/a><\/p>\n","protected":false},"author":15,"featured_media":0,"comment_status":"open","ping_status":"open","sticky":false,"template":"","format":"standard","meta":{"footnotes":""},"categories":[1],"tags":[],"class_list":["post-381","post","type-post","status-publish","format-standard","hentry","category-general"],"_links":{"self":[{"href":"\/sedeta2025\/wp-json\/wp\/v2\/posts\/381","targetHints":{"allow":["GET"]}}],"collection":[{"href":"\/sedeta2025\/wp-json\/wp\/v2\/posts"}],"about":[{"href":"\/sedeta2025\/wp-json\/wp\/v2\/types\/post"}],"author":[{"embeddable":true,"href":"\/sedeta2025\/wp-json\/wp\/v2\/users\/15"}],"replies":[{"embeddable":true,"href":"\/sedeta2025\/wp-json\/wp\/v2\/comments?post=381"}],"version-history":[{"count":1,"href":"\/sedeta2025\/wp-json\/wp\/v2\/posts\/381\/revisions"}],"predecessor-version":[{"id":383,"href":"\/sedeta2025\/wp-json\/wp\/v2\/posts\/381\/revisions\/383"}],"wp:attachment":[{"href":"\/sedeta2025\/wp-json\/wp\/v2\/media?parent=381"}],"wp:term":[{"taxonomy":"category","embeddable":true,"href":"\/sedeta2025\/wp-json\/wp\/v2\/categories?post=381"},{"taxonomy":"post_tag","embeddable":true,"href":"\/sedeta2025\/wp-json\/wp\/v2\/tags?post=381"}],"curies":[{"name":"wp","href":"https:\/\/api.w.org\/{rel}","templated":true}]}}