{"id":385,"date":"2024-12-10T21:10:34","date_gmt":"2024-12-10T19:10:34","guid":{"rendered":"\/sedeta2025\/?p=385"},"modified":"2024-12-10T21:10:34","modified_gmt":"2024-12-10T19:10:34","slug":"visita-a-les-tres-xemeneies","status":"publish","type":"post","link":"\/sedeta2025\/visita-a-les-tres-xemeneies\/","title":{"rendered":"VISITA A LES TRES XEMENEIES"},"content":{"rendered":"\n<p class=\"wp-block-paragraph\">El passat 30 d\u2019Octubre vam anar a Les Tres Xemeneies&nbsp; de Sant Adri\u00e0 de Bes\u00f2s a veure MANIFESTA 15, que \u00e9s una biennal d\u2019art i arquitectura que cada vegada es fa una ciutat diferent, i aquesta edici\u00f3 \u00e9s a Barcelona. Vam veure les l&#8217;espai que \u00e9s una central t\u00e8rmica que va tancar ja fa uns anys, i tamb\u00e9 vam veure obres d\u2019art contemporani que feien reflexionar amb tem\u00e0tiques mediambientals, socials i human\u00edstiques. Ens va agradar especialment l\u2019obra de la Claire Fontaine, When Women strike the world Steps, situat a la part superior de l\u2019edifici, \u00e9s un missatge molt bonic, que representa el valor propi de la dona. S\u00f3n lletres de ne\u00f3 Il\u00b7luminades que&nbsp; fa refer\u00e8ncia a com les dones fan vaga no nom\u00e9s per reclamar els seus drets, sin\u00f3 per millorar les condicions de vida de tothom, ja que en el seu dia van morir treballadors a les 3 xemeneies.<\/p>\n\n\n\n<p class=\"wp-block-paragraph\">Despr\u00e9s vam veure RESSON\u00c0NCIES, on alumnat del curs passat que van fer el programa EN RESID\u00c8NCIA van actuar per nosaltres. Van ballar expressant sentiments i explicant situacions, ens va impactar amb la seriositat que ho van fer i ens va agradar molt.&nbsp;<\/p>\n\n\n\n<figure class=\"wp-block-gallery has-nested-images columns-default is-cropped wp-block-gallery-1 is-layout-flex wp-block-gallery-is-layout-flex\">\n<figure class=\"wp-block-image size-large\"><img loading=\"lazy\" decoding=\"async\" width=\"768\" height=\"1024\" data-id=\"397\" src=\"\/sedeta2025\/wp-content\/uploads\/2024\/12\/IMG_3259-3-768x1024.jpeg\" alt=\"\" class=\"wp-image-397\" srcset=\"\/sedeta2025\/wp-content\/uploads\/2024\/12\/IMG_3259-3-768x1024.jpeg 768w, \/sedeta2025\/wp-content\/uploads\/2024\/12\/IMG_3259-3-225x300.jpeg 225w, \/sedeta2025\/wp-content\/uploads\/2024\/12\/IMG_3259-3-1152x1536.jpeg 1152w, \/sedeta2025\/wp-content\/uploads\/2024\/12\/IMG_3259-3-1536x2048.jpeg 1536w, \/sedeta2025\/wp-content\/uploads\/2024\/12\/IMG_3259-3-scaled.jpeg 1920w\" sizes=\"auto, (max-width: 767px) 89vw, (max-width: 1000px) 54vw, (max-width: 1071px) 543px, 580px\" \/><\/figure>\n\n\n\n<figure class=\"wp-block-image size-large\"><img loading=\"lazy\" decoding=\"async\" width=\"768\" height=\"1024\" data-id=\"398\" src=\"\/sedeta2025\/wp-content\/uploads\/2024\/12\/IMG_3264-2-768x1024.jpeg\" alt=\"\" class=\"wp-image-398\" srcset=\"\/sedeta2025\/wp-content\/uploads\/2024\/12\/IMG_3264-2-768x1024.jpeg 768w, \/sedeta2025\/wp-content\/uploads\/2024\/12\/IMG_3264-2-225x300.jpeg 225w, \/sedeta2025\/wp-content\/uploads\/2024\/12\/IMG_3264-2-1152x1536.jpeg 1152w, \/sedeta2025\/wp-content\/uploads\/2024\/12\/IMG_3264-2-1536x2048.jpeg 1536w, \/sedeta2025\/wp-content\/uploads\/2024\/12\/IMG_3264-2-scaled.jpeg 1920w\" sizes=\"auto, (max-width: 767px) 89vw, (max-width: 1000px) 54vw, (max-width: 1071px) 543px, 580px\" \/><\/figure>\n\n\n\n<figure class=\"wp-block-image size-large\"><img loading=\"lazy\" decoding=\"async\" width=\"768\" height=\"1024\" data-id=\"400\" src=\"\/sedeta2025\/wp-content\/uploads\/2024\/12\/IMG_3283-2-768x1024.jpeg\" alt=\"\" class=\"wp-image-400\" srcset=\"\/sedeta2025\/wp-content\/uploads\/2024\/12\/IMG_3283-2-768x1024.jpeg 768w, \/sedeta2025\/wp-content\/uploads\/2024\/12\/IMG_3283-2-225x300.jpeg 225w, \/sedeta2025\/wp-content\/uploads\/2024\/12\/IMG_3283-2-1152x1536.jpeg 1152w, \/sedeta2025\/wp-content\/uploads\/2024\/12\/IMG_3283-2-1536x2048.jpeg 1536w, \/sedeta2025\/wp-content\/uploads\/2024\/12\/IMG_3283-2-scaled.jpeg 1920w\" sizes=\"auto, (max-width: 767px) 89vw, (max-width: 1000px) 54vw, (max-width: 1071px) 543px, 580px\" \/><\/figure>\n\n\n\n<figure class=\"wp-block-image size-large\"><img loading=\"lazy\" decoding=\"async\" width=\"768\" height=\"1024\" data-id=\"399\" src=\"\/sedeta2025\/wp-content\/uploads\/2024\/12\/IMG_3285-2-768x1024.jpeg\" alt=\"\" class=\"wp-image-399\" srcset=\"\/sedeta2025\/wp-content\/uploads\/2024\/12\/IMG_3285-2-768x1024.jpeg 768w, \/sedeta2025\/wp-content\/uploads\/2024\/12\/IMG_3285-2-225x300.jpeg 225w, \/sedeta2025\/wp-content\/uploads\/2024\/12\/IMG_3285-2-1152x1536.jpeg 1152w, \/sedeta2025\/wp-content\/uploads\/2024\/12\/IMG_3285-2-1536x2048.jpeg 1536w, \/sedeta2025\/wp-content\/uploads\/2024\/12\/IMG_3285-2-scaled.jpeg 1920w\" sizes=\"auto, (max-width: 767px) 89vw, (max-width: 1000px) 54vw, (max-width: 1071px) 543px, 580px\" \/><\/figure>\n\n\n\n<figure class=\"wp-block-image size-large\"><img loading=\"lazy\" decoding=\"async\" width=\"768\" height=\"1024\" data-id=\"401\" src=\"\/sedeta2025\/wp-content\/uploads\/2024\/12\/IMG_3289-768x1024.jpeg\" alt=\"\" class=\"wp-image-401\" srcset=\"\/sedeta2025\/wp-content\/uploads\/2024\/12\/IMG_3289-768x1024.jpeg 768w, \/sedeta2025\/wp-content\/uploads\/2024\/12\/IMG_3289-225x300.jpeg 225w, \/sedeta2025\/wp-content\/uploads\/2024\/12\/IMG_3289-1152x1536.jpeg 1152w, \/sedeta2025\/wp-content\/uploads\/2024\/12\/IMG_3289-1536x2048.jpeg 1536w, \/sedeta2025\/wp-content\/uploads\/2024\/12\/IMG_3289-scaled.jpeg 1920w\" sizes=\"auto, (max-width: 767px) 89vw, (max-width: 1000px) 54vw, (max-width: 1071px) 543px, 580px\" \/><\/figure>\n\n\n\n<figure class=\"wp-block-image size-large\"><img loading=\"lazy\" decoding=\"async\" width=\"768\" height=\"1024\" data-id=\"402\" src=\"\/sedeta2025\/wp-content\/uploads\/2024\/12\/IMG_3296-768x1024.jpeg\" alt=\"\" class=\"wp-image-402\" srcset=\"\/sedeta2025\/wp-content\/uploads\/2024\/12\/IMG_3296-768x1024.jpeg 768w, \/sedeta2025\/wp-content\/uploads\/2024\/12\/IMG_3296-225x300.jpeg 225w, \/sedeta2025\/wp-content\/uploads\/2024\/12\/IMG_3296-1152x1536.jpeg 1152w, \/sedeta2025\/wp-content\/uploads\/2024\/12\/IMG_3296-1536x2048.jpeg 1536w, \/sedeta2025\/wp-content\/uploads\/2024\/12\/IMG_3296-scaled.jpeg 1920w\" sizes=\"auto, (max-width: 767px) 89vw, (max-width: 1000px) 54vw, (max-width: 1071px) 543px, 580px\" \/><\/figure>\n<\/figure>\n","protected":false},"excerpt":{"rendered":"<p>El passat 30 d\u2019Octubre vam anar a Les Tres Xemeneies&nbsp; de Sant Adri\u00e0 de Bes\u00f2s a veure MANIFESTA 15, que \u00e9s una biennal d\u2019art i arquitectura que cada vegada es fa una ciutat diferent, i aquesta edici\u00f3 \u00e9s a Barcelona. Vam veure les l&#8217;espai que \u00e9s una central t\u00e8rmica que va tancar ja fa uns &hellip; <\/p>\n<p class=\"link-more\"><a href=\"\/sedeta2025\/visita-a-les-tres-xemeneies\/\" class=\"more-link\">Continua llegint <span class=\"screen-reader-text\">\u00abVISITA A LES TRES XEMENEIES\u00bb<\/span><\/a><\/p>\n","protected":false},"author":15,"featured_media":0,"comment_status":"open","ping_status":"open","sticky":false,"template":"","format":"standard","meta":{"footnotes":""},"categories":[1],"tags":[],"class_list":["post-385","post","type-post","status-publish","format-standard","hentry","category-general"],"_links":{"self":[{"href":"\/sedeta2025\/wp-json\/wp\/v2\/posts\/385","targetHints":{"allow":["GET"]}}],"collection":[{"href":"\/sedeta2025\/wp-json\/wp\/v2\/posts"}],"about":[{"href":"\/sedeta2025\/wp-json\/wp\/v2\/types\/post"}],"author":[{"embeddable":true,"href":"\/sedeta2025\/wp-json\/wp\/v2\/users\/15"}],"replies":[{"embeddable":true,"href":"\/sedeta2025\/wp-json\/wp\/v2\/comments?post=385"}],"version-history":[{"count":1,"href":"\/sedeta2025\/wp-json\/wp\/v2\/posts\/385\/revisions"}],"predecessor-version":[{"id":403,"href":"\/sedeta2025\/wp-json\/wp\/v2\/posts\/385\/revisions\/403"}],"wp:attachment":[{"href":"\/sedeta2025\/wp-json\/wp\/v2\/media?parent=385"}],"wp:term":[{"taxonomy":"category","embeddable":true,"href":"\/sedeta2025\/wp-json\/wp\/v2\/categories?post=385"},{"taxonomy":"post_tag","embeddable":true,"href":"\/sedeta2025\/wp-json\/wp\/v2\/tags?post=385"}],"curies":[{"name":"wp","href":"https:\/\/api.w.org\/{rel}","templated":true}]}}