{"id":404,"date":"2024-12-11T10:19:49","date_gmt":"2024-12-11T08:19:49","guid":{"rendered":"\/sedeta2025\/?p=404"},"modified":"2024-12-11T10:19:49","modified_gmt":"2024-12-11T08:19:49","slug":"paisatges-sonors","status":"publish","type":"post","link":"\/sedeta2025\/paisatges-sonors\/","title":{"rendered":"PAISATGES SONORS"},"content":{"rendered":"\n<figure class=\"wp-block-audio\"><audio controls src=\"\/sedeta2025\/wp-content\/uploads\/2024\/12\/Cesc_eric-VEED.mp3\"><\/audio><\/figure>\n\n\n\n<figure class=\"wp-block-audio\"><audio controls src=\"\/sedeta2025\/wp-content\/uploads\/2024\/12\/firdaws-\u2011-Made-with-FlexClip.mp3\"><\/audio><\/figure>\n\n\n\n<figure class=\"wp-block-audio\"><audio controls src=\"\/sedeta2025\/wp-content\/uploads\/2024\/12\/berta_laia.mp3\"><\/audio><\/figure>\n\n\n\n<figure class=\"wp-block-audio\"><audio controls src=\"\/sedeta2025\/wp-content\/uploads\/2024\/12\/ivonne.wav\"><\/audio><\/figure>\n\n\n\n<p class=\"wp-block-paragraph\">La paraula escoltar prov\u00e9 del vocable llat\u00ed auscultare, que significa \u201cinclinar-se per a aplicar la oreja\u201d, com els metges feien per a escoltar el cor abans que s&#8217;invent\u00e9s l&#8217;estetoscopi.<\/p>\n\n\n\n<p class=\"wp-block-paragraph\">Un paisatge \u00e9s una col\u00b7lecci\u00f3 de sons que ens evoca a imaginar espais i paisatges. Es poden fer amb objectes quotidians com per exemple: una ampolla d\u2019aigua, una cadira o un boli utilitzat de la forma adequada poden ser sorolls que fan una melodia.  Per fer els nostres paisatges sonors, vam veure alguns v\u00eddeos sobre com es creen els efectes sonors a les pel\u00b7l\u00edcules. Aix\u00f2 ens va permetre descobrir t\u00e8cniques interessants i sorprenents que fan servir els professionals per generar sons realistes i impactants.<\/p>\n","protected":false},"excerpt":{"rendered":"<p>La paraula escoltar prov\u00e9 del vocable llat\u00ed auscultare, que significa \u201cinclinar-se per a aplicar la oreja\u201d, com els metges feien per a escoltar el cor abans que s&#8217;invent\u00e9s l&#8217;estetoscopi. Un paisatge \u00e9s una col\u00b7lecci\u00f3 de sons que ens evoca a imaginar espais i paisatges. Es poden fer amb objectes quotidians com per exemple: una ampolla &hellip; <\/p>\n<p class=\"link-more\"><a href=\"\/sedeta2025\/paisatges-sonors\/\" class=\"more-link\">Continua llegint <span class=\"screen-reader-text\">\u00abPAISATGES SONORS\u00bb<\/span><\/a><\/p>\n","protected":false},"author":15,"featured_media":0,"comment_status":"open","ping_status":"open","sticky":false,"template":"","format":"standard","meta":{"footnotes":""},"categories":[1],"tags":[],"class_list":["post-404","post","type-post","status-publish","format-standard","hentry","category-general"],"_links":{"self":[{"href":"\/sedeta2025\/wp-json\/wp\/v2\/posts\/404","targetHints":{"allow":["GET"]}}],"collection":[{"href":"\/sedeta2025\/wp-json\/wp\/v2\/posts"}],"about":[{"href":"\/sedeta2025\/wp-json\/wp\/v2\/types\/post"}],"author":[{"embeddable":true,"href":"\/sedeta2025\/wp-json\/wp\/v2\/users\/15"}],"replies":[{"embeddable":true,"href":"\/sedeta2025\/wp-json\/wp\/v2\/comments?post=404"}],"version-history":[{"count":1,"href":"\/sedeta2025\/wp-json\/wp\/v2\/posts\/404\/revisions"}],"predecessor-version":[{"id":409,"href":"\/sedeta2025\/wp-json\/wp\/v2\/posts\/404\/revisions\/409"}],"wp:attachment":[{"href":"\/sedeta2025\/wp-json\/wp\/v2\/media?parent=404"}],"wp:term":[{"taxonomy":"category","embeddable":true,"href":"\/sedeta2025\/wp-json\/wp\/v2\/categories?post=404"},{"taxonomy":"post_tag","embeddable":true,"href":"\/sedeta2025\/wp-json\/wp\/v2\/tags?post=404"}],"curies":[{"name":"wp","href":"https:\/\/api.w.org\/{rel}","templated":true}]}}