{"id":411,"date":"2025-02-10T16:27:00","date_gmt":"2025-02-10T14:27:00","guid":{"rendered":"\/sedeta2025\/?p=411"},"modified":"2025-07-01T09:07:55","modified_gmt":"2025-07-01T07:07:55","slug":"sessio-amb-lartista-valo-sonoro","status":"publish","type":"post","link":"\/sedeta2025\/sessio-amb-lartista-valo-sonoro\/","title":{"rendered":"Sessi\u00f3 amb l&#8217;artista Valo Sonoro"},"content":{"rendered":"\n<p class=\"wp-block-paragraph\">El 22 de gener va venir un artista molt amic de la Ivonne, el Valo Sonoro, que ens va ensenyar a utilitzar un programa d&#8217;edici\u00f3 i masteritzaci\u00f3 de so i ens va fer una demostraci\u00f3 ajuntant totes les nostres postals sonores en un audio de 15 minuts. Va ser molt bonic descobrir com sonaven totes les nostres postals juntes, i tamb\u00e9 descobrir la pres\u00e8ncia que poden tenir afegint alguns filtres o efectes com les resson\u00e0ncies i reverneracions. Tamb\u00e9 vam dibuixar postals segons el que an\u00e0vem sentint, deixant-nos guiar \u00fanicament pel so i les sensacions que ens despertaven, seguint les indicacions del Valo. Finalment vam dibuixar totes les sensacions en una cartolina gran en grups de 4 o 5 persones.<\/p>\n\n\n\n<figure class=\"wp-block-gallery has-nested-images columns-default is-cropped wp-block-gallery-1 is-layout-flex wp-block-gallery-is-layout-flex\">\n<figure class=\"wp-block-image size-large\"><img loading=\"lazy\" decoding=\"async\" width=\"1024\" height=\"682\" data-id=\"417\" src=\"\/sedeta2025\/wp-content\/uploads\/2025\/03\/25_01_22_sessio_Valo_28-1024x682.jpg\" alt=\"\" class=\"wp-image-417\" srcset=\"\/sedeta2025\/wp-content\/uploads\/2025\/03\/25_01_22_sessio_Valo_28-1024x682.jpg 1024w, \/sedeta2025\/wp-content\/uploads\/2025\/03\/25_01_22_sessio_Valo_28-300x200.jpg 300w, \/sedeta2025\/wp-content\/uploads\/2025\/03\/25_01_22_sessio_Valo_28-768x511.jpg 768w, \/sedeta2025\/wp-content\/uploads\/2025\/03\/25_01_22_sessio_Valo_28-1536x1022.jpg 1536w\" sizes=\"auto, (max-width: 767px) 89vw, (max-width: 1000px) 54vw, (max-width: 1071px) 543px, 580px\" \/><\/figure>\n\n\n\n<figure class=\"wp-block-image size-large\"><img loading=\"lazy\" decoding=\"async\" width=\"1024\" height=\"682\" data-id=\"414\" src=\"\/sedeta2025\/wp-content\/uploads\/2025\/03\/25_01_22_sessio_Valo_06-1024x682.jpg\" alt=\"\" class=\"wp-image-414\" srcset=\"\/sedeta2025\/wp-content\/uploads\/2025\/03\/25_01_22_sessio_Valo_06-1024x682.jpg 1024w, \/sedeta2025\/wp-content\/uploads\/2025\/03\/25_01_22_sessio_Valo_06-300x200.jpg 300w, \/sedeta2025\/wp-content\/uploads\/2025\/03\/25_01_22_sessio_Valo_06-768x511.jpg 768w, \/sedeta2025\/wp-content\/uploads\/2025\/03\/25_01_22_sessio_Valo_06-1536x1022.jpg 1536w\" sizes=\"auto, (max-width: 767px) 89vw, (max-width: 1000px) 54vw, (max-width: 1071px) 543px, 580px\" \/><\/figure>\n\n\n\n<figure class=\"wp-block-image size-large\"><img loading=\"lazy\" decoding=\"async\" width=\"1024\" height=\"682\" data-id=\"416\" src=\"\/sedeta2025\/wp-content\/uploads\/2025\/03\/25_01_22_sessio_Valo_10-1024x682.jpg\" alt=\"\" class=\"wp-image-416\" srcset=\"\/sedeta2025\/wp-content\/uploads\/2025\/03\/25_01_22_sessio_Valo_10-1024x682.jpg 1024w, \/sedeta2025\/wp-content\/uploads\/2025\/03\/25_01_22_sessio_Valo_10-300x200.jpg 300w, \/sedeta2025\/wp-content\/uploads\/2025\/03\/25_01_22_sessio_Valo_10-768x511.jpg 768w, \/sedeta2025\/wp-content\/uploads\/2025\/03\/25_01_22_sessio_Valo_10-1536x1022.jpg 1536w\" sizes=\"auto, (max-width: 767px) 89vw, (max-width: 1000px) 54vw, (max-width: 1071px) 543px, 580px\" \/><\/figure>\n\n\n\n<figure class=\"wp-block-image size-large\"><img loading=\"lazy\" decoding=\"async\" width=\"1024\" height=\"682\" data-id=\"412\" src=\"\/sedeta2025\/wp-content\/uploads\/2025\/03\/25_01_22_sessio_Valo_14-1024x682.jpg\" alt=\"\" class=\"wp-image-412\" srcset=\"\/sedeta2025\/wp-content\/uploads\/2025\/03\/25_01_22_sessio_Valo_14-1024x682.jpg 1024w, \/sedeta2025\/wp-content\/uploads\/2025\/03\/25_01_22_sessio_Valo_14-300x200.jpg 300w, \/sedeta2025\/wp-content\/uploads\/2025\/03\/25_01_22_sessio_Valo_14-768x511.jpg 768w, \/sedeta2025\/wp-content\/uploads\/2025\/03\/25_01_22_sessio_Valo_14-1536x1022.jpg 1536w\" sizes=\"auto, (max-width: 767px) 89vw, (max-width: 1000px) 54vw, (max-width: 1071px) 543px, 580px\" \/><\/figure>\n<\/figure>\n\n\n\n<p class=\"wp-block-paragraph\">Masteritzaci\u00f3 de les postals sonores dels alumnes elaborat per Valo Sonoro:<\/p>\n\n\n\n<figure class=\"wp-block-audio\"><audio controls src=\"\/sedeta2025\/wp-content\/uploads\/2025\/02\/Valo_Mix_postals.mp3\"><\/audio><\/figure>\n","protected":false},"excerpt":{"rendered":"<p>El 22 de gener va venir un artista molt amic de la Ivonne, el Valo Sonoro, que ens va ensenyar a utilitzar un programa d&#8217;edici\u00f3 i masteritzaci\u00f3 de so i ens va fer una demostraci\u00f3 ajuntant totes les nostres postals sonores en un audio de 15 minuts. Va ser molt bonic descobrir com sonaven totes &hellip; <\/p>\n<p class=\"link-more\"><a href=\"\/sedeta2025\/sessio-amb-lartista-valo-sonoro\/\" class=\"more-link\">Continua llegint <span class=\"screen-reader-text\">\u00abSessi\u00f3 amb l&#8217;artista Valo Sonoro\u00bb<\/span><\/a><\/p>\n","protected":false},"author":14,"featured_media":0,"comment_status":"open","ping_status":"open","sticky":false,"template":"","format":"standard","meta":{"footnotes":""},"categories":[1],"tags":[],"class_list":["post-411","post","type-post","status-publish","format-standard","hentry","category-general"],"_links":{"self":[{"href":"\/sedeta2025\/wp-json\/wp\/v2\/posts\/411","targetHints":{"allow":["GET"]}}],"collection":[{"href":"\/sedeta2025\/wp-json\/wp\/v2\/posts"}],"about":[{"href":"\/sedeta2025\/wp-json\/wp\/v2\/types\/post"}],"author":[{"embeddable":true,"href":"\/sedeta2025\/wp-json\/wp\/v2\/users\/14"}],"replies":[{"embeddable":true,"href":"\/sedeta2025\/wp-json\/wp\/v2\/comments?post=411"}],"version-history":[{"count":4,"href":"\/sedeta2025\/wp-json\/wp\/v2\/posts\/411\/revisions"}],"predecessor-version":[{"id":515,"href":"\/sedeta2025\/wp-json\/wp\/v2\/posts\/411\/revisions\/515"}],"wp:attachment":[{"href":"\/sedeta2025\/wp-json\/wp\/v2\/media?parent=411"}],"wp:term":[{"taxonomy":"category","embeddable":true,"href":"\/sedeta2025\/wp-json\/wp\/v2\/categories?post=411"},{"taxonomy":"post_tag","embeddable":true,"href":"\/sedeta2025\/wp-json\/wp\/v2\/tags?post=411"}],"curies":[{"name":"wp","href":"https:\/\/api.w.org\/{rel}","templated":true}]}}