{"id":422,"date":"2025-03-10T17:35:20","date_gmt":"2025-03-10T15:35:20","guid":{"rendered":"\/sedeta2025\/?p=422"},"modified":"2025-03-10T17:35:20","modified_gmt":"2025-03-10T15:35:20","slug":"visita-a-la-capella-i-la-virreina","status":"publish","type":"post","link":"\/sedeta2025\/visita-a-la-capella-i-la-virreina\/","title":{"rendered":"Visita a La Capella i La Virreina"},"content":{"rendered":"\n<p class=\"wp-block-paragraph\">Recentment, vam tenir l&#8217;oportunitat de visitar La Capella, on ens va rebre l&#8217;Alba Sauleda, la comiss\u00e0ria de la exposici\u00f3 &#8216;\u00d2rbites sobre negre: tres assajos sobre el moviment&#8217;, de la qual la instal\u00b7laci\u00f3 de la Ivonne formava part. Ens va introduir en qu\u00e8 consistia la seva feina i les preguntes que es planteja a l&#8217;hora de comissariar una exposici\u00f3. Ens va explicar quin era el seu treball, qu\u00e8 feia i com ho feia. Per veure-ho de manera m\u00e9s din\u00e0mica vam fer un petit taller: vam buscar frases que hi havia per la sala i per grups vam ajuntar-les buscant un sentit.\u00a0<\/p>\n\n\n\n<p class=\"wp-block-paragraph\">Despr\u00e9s de La Capella, vam continuar el nostre recorregut i vam anar a la Virreina. All\u00e0 vam tenir l&#8217;oportunitat de veure la exposici\u00f3 &#8216;Poesia, tipografia i comunicaci\u00f3 de masses&#8217; de Josep Igl\u00e9sias del Marquet, una mostra de postals visuals de diferents artistes, utilitzant les postals com a mitj\u00e0 per expressar-se. Les obres mostraven no nom\u00e9s paisatges, sin\u00f3 tamb\u00e9 missatges sobre la societat, la hist\u00f2ria i les identitats culturals.<\/p>\n\n\n\n<p class=\"wp-block-paragraph\">En conclusi\u00f3, aquesta sortida ens ha perm\u00e8s con\u00e8ixer dues realitats diferents. D&#8217;una banda, vam aprendre sobre el treball de comissariat. I d&#8217;altra banda, a la Virreina vam veure com les postals poden ser utilitzades per transmetre missatges importants. Aquestes activitats ens han donat una millor comprensi\u00f3 del nostre entorn.<\/p>\n\n\n\n<figure class=\"wp-block-gallery has-nested-images columns-default is-cropped wp-block-gallery-1 is-layout-flex wp-block-gallery-is-layout-flex\">\n<figure class=\"wp-block-image size-large\"><img loading=\"lazy\" decoding=\"async\" width=\"1024\" height=\"682\" data-id=\"433\" src=\"\/sedeta2025\/wp-content\/uploads\/2025\/03\/25_01_15_Capella_Virreina_35-2-1024x682.jpg\" alt=\"\" class=\"wp-image-433\" srcset=\"\/sedeta2025\/wp-content\/uploads\/2025\/03\/25_01_15_Capella_Virreina_35-2-1024x682.jpg 1024w, \/sedeta2025\/wp-content\/uploads\/2025\/03\/25_01_15_Capella_Virreina_35-2-300x200.jpg 300w, \/sedeta2025\/wp-content\/uploads\/2025\/03\/25_01_15_Capella_Virreina_35-2-768x511.jpg 768w, \/sedeta2025\/wp-content\/uploads\/2025\/03\/25_01_15_Capella_Virreina_35-2-1536x1022.jpg 1536w\" sizes=\"auto, (max-width: 767px) 89vw, (max-width: 1000px) 54vw, (max-width: 1071px) 543px, 580px\" \/><\/figure>\n\n\n\n<figure class=\"wp-block-image size-large\"><img loading=\"lazy\" decoding=\"async\" width=\"1024\" height=\"682\" data-id=\"429\" src=\"\/sedeta2025\/wp-content\/uploads\/2025\/03\/25_01_15_Capella_Virreina_45-1024x682.jpg\" alt=\"\" class=\"wp-image-429\" srcset=\"\/sedeta2025\/wp-content\/uploads\/2025\/03\/25_01_15_Capella_Virreina_45-1024x682.jpg 1024w, \/sedeta2025\/wp-content\/uploads\/2025\/03\/25_01_15_Capella_Virreina_45-300x200.jpg 300w, \/sedeta2025\/wp-content\/uploads\/2025\/03\/25_01_15_Capella_Virreina_45-768x511.jpg 768w, \/sedeta2025\/wp-content\/uploads\/2025\/03\/25_01_15_Capella_Virreina_45-1536x1022.jpg 1536w, \/sedeta2025\/wp-content\/uploads\/2025\/03\/25_01_15_Capella_Virreina_45-2048x1363.jpg 2048w\" sizes=\"auto, (max-width: 767px) 89vw, (max-width: 1000px) 54vw, (max-width: 1071px) 543px, 580px\" \/><\/figure>\n\n\n\n<figure class=\"wp-block-image size-large\"><img loading=\"lazy\" decoding=\"async\" width=\"1024\" height=\"682\" data-id=\"430\" src=\"\/sedeta2025\/wp-content\/uploads\/2025\/03\/25_01_15_Capella_Virreina_47-1-1024x682.jpg\" alt=\"\" class=\"wp-image-430\" srcset=\"\/sedeta2025\/wp-content\/uploads\/2025\/03\/25_01_15_Capella_Virreina_47-1-1024x682.jpg 1024w, \/sedeta2025\/wp-content\/uploads\/2025\/03\/25_01_15_Capella_Virreina_47-1-300x200.jpg 300w, \/sedeta2025\/wp-content\/uploads\/2025\/03\/25_01_15_Capella_Virreina_47-1-768x511.jpg 768w, \/sedeta2025\/wp-content\/uploads\/2025\/03\/25_01_15_Capella_Virreina_47-1-1536x1022.jpg 1536w, \/sedeta2025\/wp-content\/uploads\/2025\/03\/25_01_15_Capella_Virreina_47-1-2048x1363.jpg 2048w\" sizes=\"auto, (max-width: 767px) 89vw, (max-width: 1000px) 54vw, (max-width: 1071px) 543px, 580px\" \/><\/figure>\n\n\n\n<figure class=\"wp-block-image size-large\"><img loading=\"lazy\" decoding=\"async\" width=\"1024\" height=\"682\" data-id=\"432\" src=\"\/sedeta2025\/wp-content\/uploads\/2025\/03\/25_01_15_Capella_Virreina_60-1-1024x682.jpg\" alt=\"\" class=\"wp-image-432\" srcset=\"\/sedeta2025\/wp-content\/uploads\/2025\/03\/25_01_15_Capella_Virreina_60-1-1024x682.jpg 1024w, \/sedeta2025\/wp-content\/uploads\/2025\/03\/25_01_15_Capella_Virreina_60-1-300x200.jpg 300w, \/sedeta2025\/wp-content\/uploads\/2025\/03\/25_01_15_Capella_Virreina_60-1-768x511.jpg 768w, \/sedeta2025\/wp-content\/uploads\/2025\/03\/25_01_15_Capella_Virreina_60-1-1536x1022.jpg 1536w, \/sedeta2025\/wp-content\/uploads\/2025\/03\/25_01_15_Capella_Virreina_60-1-2048x1363.jpg 2048w\" sizes=\"auto, (max-width: 767px) 89vw, (max-width: 1000px) 54vw, (max-width: 1071px) 543px, 580px\" \/><\/figure>\n\n\n\n<figure class=\"wp-block-image size-large\"><img loading=\"lazy\" decoding=\"async\" width=\"1024\" height=\"682\" data-id=\"431\" src=\"\/sedeta2025\/wp-content\/uploads\/2025\/03\/25_01_15_Capella_Virreina_53-1-1024x682.jpg\" alt=\"\" class=\"wp-image-431\" srcset=\"\/sedeta2025\/wp-content\/uploads\/2025\/03\/25_01_15_Capella_Virreina_53-1-1024x682.jpg 1024w, \/sedeta2025\/wp-content\/uploads\/2025\/03\/25_01_15_Capella_Virreina_53-1-300x200.jpg 300w, \/sedeta2025\/wp-content\/uploads\/2025\/03\/25_01_15_Capella_Virreina_53-1-768x511.jpg 768w, \/sedeta2025\/wp-content\/uploads\/2025\/03\/25_01_15_Capella_Virreina_53-1-1536x1022.jpg 1536w, \/sedeta2025\/wp-content\/uploads\/2025\/03\/25_01_15_Capella_Virreina_53-1-2048x1363.jpg 2048w\" sizes=\"auto, (max-width: 767px) 89vw, (max-width: 1000px) 54vw, (max-width: 1071px) 543px, 580px\" \/><\/figure>\n\n\n\n<figure class=\"wp-block-image size-large\"><img loading=\"lazy\" decoding=\"async\" width=\"1024\" height=\"682\" data-id=\"434\" src=\"\/sedeta2025\/wp-content\/uploads\/2025\/03\/25_01_15_Capella_Virreina_65-1024x682.jpg\" alt=\"\" class=\"wp-image-434\" srcset=\"\/sedeta2025\/wp-content\/uploads\/2025\/03\/25_01_15_Capella_Virreina_65-1024x682.jpg 1024w, \/sedeta2025\/wp-content\/uploads\/2025\/03\/25_01_15_Capella_Virreina_65-300x200.jpg 300w, \/sedeta2025\/wp-content\/uploads\/2025\/03\/25_01_15_Capella_Virreina_65-768x511.jpg 768w, \/sedeta2025\/wp-content\/uploads\/2025\/03\/25_01_15_Capella_Virreina_65-1536x1022.jpg 1536w\" sizes=\"auto, (max-width: 767px) 89vw, (max-width: 1000px) 54vw, (max-width: 1071px) 543px, 580px\" \/><\/figure>\n<\/figure>\n\n\n\n<p class=\"wp-block-paragraph\"><\/p>\n","protected":false},"excerpt":{"rendered":"<p>Recentment, vam tenir l&#8217;oportunitat de visitar La Capella, on ens va rebre l&#8217;Alba Sauleda, la comiss\u00e0ria de la exposici\u00f3 &#8216;\u00d2rbites sobre negre: tres assajos sobre el moviment&#8217;, de la qual la instal\u00b7laci\u00f3 de la Ivonne formava part. Ens va introduir en qu\u00e8 consistia la seva feina i les preguntes que es planteja a l&#8217;hora de &hellip; <\/p>\n<p class=\"link-more\"><a href=\"\/sedeta2025\/visita-a-la-capella-i-la-virreina\/\" class=\"more-link\">Continua llegint <span class=\"screen-reader-text\">\u00abVisita a La Capella i La Virreina\u00bb<\/span><\/a><\/p>\n","protected":false},"author":14,"featured_media":0,"comment_status":"open","ping_status":"open","sticky":false,"template":"","format":"standard","meta":{"footnotes":""},"categories":[1],"tags":[],"class_list":["post-422","post","type-post","status-publish","format-standard","hentry","category-general"],"_links":{"self":[{"href":"\/sedeta2025\/wp-json\/wp\/v2\/posts\/422","targetHints":{"allow":["GET"]}}],"collection":[{"href":"\/sedeta2025\/wp-json\/wp\/v2\/posts"}],"about":[{"href":"\/sedeta2025\/wp-json\/wp\/v2\/types\/post"}],"author":[{"embeddable":true,"href":"\/sedeta2025\/wp-json\/wp\/v2\/users\/14"}],"replies":[{"embeddable":true,"href":"\/sedeta2025\/wp-json\/wp\/v2\/comments?post=422"}],"version-history":[{"count":1,"href":"\/sedeta2025\/wp-json\/wp\/v2\/posts\/422\/revisions"}],"predecessor-version":[{"id":435,"href":"\/sedeta2025\/wp-json\/wp\/v2\/posts\/422\/revisions\/435"}],"wp:attachment":[{"href":"\/sedeta2025\/wp-json\/wp\/v2\/media?parent=422"}],"wp:term":[{"taxonomy":"category","embeddable":true,"href":"\/sedeta2025\/wp-json\/wp\/v2\/categories?post=422"},{"taxonomy":"post_tag","embeddable":true,"href":"\/sedeta2025\/wp-json\/wp\/v2\/tags?post=422"}],"curies":[{"name":"wp","href":"https:\/\/api.w.org\/{rel}","templated":true}]}}