{"id":436,"date":"2025-03-19T10:25:09","date_gmt":"2025-03-19T08:25:09","guid":{"rendered":"\/sedeta2025\/?p=436"},"modified":"2025-06-30T10:32:23","modified_gmt":"2025-06-30T08:32:23","slug":"sessio-oberta","status":"publish","type":"post","link":"\/sedeta2025\/sessio-oberta\/","title":{"rendered":"Sessi\u00f3 oberta"},"content":{"rendered":"\n<p class=\"wp-block-paragraph\">El 12 de febrer del 2025 vam fer la sessi\u00f3 oberta del nostre projecte En Resid\u00e8ncia. Al comen\u00e7ament de la presentaci\u00f3 del projecte estavem nerviosos per si tot anava a sortir com estava pensat, i en comen\u00e7ar ens vam relaxar una mica m\u00e9s. Vam fer una introducci\u00f3 al projecte, i ens vam distribuir en dos grups per fer les dues experi\u00e8ncies que haviem preparat; d&#8217;una banda l&#8217;experi\u00e8ncia meditativa amb els casos antisoroll i de l&#8217;altra l&#8217;exposici\u00f3 de les postals sonores.<\/p>\n\n\n\n<p class=\"wp-block-paragraph\">Per l&#8217;experi\u00e8ncia amb els cascos antisoroll, vam fer seure tothom en una aula a les fosques amb els cascos antisoroll posats, i els vam guiar a trav\u00e9s d&#8217;una meditaci\u00f3 de veu, donant indicacions sobre com es sentien, si es notaven m\u00e9s el cos amb els cascos posats&#8230;els professors ens van dir que els havia agradat molt aquest moment de deixar-se portar pel silenci i nom\u00e9s estar, i tamb\u00e9 la sensaci\u00f3 corporal que permetia el fet de portar posats els cascos.<\/p>\n\n\n\n<figure class=\"wp-block-gallery has-nested-images columns-default is-cropped wp-block-gallery-1 is-layout-flex wp-block-gallery-is-layout-flex\">\n<figure class=\"wp-block-image size-large\"><img loading=\"lazy\" decoding=\"async\" width=\"1024\" height=\"683\" data-id=\"457\" src=\"\/sedeta2025\/wp-content\/uploads\/2025\/06\/25_02_12_sessio_oberta_13-3-1024x683.jpg\" alt=\"\" class=\"wp-image-457\" srcset=\"\/sedeta2025\/wp-content\/uploads\/2025\/06\/25_02_12_sessio_oberta_13-3-1024x683.jpg 1024w, \/sedeta2025\/wp-content\/uploads\/2025\/06\/25_02_12_sessio_oberta_13-3-300x200.jpg 300w, \/sedeta2025\/wp-content\/uploads\/2025\/06\/25_02_12_sessio_oberta_13-3-768x512.jpg 768w, \/sedeta2025\/wp-content\/uploads\/2025\/06\/25_02_12_sessio_oberta_13-3-1536x1024.jpg 1536w\" sizes=\"auto, (max-width: 767px) 89vw, (max-width: 1000px) 54vw, (max-width: 1071px) 543px, 580px\" \/><\/figure>\n\n\n\n<figure class=\"wp-block-image size-large\"><img loading=\"lazy\" decoding=\"async\" width=\"1024\" height=\"683\" data-id=\"458\" src=\"\/sedeta2025\/wp-content\/uploads\/2025\/06\/25_02_12_sessio_oberta_26-2-1024x683.jpg\" alt=\"\" class=\"wp-image-458\" srcset=\"\/sedeta2025\/wp-content\/uploads\/2025\/06\/25_02_12_sessio_oberta_26-2-1024x683.jpg 1024w, \/sedeta2025\/wp-content\/uploads\/2025\/06\/25_02_12_sessio_oberta_26-2-300x200.jpg 300w, \/sedeta2025\/wp-content\/uploads\/2025\/06\/25_02_12_sessio_oberta_26-2-768x512.jpg 768w, \/sedeta2025\/wp-content\/uploads\/2025\/06\/25_02_12_sessio_oberta_26-2-1536x1024.jpg 1536w\" sizes=\"auto, (max-width: 767px) 89vw, (max-width: 1000px) 54vw, (max-width: 1071px) 543px, 580px\" \/><\/figure>\n\n\n\n<figure class=\"wp-block-image size-large\"><img loading=\"lazy\" decoding=\"async\" width=\"1024\" height=\"683\" data-id=\"456\" src=\"\/sedeta2025\/wp-content\/uploads\/2025\/06\/25_02_12_sessio_oberta_12-2-1024x683.jpg\" alt=\"\" class=\"wp-image-456\" srcset=\"\/sedeta2025\/wp-content\/uploads\/2025\/06\/25_02_12_sessio_oberta_12-2-1024x683.jpg 1024w, \/sedeta2025\/wp-content\/uploads\/2025\/06\/25_02_12_sessio_oberta_12-2-300x200.jpg 300w, \/sedeta2025\/wp-content\/uploads\/2025\/06\/25_02_12_sessio_oberta_12-2-768x512.jpg 768w, \/sedeta2025\/wp-content\/uploads\/2025\/06\/25_02_12_sessio_oberta_12-2-1536x1024.jpg 1536w\" sizes=\"auto, (max-width: 767px) 89vw, (max-width: 1000px) 54vw, (max-width: 1071px) 543px, 580px\" \/><\/figure>\n\n\n\n<figure class=\"wp-block-image size-large\"><img loading=\"lazy\" decoding=\"async\" width=\"1024\" height=\"683\" data-id=\"454\" src=\"\/sedeta2025\/wp-content\/uploads\/2025\/06\/25_02_12_sessio_oberta_53-1024x683.jpg\" alt=\"\" class=\"wp-image-454\" srcset=\"\/sedeta2025\/wp-content\/uploads\/2025\/06\/25_02_12_sessio_oberta_53-1024x683.jpg 1024w, \/sedeta2025\/wp-content\/uploads\/2025\/06\/25_02_12_sessio_oberta_53-300x200.jpg 300w, \/sedeta2025\/wp-content\/uploads\/2025\/06\/25_02_12_sessio_oberta_53-768x512.jpg 768w\" sizes=\"auto, (max-width: 767px) 89vw, (max-width: 1000px) 54vw, (max-width: 1071px) 543px, 580px\" \/><\/figure>\n\n\n\n<figure class=\"wp-block-image size-large\"><img loading=\"lazy\" decoding=\"async\" width=\"1024\" height=\"683\" data-id=\"455\" src=\"\/sedeta2025\/wp-content\/uploads\/2025\/06\/25_02_12_sessio_oberta_12-1-1024x683.jpg\" alt=\"\" class=\"wp-image-455\" srcset=\"\/sedeta2025\/wp-content\/uploads\/2025\/06\/25_02_12_sessio_oberta_12-1-1024x683.jpg 1024w, \/sedeta2025\/wp-content\/uploads\/2025\/06\/25_02_12_sessio_oberta_12-1-300x200.jpg 300w, \/sedeta2025\/wp-content\/uploads\/2025\/06\/25_02_12_sessio_oberta_12-1-768x512.jpg 768w, \/sedeta2025\/wp-content\/uploads\/2025\/06\/25_02_12_sessio_oberta_12-1-1536x1024.jpg 1536w\" sizes=\"auto, (max-width: 767px) 89vw, (max-width: 1000px) 54vw, (max-width: 1071px) 543px, 580px\" \/><\/figure>\n\n\n\n<figure class=\"wp-block-image size-large\"><img loading=\"lazy\" decoding=\"async\" width=\"1024\" height=\"768\" data-id=\"451\" src=\"\/sedeta2025\/wp-content\/uploads\/2025\/06\/25_02_12_sessio_oberta_75-1024x768.jpeg\" alt=\"\" class=\"wp-image-451\" srcset=\"\/sedeta2025\/wp-content\/uploads\/2025\/06\/25_02_12_sessio_oberta_75-1024x768.jpeg 1024w, \/sedeta2025\/wp-content\/uploads\/2025\/06\/25_02_12_sessio_oberta_75-300x225.jpeg 300w, \/sedeta2025\/wp-content\/uploads\/2025\/06\/25_02_12_sessio_oberta_75-768x576.jpeg 768w, \/sedeta2025\/wp-content\/uploads\/2025\/06\/25_02_12_sessio_oberta_75-1536x1152.jpeg 1536w, \/sedeta2025\/wp-content\/uploads\/2025\/06\/25_02_12_sessio_oberta_75-2048x1536.jpeg 2048w\" sizes=\"auto, (max-width: 767px) 89vw, (max-width: 1000px) 54vw, (max-width: 1071px) 543px, 580px\" \/><\/figure>\n<\/figure>\n\n\n\n<p class=\"wp-block-paragraph\"><\/p>\n","protected":false},"excerpt":{"rendered":"<p>El 12 de febrer del 2025 vam fer la sessi\u00f3 oberta del nostre projecte En Resid\u00e8ncia. Al comen\u00e7ament de la presentaci\u00f3 del projecte estavem nerviosos per si tot anava a sortir com estava pensat, i en comen\u00e7ar ens vam relaxar una mica m\u00e9s. Vam fer una introducci\u00f3 al projecte, i ens vam distribuir en dos &hellip; <\/p>\n<p class=\"link-more\"><a href=\"\/sedeta2025\/sessio-oberta\/\" class=\"more-link\">Continua llegint <span class=\"screen-reader-text\">\u00abSessi\u00f3 oberta\u00bb<\/span><\/a><\/p>\n","protected":false},"author":14,"featured_media":0,"comment_status":"open","ping_status":"open","sticky":false,"template":"","format":"standard","meta":{"footnotes":""},"categories":[1],"tags":[],"class_list":["post-436","post","type-post","status-publish","format-standard","hentry","category-general"],"_links":{"self":[{"href":"\/sedeta2025\/wp-json\/wp\/v2\/posts\/436","targetHints":{"allow":["GET"]}}],"collection":[{"href":"\/sedeta2025\/wp-json\/wp\/v2\/posts"}],"about":[{"href":"\/sedeta2025\/wp-json\/wp\/v2\/types\/post"}],"author":[{"embeddable":true,"href":"\/sedeta2025\/wp-json\/wp\/v2\/users\/14"}],"replies":[{"embeddable":true,"href":"\/sedeta2025\/wp-json\/wp\/v2\/comments?post=436"}],"version-history":[{"count":4,"href":"\/sedeta2025\/wp-json\/wp\/v2\/posts\/436\/revisions"}],"predecessor-version":[{"id":487,"href":"\/sedeta2025\/wp-json\/wp\/v2\/posts\/436\/revisions\/487"}],"wp:attachment":[{"href":"\/sedeta2025\/wp-json\/wp\/v2\/media?parent=436"}],"wp:term":[{"taxonomy":"category","embeddable":true,"href":"\/sedeta2025\/wp-json\/wp\/v2\/categories?post=436"},{"taxonomy":"post_tag","embeddable":true,"href":"\/sedeta2025\/wp-json\/wp\/v2\/tags?post=436"}],"curies":[{"name":"wp","href":"https:\/\/api.w.org\/{rel}","templated":true}]}}