{"id":460,"date":"2025-05-16T10:50:29","date_gmt":"2025-05-16T08:50:29","guid":{"rendered":"\/sedeta2025\/?p=460"},"modified":"2025-06-30T10:32:47","modified_gmt":"2025-06-30T08:32:47","slug":"inauguracio-tot-vibra","status":"publish","type":"post","link":"\/sedeta2025\/inauguracio-tot-vibra\/","title":{"rendered":"INAUGURACI\u00d3 TOT VIBRA"},"content":{"rendered":"\n<p class=\"wp-block-paragraph\">El 5 de maig del 2025 vam inaugurar el nostre projecte <em>Tot vibra<\/em>, despr\u00e9s de molts mesos de feina, proves, dubtes i descobriments.<\/p>\n\n\n\n<p class=\"wp-block-paragraph\">Durant tot el curs hem estat explorant el so d\u2019una manera diferent. Hem apr\u00e8s que escoltar no \u00e9s nom\u00e9s sentir sons, sin\u00f3 parar atenci\u00f3, estar presents, i fins i tot deixar-nos emocionar per all\u00f2 que vibra al nostre voltant.<\/p>\n\n\n\n<p class=\"wp-block-paragraph\">Amb &#8216;Tot vibra&#8217; hem volgut compartir aix\u00f2: que el so connecta amb les emocions, que l\u2019aigua pot parlar-nos segons com sona, i que les vibracions formen part de la vida.<\/p>\n\n\n\n<p class=\"wp-block-paragraph\">La inauguraci\u00f3 va ser molt especial. Ten\u00edem nervis, per\u00f2 tamb\u00e9 il\u00b7lusi\u00f3. Veure com la gent recorria l\u2019espai i escoltava amb atenci\u00f3 el que hav\u00edem creat durant tant temps va ser molt emocionant. Alguns somreien, altres es quedaven en silenci, i en aquell moment vam entendre que el nostre treball els havia arribat.<\/p>\n\n\n\n<p class=\"wp-block-paragraph\">Va ser bonic sentir-nos artistes per un dia. Sentir que el que hem fet tenia sentit. Que all\u00f2 que vam comen\u00e7ar sense saber gaireb\u00e9 cap on aniria, havia acabat sent una experi\u00e8ncia inoblidable.<\/p>\n\n\n\n<p class=\"wp-block-paragraph\"><em>Tot vibra<\/em> no nom\u00e9s ha estat un projecte, sin\u00f3 una manera de mirar, escoltar i sentir d\u2019una manera m\u00e9s profunda!!!<\/p>\n\n\n\n<p class=\"wp-block-paragraph\">\u201cQuan plou intensament, el clima es refresca, l\u2019aigua corre pels carrers i el soroll de les gotes crea una vibraci\u00f3 constant que omple l\u2019ambient.\u201d<\/p>\n\n\n\n<p class=\"wp-block-paragraph\">\u201cLes vibracions del vent es barregen amb el soroll de les onades quan el clima mar\u00edtim s\u2019agita i l\u2019aigua del mar colpeja amb for\u00e7a.\u201d<\/p>\n\n\n\n<p class=\"wp-block-paragraph\">\u201cAmb el canvi de temps, augmenten les tempestes i, amb elles, el soroll dels llamps i les vibracions que travessen l\u2019aire i l\u2019aigua.\u201d<\/p>\n\n\n\n<p class=\"wp-block-paragraph\">\u201cDurant una tempesta, el temps es transforma, el cel rugeix amb soroll i vibraci\u00f3, mentre l\u2019aigua inunda els camps i carrers.\u201d<\/p>\n\n\n\n<figure class=\"wp-block-gallery has-nested-images columns-default is-cropped wp-block-gallery-1 is-layout-flex wp-block-gallery-is-layout-flex\">\n<figure class=\"wp-block-image size-large\"><img loading=\"lazy\" decoding=\"async\" width=\"1024\" height=\"683\" data-id=\"475\" src=\"\/sedeta2025\/wp-content\/uploads\/2025\/06\/250507_ER_LaSedeta_Ivonne_109-1024x683.jpg\" alt=\"\" class=\"wp-image-475\" srcset=\"\/sedeta2025\/wp-content\/uploads\/2025\/06\/250507_ER_LaSedeta_Ivonne_109-1024x683.jpg 1024w, \/sedeta2025\/wp-content\/uploads\/2025\/06\/250507_ER_LaSedeta_Ivonne_109-300x200.jpg 300w, \/sedeta2025\/wp-content\/uploads\/2025\/06\/250507_ER_LaSedeta_Ivonne_109-768x512.jpg 768w, \/sedeta2025\/wp-content\/uploads\/2025\/06\/250507_ER_LaSedeta_Ivonne_109-1536x1024.jpg 1536w\" sizes=\"auto, (max-width: 767px) 89vw, (max-width: 1000px) 54vw, (max-width: 1071px) 543px, 580px\" \/><\/figure>\n\n\n\n<figure class=\"wp-block-image size-large\"><img loading=\"lazy\" decoding=\"async\" width=\"1024\" height=\"683\" data-id=\"472\" src=\"\/sedeta2025\/wp-content\/uploads\/2025\/06\/250507_ER_LaSedeta_Ivonne_040-1024x683.jpg\" alt=\"\" class=\"wp-image-472\" srcset=\"\/sedeta2025\/wp-content\/uploads\/2025\/06\/250507_ER_LaSedeta_Ivonne_040-1024x683.jpg 1024w, \/sedeta2025\/wp-content\/uploads\/2025\/06\/250507_ER_LaSedeta_Ivonne_040-300x200.jpg 300w, \/sedeta2025\/wp-content\/uploads\/2025\/06\/250507_ER_LaSedeta_Ivonne_040-768x512.jpg 768w, \/sedeta2025\/wp-content\/uploads\/2025\/06\/250507_ER_LaSedeta_Ivonne_040-1536x1024.jpg 1536w\" sizes=\"auto, (max-width: 767px) 89vw, (max-width: 1000px) 54vw, (max-width: 1071px) 543px, 580px\" \/><\/figure>\n\n\n\n<figure class=\"wp-block-image size-large\"><img loading=\"lazy\" decoding=\"async\" width=\"1024\" height=\"683\" data-id=\"477\" src=\"\/sedeta2025\/wp-content\/uploads\/2025\/06\/25_05_05_Presentacio_Tot-vibra_68-1024x683.jpg\" alt=\"\" class=\"wp-image-477\" srcset=\"\/sedeta2025\/wp-content\/uploads\/2025\/06\/25_05_05_Presentacio_Tot-vibra_68-1024x683.jpg 1024w, \/sedeta2025\/wp-content\/uploads\/2025\/06\/25_05_05_Presentacio_Tot-vibra_68-300x200.jpg 300w, \/sedeta2025\/wp-content\/uploads\/2025\/06\/25_05_05_Presentacio_Tot-vibra_68-768x512.jpg 768w, \/sedeta2025\/wp-content\/uploads\/2025\/06\/25_05_05_Presentacio_Tot-vibra_68-1536x1024.jpg 1536w\" sizes=\"auto, (max-width: 767px) 89vw, (max-width: 1000px) 54vw, (max-width: 1071px) 543px, 580px\" \/><\/figure>\n\n\n\n<figure class=\"wp-block-image size-large\"><img loading=\"lazy\" decoding=\"async\" width=\"1024\" height=\"683\" data-id=\"484\" src=\"\/sedeta2025\/wp-content\/uploads\/2025\/06\/250507_ER_LaSedeta_Ivonne_100-1024x683.jpg\" alt=\"\" class=\"wp-image-484\" srcset=\"\/sedeta2025\/wp-content\/uploads\/2025\/06\/250507_ER_LaSedeta_Ivonne_100-1024x683.jpg 1024w, \/sedeta2025\/wp-content\/uploads\/2025\/06\/250507_ER_LaSedeta_Ivonne_100-300x200.jpg 300w, \/sedeta2025\/wp-content\/uploads\/2025\/06\/250507_ER_LaSedeta_Ivonne_100-768x512.jpg 768w, \/sedeta2025\/wp-content\/uploads\/2025\/06\/250507_ER_LaSedeta_Ivonne_100-1536x1024.jpg 1536w\" sizes=\"auto, (max-width: 767px) 89vw, (max-width: 1000px) 54vw, (max-width: 1071px) 543px, 580px\" \/><\/figure>\n\n\n\n<figure class=\"wp-block-image size-large\"><img loading=\"lazy\" decoding=\"async\" width=\"1024\" height=\"683\" data-id=\"481\" src=\"\/sedeta2025\/wp-content\/uploads\/2025\/06\/25_05_05_Presentacio_Tot-vibra_135-1024x683.jpg\" alt=\"\" class=\"wp-image-481\" srcset=\"\/sedeta2025\/wp-content\/uploads\/2025\/06\/25_05_05_Presentacio_Tot-vibra_135-1024x683.jpg 1024w, \/sedeta2025\/wp-content\/uploads\/2025\/06\/25_05_05_Presentacio_Tot-vibra_135-300x200.jpg 300w, \/sedeta2025\/wp-content\/uploads\/2025\/06\/25_05_05_Presentacio_Tot-vibra_135-768x512.jpg 768w, \/sedeta2025\/wp-content\/uploads\/2025\/06\/25_05_05_Presentacio_Tot-vibra_135-1536x1024.jpg 1536w\" sizes=\"auto, (max-width: 767px) 89vw, (max-width: 1000px) 54vw, (max-width: 1071px) 543px, 580px\" \/><\/figure>\n\n\n\n<figure class=\"wp-block-image size-large\"><img loading=\"lazy\" decoding=\"async\" width=\"1024\" height=\"683\" data-id=\"483\" src=\"\/sedeta2025\/wp-content\/uploads\/2025\/06\/250507_ER_LaSedeta_Ivonne_070-1024x683.jpg\" alt=\"\" class=\"wp-image-483\" srcset=\"\/sedeta2025\/wp-content\/uploads\/2025\/06\/250507_ER_LaSedeta_Ivonne_070-1024x683.jpg 1024w, \/sedeta2025\/wp-content\/uploads\/2025\/06\/250507_ER_LaSedeta_Ivonne_070-300x200.jpg 300w, \/sedeta2025\/wp-content\/uploads\/2025\/06\/250507_ER_LaSedeta_Ivonne_070-768x512.jpg 768w, \/sedeta2025\/wp-content\/uploads\/2025\/06\/250507_ER_LaSedeta_Ivonne_070-1536x1024.jpg 1536w\" sizes=\"auto, (max-width: 767px) 89vw, (max-width: 1000px) 54vw, (max-width: 1071px) 543px, 580px\" \/><\/figure>\n\n\n\n<figure class=\"wp-block-image size-large\"><img loading=\"lazy\" decoding=\"async\" width=\"1024\" height=\"683\" data-id=\"482\" src=\"\/sedeta2025\/wp-content\/uploads\/2025\/06\/250507_ER_LaSedeta_Ivonne_002-1024x683.jpg\" alt=\"\" class=\"wp-image-482\" srcset=\"\/sedeta2025\/wp-content\/uploads\/2025\/06\/250507_ER_LaSedeta_Ivonne_002-1024x683.jpg 1024w, \/sedeta2025\/wp-content\/uploads\/2025\/06\/250507_ER_LaSedeta_Ivonne_002-300x200.jpg 300w, \/sedeta2025\/wp-content\/uploads\/2025\/06\/250507_ER_LaSedeta_Ivonne_002-768x512.jpg 768w, \/sedeta2025\/wp-content\/uploads\/2025\/06\/250507_ER_LaSedeta_Ivonne_002-1536x1024.jpg 1536w\" sizes=\"auto, (max-width: 767px) 89vw, (max-width: 1000px) 54vw, (max-width: 1071px) 543px, 580px\" \/><\/figure>\n\n\n\n<figure class=\"wp-block-image size-large\"><img loading=\"lazy\" decoding=\"async\" width=\"1024\" height=\"683\" data-id=\"480\" src=\"\/sedeta2025\/wp-content\/uploads\/2025\/06\/25_05_05_Presentacio_Tot-vibra_124-1024x683.jpg\" alt=\"\" class=\"wp-image-480\" srcset=\"\/sedeta2025\/wp-content\/uploads\/2025\/06\/25_05_05_Presentacio_Tot-vibra_124-1024x683.jpg 1024w, \/sedeta2025\/wp-content\/uploads\/2025\/06\/25_05_05_Presentacio_Tot-vibra_124-300x200.jpg 300w, \/sedeta2025\/wp-content\/uploads\/2025\/06\/25_05_05_Presentacio_Tot-vibra_124-768x512.jpg 768w, \/sedeta2025\/wp-content\/uploads\/2025\/06\/25_05_05_Presentacio_Tot-vibra_124-1536x1024.jpg 1536w\" sizes=\"auto, (max-width: 767px) 89vw, (max-width: 1000px) 54vw, (max-width: 1071px) 543px, 580px\" \/><\/figure>\n\n\n\n<figure class=\"wp-block-image size-large\"><img loading=\"lazy\" decoding=\"async\" width=\"1024\" height=\"683\" data-id=\"474\" src=\"\/sedeta2025\/wp-content\/uploads\/2025\/06\/250507_ER_LaSedeta_Ivonne_106-1024x683.jpg\" alt=\"\" class=\"wp-image-474\" srcset=\"\/sedeta2025\/wp-content\/uploads\/2025\/06\/250507_ER_LaSedeta_Ivonne_106-1024x683.jpg 1024w, \/sedeta2025\/wp-content\/uploads\/2025\/06\/250507_ER_LaSedeta_Ivonne_106-300x200.jpg 300w, \/sedeta2025\/wp-content\/uploads\/2025\/06\/250507_ER_LaSedeta_Ivonne_106-768x512.jpg 768w, \/sedeta2025\/wp-content\/uploads\/2025\/06\/250507_ER_LaSedeta_Ivonne_106-1536x1024.jpg 1536w\" sizes=\"auto, (max-width: 767px) 89vw, (max-width: 1000px) 54vw, (max-width: 1071px) 543px, 580px\" \/><\/figure>\n<\/figure>\n","protected":false},"excerpt":{"rendered":"<p>El 5 de maig del 2025 vam inaugurar el nostre projecte Tot vibra, despr\u00e9s de molts mesos de feina, proves, dubtes i descobriments. Durant tot el curs hem estat explorant el so d\u2019una manera diferent. Hem apr\u00e8s que escoltar no \u00e9s nom\u00e9s sentir sons, sin\u00f3 parar atenci\u00f3, estar presents, i fins i tot deixar-nos emocionar &hellip; <\/p>\n<p class=\"link-more\"><a href=\"\/sedeta2025\/inauguracio-tot-vibra\/\" class=\"more-link\">Continua llegint <span class=\"screen-reader-text\">\u00abINAUGURACI\u00d3 TOT VIBRA\u00bb<\/span><\/a><\/p>\n","protected":false},"author":14,"featured_media":0,"comment_status":"open","ping_status":"open","sticky":false,"template":"","format":"standard","meta":{"footnotes":""},"categories":[1],"tags":[],"class_list":["post-460","post","type-post","status-publish","format-standard","hentry","category-general"],"_links":{"self":[{"href":"\/sedeta2025\/wp-json\/wp\/v2\/posts\/460","targetHints":{"allow":["GET"]}}],"collection":[{"href":"\/sedeta2025\/wp-json\/wp\/v2\/posts"}],"about":[{"href":"\/sedeta2025\/wp-json\/wp\/v2\/types\/post"}],"author":[{"embeddable":true,"href":"\/sedeta2025\/wp-json\/wp\/v2\/users\/14"}],"replies":[{"embeddable":true,"href":"\/sedeta2025\/wp-json\/wp\/v2\/comments?post=460"}],"version-history":[{"count":2,"href":"\/sedeta2025\/wp-json\/wp\/v2\/posts\/460\/revisions"}],"predecessor-version":[{"id":486,"href":"\/sedeta2025\/wp-json\/wp\/v2\/posts\/460\/revisions\/486"}],"wp:attachment":[{"href":"\/sedeta2025\/wp-json\/wp\/v2\/media?parent=460"}],"wp:term":[{"taxonomy":"category","embeddable":true,"href":"\/sedeta2025\/wp-json\/wp\/v2\/categories?post=460"},{"taxonomy":"post_tag","embeddable":true,"href":"\/sedeta2025\/wp-json\/wp\/v2\/tags?post=460"}],"curies":[{"name":"wp","href":"https:\/\/api.w.org\/{rel}","templated":true}]}}