{"id":464,"date":"2025-05-21T11:24:56","date_gmt":"2025-05-21T09:24:56","guid":{"rendered":"\/sedeta2025\/?p=464"},"modified":"2025-06-30T10:32:59","modified_gmt":"2025-06-30T08:32:59","slug":"segona-presentacio-tot-vibra","status":"publish","type":"post","link":"\/sedeta2025\/segona-presentacio-tot-vibra\/","title":{"rendered":"Segona presentaci\u00f3 TOT VIBRA"},"content":{"rendered":"\n<p class=\"wp-block-paragraph\">El dimecres 7 de maig vam presentar per segona vegada la nostra obra \u201cTot Vibra\u201d juntament amb l\u2019Ivonne Villamil. En aquesta segona presentaci\u00f3 van assistir-hi diferents membres del projecte &#8216;Artistes En Resid\u00e8ncia&#8217;. En primer lloc, vam introduir el projecte a tothom que hi havia present, perqu\u00e8 sabessin una mica m\u00e9s sobre quina \u00e9s la nostra proposta abans d&#8217;endinsar-se en l&#8217;espai. Despr\u00e9s el p\u00fablic va passar per cada sala per gaudir l&#8217;experi\u00e8ncia que cadascuna proporcionava. Comen\u00e7ant per una \u201cperformance\u201d en directe, projectant imatges meteorol\u00f2giques simult\u00e0niament amb dibuixos que haviem creat amb collage seguint les representacions d&#8217;elements com els vents i les corrents de l&#8217;aigua. La segona performance va ser llegir textos sobre les emocions vinculats a l\u2019aigua i els fen\u00f2mens atmosf\u00e8rics. Eren textos en diferents lleng\u00fces tant de creaci\u00f3 pr\u00f2pia com extrets de prediccions meteorol\u00f2giques, o contes.\u00a0<\/p>\n\n\n\n<p class=\"wp-block-paragraph\">Per acabar, vam convidar el p\u00fablic a fer un recorregut sonor que hav\u00edem preparat per l\u2019exterior del Convent anomenat \u2018sonic maps\u2019, que consisteix en uns \u00e0udios geolocalitzats en diferents idiomes que recullen diferents postals sonores que hem preparat al llarg del proc\u00e9s.<\/p>\n\n\n\n<figure class=\"wp-block-gallery has-nested-images columns-default is-cropped wp-block-gallery-1 is-layout-flex wp-block-gallery-is-layout-flex\">\n<figure class=\"wp-block-image size-large\"><img loading=\"lazy\" decoding=\"async\" width=\"1024\" height=\"683\" data-id=\"466\" src=\"\/sedeta2025\/wp-content\/uploads\/2025\/06\/25_05_05_Presentacio_Tot-vibra_149-1024x683.jpg\" alt=\"\" class=\"wp-image-466\" srcset=\"\/sedeta2025\/wp-content\/uploads\/2025\/06\/25_05_05_Presentacio_Tot-vibra_149-1024x683.jpg 1024w, \/sedeta2025\/wp-content\/uploads\/2025\/06\/25_05_05_Presentacio_Tot-vibra_149-300x200.jpg 300w, \/sedeta2025\/wp-content\/uploads\/2025\/06\/25_05_05_Presentacio_Tot-vibra_149-768x512.jpg 768w, \/sedeta2025\/wp-content\/uploads\/2025\/06\/25_05_05_Presentacio_Tot-vibra_149-1536x1024.jpg 1536w\" sizes=\"auto, (max-width: 767px) 89vw, (max-width: 1000px) 54vw, (max-width: 1071px) 543px, 580px\" \/><\/figure>\n\n\n\n<figure class=\"wp-block-image size-large\"><img loading=\"lazy\" decoding=\"async\" width=\"1024\" height=\"683\" data-id=\"465\" src=\"\/sedeta2025\/wp-content\/uploads\/2025\/06\/25_05_05_Presentacio_Tot-vibra_81-1024x683.jpg\" alt=\"\" class=\"wp-image-465\" srcset=\"\/sedeta2025\/wp-content\/uploads\/2025\/06\/25_05_05_Presentacio_Tot-vibra_81-1024x683.jpg 1024w, \/sedeta2025\/wp-content\/uploads\/2025\/06\/25_05_05_Presentacio_Tot-vibra_81-300x200.jpg 300w, \/sedeta2025\/wp-content\/uploads\/2025\/06\/25_05_05_Presentacio_Tot-vibra_81-768x512.jpg 768w, \/sedeta2025\/wp-content\/uploads\/2025\/06\/25_05_05_Presentacio_Tot-vibra_81-1536x1024.jpg 1536w\" sizes=\"auto, (max-width: 767px) 89vw, (max-width: 1000px) 54vw, (max-width: 1071px) 543px, 580px\" \/><\/figure>\n\n\n\n<figure class=\"wp-block-image size-large\"><img loading=\"lazy\" decoding=\"async\" width=\"1024\" height=\"683\" data-id=\"462\" src=\"\/sedeta2025\/wp-content\/uploads\/2025\/06\/25_05_05_Presentacio_Tot-vibra_111-1024x683.jpg\" alt=\"\" class=\"wp-image-462\" srcset=\"\/sedeta2025\/wp-content\/uploads\/2025\/06\/25_05_05_Presentacio_Tot-vibra_111-1024x683.jpg 1024w, \/sedeta2025\/wp-content\/uploads\/2025\/06\/25_05_05_Presentacio_Tot-vibra_111-300x200.jpg 300w, \/sedeta2025\/wp-content\/uploads\/2025\/06\/25_05_05_Presentacio_Tot-vibra_111-768x512.jpg 768w, \/sedeta2025\/wp-content\/uploads\/2025\/06\/25_05_05_Presentacio_Tot-vibra_111-1536x1024.jpg 1536w\" sizes=\"auto, (max-width: 767px) 89vw, (max-width: 1000px) 54vw, (max-width: 1071px) 543px, 580px\" \/><\/figure>\n\n\n\n<figure class=\"wp-block-image size-large\"><img loading=\"lazy\" decoding=\"async\" width=\"1024\" height=\"683\" data-id=\"461\" src=\"\/sedeta2025\/wp-content\/uploads\/2025\/06\/250507_ER_LaSedeta_Ivonne_013-1024x683.jpg\" alt=\"\" class=\"wp-image-461\" srcset=\"\/sedeta2025\/wp-content\/uploads\/2025\/06\/250507_ER_LaSedeta_Ivonne_013-1024x683.jpg 1024w, \/sedeta2025\/wp-content\/uploads\/2025\/06\/250507_ER_LaSedeta_Ivonne_013-300x200.jpg 300w, \/sedeta2025\/wp-content\/uploads\/2025\/06\/250507_ER_LaSedeta_Ivonne_013-768x512.jpg 768w, \/sedeta2025\/wp-content\/uploads\/2025\/06\/250507_ER_LaSedeta_Ivonne_013-1536x1024.jpg 1536w\" sizes=\"auto, (max-width: 767px) 89vw, (max-width: 1000px) 54vw, (max-width: 1071px) 543px, 580px\" \/><\/figure>\n\n\n\n<figure class=\"wp-block-image size-large\"><img loading=\"lazy\" decoding=\"async\" width=\"1024\" height=\"576\" data-id=\"467\" src=\"\/sedeta2025\/wp-content\/uploads\/2025\/06\/2425_EnResidencia_LaSedeta_Ivonne_cam2_067.00_00_04_08.Imagen-fija002-1024x576.jpg\" alt=\"\" class=\"wp-image-467\" srcset=\"\/sedeta2025\/wp-content\/uploads\/2025\/06\/2425_EnResidencia_LaSedeta_Ivonne_cam2_067.00_00_04_08.Imagen-fija002-1024x576.jpg 1024w, \/sedeta2025\/wp-content\/uploads\/2025\/06\/2425_EnResidencia_LaSedeta_Ivonne_cam2_067.00_00_04_08.Imagen-fija002-300x169.jpg 300w, \/sedeta2025\/wp-content\/uploads\/2025\/06\/2425_EnResidencia_LaSedeta_Ivonne_cam2_067.00_00_04_08.Imagen-fija002-768x432.jpg 768w, \/sedeta2025\/wp-content\/uploads\/2025\/06\/2425_EnResidencia_LaSedeta_Ivonne_cam2_067.00_00_04_08.Imagen-fija002-1536x864.jpg 1536w, \/sedeta2025\/wp-content\/uploads\/2025\/06\/2425_EnResidencia_LaSedeta_Ivonne_cam2_067.00_00_04_08.Imagen-fija002.jpg 1920w\" sizes=\"auto, (max-width: 767px) 89vw, (max-width: 1000px) 54vw, (max-width: 1071px) 543px, 580px\" \/><\/figure>\n\n\n\n<figure class=\"wp-block-image size-large\"><img loading=\"lazy\" decoding=\"async\" width=\"1024\" height=\"576\" data-id=\"468\" src=\"\/sedeta2025\/wp-content\/uploads\/2025\/06\/2425_EnResidencia_LaSedeta_Ivonne_cam2_067.00_00_05_16.Imagen-fija001-1024x576.jpg\" alt=\"\" class=\"wp-image-468\" srcset=\"\/sedeta2025\/wp-content\/uploads\/2025\/06\/2425_EnResidencia_LaSedeta_Ivonne_cam2_067.00_00_05_16.Imagen-fija001-1024x576.jpg 1024w, \/sedeta2025\/wp-content\/uploads\/2025\/06\/2425_EnResidencia_LaSedeta_Ivonne_cam2_067.00_00_05_16.Imagen-fija001-300x169.jpg 300w, \/sedeta2025\/wp-content\/uploads\/2025\/06\/2425_EnResidencia_LaSedeta_Ivonne_cam2_067.00_00_05_16.Imagen-fija001-768x432.jpg 768w, \/sedeta2025\/wp-content\/uploads\/2025\/06\/2425_EnResidencia_LaSedeta_Ivonne_cam2_067.00_00_05_16.Imagen-fija001-1536x864.jpg 1536w, \/sedeta2025\/wp-content\/uploads\/2025\/06\/2425_EnResidencia_LaSedeta_Ivonne_cam2_067.00_00_05_16.Imagen-fija001.jpg 1920w\" sizes=\"auto, (max-width: 767px) 89vw, (max-width: 1000px) 54vw, (max-width: 1071px) 543px, 580px\" \/><\/figure>\n\n\n\n<figure class=\"wp-block-image size-large\"><img loading=\"lazy\" decoding=\"async\" width=\"1024\" height=\"576\" data-id=\"469\" src=\"\/sedeta2025\/wp-content\/uploads\/2025\/06\/2425_EnResidencia_LaSedeta_Ivonne_cam2_067.00_00_06_05.Imagen-fija004-1024x576.jpg\" alt=\"\" class=\"wp-image-469\" srcset=\"\/sedeta2025\/wp-content\/uploads\/2025\/06\/2425_EnResidencia_LaSedeta_Ivonne_cam2_067.00_00_06_05.Imagen-fija004-1024x576.jpg 1024w, \/sedeta2025\/wp-content\/uploads\/2025\/06\/2425_EnResidencia_LaSedeta_Ivonne_cam2_067.00_00_06_05.Imagen-fija004-300x169.jpg 300w, \/sedeta2025\/wp-content\/uploads\/2025\/06\/2425_EnResidencia_LaSedeta_Ivonne_cam2_067.00_00_06_05.Imagen-fija004-768x432.jpg 768w, \/sedeta2025\/wp-content\/uploads\/2025\/06\/2425_EnResidencia_LaSedeta_Ivonne_cam2_067.00_00_06_05.Imagen-fija004-1536x864.jpg 1536w, \/sedeta2025\/wp-content\/uploads\/2025\/06\/2425_EnResidencia_LaSedeta_Ivonne_cam2_067.00_00_06_05.Imagen-fija004.jpg 1920w\" sizes=\"auto, (max-width: 767px) 89vw, (max-width: 1000px) 54vw, (max-width: 1071px) 543px, 580px\" \/><\/figure>\n\n\n\n<figure class=\"wp-block-image size-large\"><img loading=\"lazy\" decoding=\"async\" width=\"1024\" height=\"576\" data-id=\"470\" src=\"\/sedeta2025\/wp-content\/uploads\/2025\/06\/2425_EnResidencia_LaSedeta_Ivonne_cam2_067.00_00_12_18.Imagen-fija003-1024x576.jpg\" alt=\"\" class=\"wp-image-470\" srcset=\"\/sedeta2025\/wp-content\/uploads\/2025\/06\/2425_EnResidencia_LaSedeta_Ivonne_cam2_067.00_00_12_18.Imagen-fija003-1024x576.jpg 1024w, \/sedeta2025\/wp-content\/uploads\/2025\/06\/2425_EnResidencia_LaSedeta_Ivonne_cam2_067.00_00_12_18.Imagen-fija003-300x169.jpg 300w, \/sedeta2025\/wp-content\/uploads\/2025\/06\/2425_EnResidencia_LaSedeta_Ivonne_cam2_067.00_00_12_18.Imagen-fija003-768x432.jpg 768w, \/sedeta2025\/wp-content\/uploads\/2025\/06\/2425_EnResidencia_LaSedeta_Ivonne_cam2_067.00_00_12_18.Imagen-fija003-1536x864.jpg 1536w, \/sedeta2025\/wp-content\/uploads\/2025\/06\/2425_EnResidencia_LaSedeta_Ivonne_cam2_067.00_00_12_18.Imagen-fija003.jpg 1920w\" sizes=\"auto, (max-width: 767px) 89vw, (max-width: 1000px) 54vw, (max-width: 1071px) 543px, 580px\" \/><\/figure>\n\n\n\n<figure class=\"wp-block-image size-large\"><img loading=\"lazy\" decoding=\"async\" width=\"1024\" height=\"576\" data-id=\"471\" src=\"\/sedeta2025\/wp-content\/uploads\/2025\/06\/2425_EnResidencia_LaSedeta_Ivonne_cam2_067.00_00_26_17.Imagen-fija005-1024x576.jpg\" alt=\"\" class=\"wp-image-471\" srcset=\"\/sedeta2025\/wp-content\/uploads\/2025\/06\/2425_EnResidencia_LaSedeta_Ivonne_cam2_067.00_00_26_17.Imagen-fija005-1024x576.jpg 1024w, \/sedeta2025\/wp-content\/uploads\/2025\/06\/2425_EnResidencia_LaSedeta_Ivonne_cam2_067.00_00_26_17.Imagen-fija005-300x169.jpg 300w, \/sedeta2025\/wp-content\/uploads\/2025\/06\/2425_EnResidencia_LaSedeta_Ivonne_cam2_067.00_00_26_17.Imagen-fija005-768x432.jpg 768w, \/sedeta2025\/wp-content\/uploads\/2025\/06\/2425_EnResidencia_LaSedeta_Ivonne_cam2_067.00_00_26_17.Imagen-fija005-1536x864.jpg 1536w, \/sedeta2025\/wp-content\/uploads\/2025\/06\/2425_EnResidencia_LaSedeta_Ivonne_cam2_067.00_00_26_17.Imagen-fija005.jpg 1920w\" sizes=\"auto, (max-width: 767px) 89vw, (max-width: 1000px) 54vw, (max-width: 1071px) 543px, 580px\" \/><\/figure>\n<\/figure>\n","protected":false},"excerpt":{"rendered":"<p>El dimecres 7 de maig vam presentar per segona vegada la nostra obra \u201cTot Vibra\u201d juntament amb l\u2019Ivonne Villamil. En aquesta segona presentaci\u00f3 van assistir-hi diferents membres del projecte &#8216;Artistes En Resid\u00e8ncia&#8217;. En primer lloc, vam introduir el projecte a tothom que hi havia present, perqu\u00e8 sabessin una mica m\u00e9s sobre quina \u00e9s la nostra &hellip; <\/p>\n<p class=\"link-more\"><a href=\"\/sedeta2025\/segona-presentacio-tot-vibra\/\" class=\"more-link\">Continua llegint <span class=\"screen-reader-text\">\u00abSegona presentaci\u00f3 TOT VIBRA\u00bb<\/span><\/a><\/p>\n","protected":false},"author":14,"featured_media":0,"comment_status":"open","ping_status":"open","sticky":false,"template":"","format":"standard","meta":{"footnotes":""},"categories":[1],"tags":[],"class_list":["post-464","post","type-post","status-publish","format-standard","hentry","category-general"],"_links":{"self":[{"href":"\/sedeta2025\/wp-json\/wp\/v2\/posts\/464","targetHints":{"allow":["GET"]}}],"collection":[{"href":"\/sedeta2025\/wp-json\/wp\/v2\/posts"}],"about":[{"href":"\/sedeta2025\/wp-json\/wp\/v2\/types\/post"}],"author":[{"embeddable":true,"href":"\/sedeta2025\/wp-json\/wp\/v2\/users\/14"}],"replies":[{"embeddable":true,"href":"\/sedeta2025\/wp-json\/wp\/v2\/comments?post=464"}],"version-history":[{"count":1,"href":"\/sedeta2025\/wp-json\/wp\/v2\/posts\/464\/revisions"}],"predecessor-version":[{"id":476,"href":"\/sedeta2025\/wp-json\/wp\/v2\/posts\/464\/revisions\/476"}],"wp:attachment":[{"href":"\/sedeta2025\/wp-json\/wp\/v2\/media?parent=464"}],"wp:term":[{"taxonomy":"category","embeddable":true,"href":"\/sedeta2025\/wp-json\/wp\/v2\/categories?post=464"},{"taxonomy":"post_tag","embeddable":true,"href":"\/sedeta2025\/wp-json\/wp\/v2\/tags?post=464"}],"curies":[{"name":"wp","href":"https:\/\/api.w.org\/{rel}","templated":true}]}}