{"id":488,"date":"2025-05-27T10:43:56","date_gmt":"2025-05-27T08:43:56","guid":{"rendered":"\/sedeta2025\/?p=488"},"modified":"2025-06-30T10:33:16","modified_gmt":"2025-06-30T08:33:16","slug":"tot-vibra","status":"publish","type":"post","link":"\/sedeta2025\/tot-vibra\/","title":{"rendered":"Tot vibra"},"content":{"rendered":"\n<p class=\"wp-block-paragraph\">Compartim un recull de la instal\u00b7laci\u00f3 sonora i performativa que vam crear amb l&#8217;Ivonne Villamil, anomenada &#8216;Tot vibra&#8217; a l&#8217;Espai Capelles del Convent de Sant Agust\u00ed!!<\/p>\n\n\n\n<p class=\"wp-block-paragraph\">Fins el 14 d&#8217;agost podeu gaudir del recorregut sonor per l&#8217;exterior del Convent de Sant Agust\u00ed! El podeu transitar tant caminant pels entorns del claustre com a dist\u00e0ncia a trav\u00e9s d&#8217;aquest enlla\u00e7: <a href=\"https:\/\/sonicmaps.xyz\/player\/?p=1529\">https:\/\/sonicmaps.xyz\/player\/?p=1529<\/a><\/p>\n\n\n\n<figure class=\"wp-block-embed is-type-video is-provider-vimeo wp-block-embed-vimeo wp-embed-aspect-16-9 wp-has-aspect-ratio\"><div class=\"wp-block-embed__wrapper\">\n<iframe loading=\"lazy\" title=\"&#039;Tot vibra&#039; Ivonne Villamil EN RESiD\u00c8NCiA a l&#039;Institut La Sedeta\" src=\"https:\/\/player.vimeo.com\/video\/1094658087?dnt=1&amp;app_id=122963\" width=\"525\" height=\"295\" frameborder=\"0\" allow=\"autoplay; fullscreen; picture-in-picture; clipboard-write; encrypted-media; web-share\"><\/iframe>\n<\/div><\/figure>\n","protected":false},"excerpt":{"rendered":"<p>Compartim un recull de la instal\u00b7laci\u00f3 sonora i performativa que vam crear amb l&#8217;Ivonne Villamil, anomenada &#8216;Tot vibra&#8217; a l&#8217;Espai Capelles del Convent de Sant Agust\u00ed!! Fins el 14 d&#8217;agost podeu gaudir del recorregut sonor per l&#8217;exterior del Convent de Sant Agust\u00ed! El podeu transitar tant caminant pels entorns del claustre com a dist\u00e0ncia a &hellip; <\/p>\n<p class=\"link-more\"><a href=\"\/sedeta2025\/tot-vibra\/\" class=\"more-link\">Continua llegint <span class=\"screen-reader-text\">\u00abTot vibra\u00bb<\/span><\/a><\/p>\n","protected":false},"author":14,"featured_media":0,"comment_status":"open","ping_status":"open","sticky":false,"template":"","format":"standard","meta":{"footnotes":""},"categories":[1],"tags":[],"class_list":["post-488","post","type-post","status-publish","format-standard","hentry","category-general"],"_links":{"self":[{"href":"\/sedeta2025\/wp-json\/wp\/v2\/posts\/488","targetHints":{"allow":["GET"]}}],"collection":[{"href":"\/sedeta2025\/wp-json\/wp\/v2\/posts"}],"about":[{"href":"\/sedeta2025\/wp-json\/wp\/v2\/types\/post"}],"author":[{"embeddable":true,"href":"\/sedeta2025\/wp-json\/wp\/v2\/users\/14"}],"replies":[{"embeddable":true,"href":"\/sedeta2025\/wp-json\/wp\/v2\/comments?post=488"}],"version-history":[{"count":1,"href":"\/sedeta2025\/wp-json\/wp\/v2\/posts\/488\/revisions"}],"predecessor-version":[{"id":489,"href":"\/sedeta2025\/wp-json\/wp\/v2\/posts\/488\/revisions\/489"}],"wp:attachment":[{"href":"\/sedeta2025\/wp-json\/wp\/v2\/media?parent=488"}],"wp:term":[{"taxonomy":"category","embeddable":true,"href":"\/sedeta2025\/wp-json\/wp\/v2\/categories?post=488"},{"taxonomy":"post_tag","embeddable":true,"href":"\/sedeta2025\/wp-json\/wp\/v2\/tags?post=488"}],"curies":[{"name":"wp","href":"https:\/\/api.w.org\/{rel}","templated":true}]}}