{"id":490,"date":"2025-06-09T11:48:05","date_gmt":"2025-06-09T09:48:05","guid":{"rendered":"\/sedeta2025\/?p=490"},"modified":"2025-06-30T10:34:40","modified_gmt":"2025-06-30T08:34:40","slug":"recopilacio-de-textos-entorn-dels-fenomens-atmosferics-laigua-i-el-seu-vincle-amb-les-emocions","status":"publish","type":"post","link":"\/sedeta2025\/recopilacio-de-textos-entorn-dels-fenomens-atmosferics-laigua-i-el-seu-vincle-amb-les-emocions\/","title":{"rendered":"Recopilaci\u00f3 de textos entorn dels fen\u00f2mens atmosf\u00e8rics, l\u2019aigua i el seu vincle amb les emocions"},"content":{"rendered":"\n<p class=\"wp-block-paragraph\">Recull de textos que vam llegir en directe, inspirant-nos en la lectura pr\u00f2pia de la poesia, en un dels espais que conformava la nostra instal\u00b7laci\u00f3 &#8216;Tot vibra&#8217;.<\/p>\n\n\n\n<p class=\"wp-block-paragraph\">\u00ab&nbsp;L&#8217;aigua i la calma habita en nosaltres. Hi ha alguna cosa de l&#8217;aigua que no es pot explicar del tot, per\u00f2 l&#8217;\u00e0nima ho reconeix. Una sensaci\u00f3 que no arriba pel pensament, sin\u00f3 per una cosa m\u00e9s antiga, m\u00e9s \u00edntima. La mem\u00f2ria del cos i de l\u2019esperit. Davant de l&#8217;aigua, el cor deixa d&#8217;esgotar-se, el so t\u00e8nue d&#8217;un corrent, el vaiv\u00e9 pausat d&#8217;una onada. La car\u00edcia d&#8217;una brisa sobre un llac tranquil. Tot sembla dir-nos; est\u00e0s fora de perill, pots deixar anar. L&#8217;aigua ens calma perqu\u00e8 no exigeix. Nom\u00e9s ens convida a sentir, i en el fet de sentir tornem a nosaltres mateixos. S&#8217;apaguen els sorolls del m\u00f3n i all\u00f2 que semblava urgent es torna lluny\u00e0. Sorgeix una tendresa cap al que \u00e9s simple, una nost\u00e0lgia sense tristesa, com si l&#8217;\u00e0nima record\u00e9s que sempre va ser part d&#8217;una cosa m\u00e9s basta i m\u00e9s quieta. La calma de l&#8217;aigua no \u00e9s nom\u00e9s una emoci\u00f3, \u00e9s una veritat profunda que oblidem sovint. Que pot ser suau i tot i aix\u00ed tenir una for\u00e7a immensa. \u00bb<\/p>\n\n\n\n<p class=\"wp-block-paragraph\">\u00ab&nbsp;Cuando el agua mira tu coraz\u00f3n no solo susurra, siente contigo, escucha tu cansancio sin hacer preguntas y limpia lo que no se ve. No es tranquila porque sea d\u00e9bil, sino porque ha entendido la vida mejor que t\u00fa y que yo. Sabe que las cosas pesadas se hunden cuando resisten, y flotan cuando se rinden con suavidad. Cuando te sientas frente a ella sientes que el tiempo se detiene, y que el coraz\u00f3n vuelve a su primer latido. Sin miedo, sin aparentar. El agua no juzga, no compara, no exige, solo abraza. Y ah\u00ed en la profundidad de su silencio nos descubrimos de nuevo. \u00bb<\/p>\n\n\n\n<p class=\"wp-block-paragraph\"><strong><em>bassetes<\/em><\/strong><\/p>\n\n\n\n<p class=\"wp-block-paragraph\">N\u00favols petits i regulars que formen com un empedrat al cel. \u201cBassetes al cel, pastetes a &nbsp;terra\u201d.<\/p>\n\n\n\n<p class=\"wp-block-paragraph\"><strong><em>castelleres<\/em><\/strong><\/p>\n\n\n\n<p class=\"wp-block-paragraph\">N\u00favols apinyats, com cot\u00f3 fluix. Si creixen de pressa assenyalen tempesta. \u201cPel Pedraforca, encara clar, s&#8217;alcen ben aviat grosses castelleres de bromes\u201d<\/p>\n\n\n\n<p class=\"wp-block-paragraph\"><strong><em>llegany<\/em><\/strong><\/p>\n\n\n\n<p class=\"wp-block-paragraph\">Nuvolet situat davant del sol. No est\u00e0 r\u00fafol ni ser\u00e8 del tot. Propi de la Cerdanya, Camp de Tarragona, Conca de Barber\u00e0, Barcelona, Mallorca, la Pobla de Lillet, Cardona, Solsona.<\/p>\n\n\n\n<p class=\"wp-block-paragraph\"><strong><em>dos sols<\/em><\/strong><\/p>\n\n\n\n<p class=\"wp-block-paragraph\">Mig n\u00favol. \u201cAvui hi ha dos sols\u201d. Efecte \u00f2ptic que fan els n\u00favols, quan se situa un<\/p>\n\n\n\n<p class=\"wp-block-paragraph\">llegany davant del sol i sembla que se\u2019n veuen dos. Indica canvi de temps.&nbsp;<\/p>\n\n\n\n<p class=\"wp-block-paragraph\"><strong><em>bombolles o butllofes. <\/em><\/strong>Globus d\u2019aire que es forma a la superf\u00edcie dels bassals quan plou, per l\u2019acci\u00f3 de les gotes de pluja; designa que plour\u00e0 molt.<\/p>\n\n\n\n<p class=\"wp-block-paragraph\"><strong><em>pluja d\u2019estels<\/em><\/strong><\/p>\n\n\n\n<p class=\"wp-block-paragraph\">Fenomen observat algunes nits d\u2019agost. Antigament deien \u201cSenyals al cel, treballs a la terra\u201d quan apareixia la pluja d\u2019estels.<\/p>\n\n\n\n<p class=\"wp-block-paragraph\">\u00ab Una vegada hi havia un poble que cada hivern es cobria de gel. Per\u00f2 aquell any la gla\u00e7ada no venia del cel sin\u00f3 de la terra. Els habitants havien deixat de mirar-se als ulls. L\u2019enveja pels \u00e8xits dels altres, pels camps m\u00e9s f\u00e8rtils, pels fills m\u00e9s savis, havien congelat els ponts que els unien. Fins que un nen, sense saber-ho, va escriure amb el dit sobre una finestra entelada; \u201cel teu somni no \u00e9s el teu frac\u00e0s\u201d. I aquell dia el sol va comen\u00e7ar a fondre la gelor. Un front fred travessa el cel del cor, les baixes pressions fan tremolar les emocions, el vent de l\u2019enveja bufa del nord arrossegant mirades gelades i silencis densos. Les previsions indiquen precipitacions de pensaments t\u00f2xics sobre el pas del sol de la comprensi\u00f3. \u00bb<\/p>\n\n\n\n<p class=\"wp-block-paragraph\">\u00ab Buenos d\u00edas. Comenzamos este jueves con una jornada radiante en gran parte del territorio. Durante la madrugada ha llovido suavemente, dejando el ambiente limpio, fresco y lleno de aromas. La tierra mojada, las hojas nuevas, la vida. Las temperaturas oscilar\u00e1n entre los 20-25 grados. Con una humedad agradable que da una sensaci\u00f3n primaveral, incluso en pleno abril. En las zonas monta\u00f1osas la niebla se va retirando poco a poco, dejando paso a paisajes cubiertos de roc\u00edo brillante, como si la naturaleza hubiera despertado sonriendo. En las costas el mar est\u00e1 tranquilo, salpicando con ritmo lento y alegre. Algunas nubes blancas decoran el cielo sin amenaza de tormenta, como si quisieran acompa\u00f1ar al sol sin taparlo. Una brisa suave mover\u00e1 las ramas de los \u00e1rboles y todo indica que ser\u00e1 un d\u00eda ideal para pasear. Dejarse acariciar por el aire h\u00famedo y disfrutar el agua en todas sus formas. En el vaso fr\u00edo del desayuno, las gotas que cuelgan de los balcones o en ese peque\u00f1o charco que refleja un pedazo de cielo. Pero s\u00ed, porque s\u00ed. Hoy el tiempo sonr\u00ede.\u00bb&nbsp;<\/p>\n\n\n\n<p class=\"wp-block-paragraph\">\u00ab El gel que encongeix el cor en les profunditats de l\u2019\u00e0nima. Hi ha un llac gla\u00e7at on les emocions es congelen i el dolor es fa palpable, com un bloc de gel que encongeix el cor i el fa sentir que no pot respirar. La p\u00e8rfida del gel, emmascara el terror que et fa sentir que est\u00e0s a punt de caure en un abisme sense fons, on les ones de la por et fan sentir que no tens enlloc on agafar-te. Per\u00f2 enmig del gel hi ha una llum que brilla, una llum que et fa recordar que encara hi ha esperan\u00e7a, que encara pots trobar la for\u00e7a per sortir del llac gla\u00e7at que et t\u00e9 atrapat.&nbsp;\u00bb<\/p>\n\n\n\n<p class=\"wp-block-paragraph\">Textos elaborats pels alumnes i extrets d\u2019internet i dels articles \u2018<em>Els noms populars de n\u00favols, boires i vents a Viver, Serrateix i Sant Joan de Montdarn\u2019<\/em>, de Maria Estruch (2010), i \u00a0\u2018<em>Les aig\u00fces subterr\u00e0nies, el recurs invisible i alhora imprescindible\u2019<\/em>, de l\u2019Ag\u00e8ncia catalana de l\u2019aigua (2022).<\/p>\n\n\n\n<p class=\"wp-block-paragraph\"><\/p>\n\n\n\n<figure class=\"wp-block-gallery has-nested-images columns-default is-cropped wp-block-gallery-1 is-layout-flex wp-block-gallery-is-layout-flex\">\n<figure class=\"wp-block-image size-large\"><img loading=\"lazy\" decoding=\"async\" width=\"1024\" height=\"683\" data-id=\"477\" src=\"\/sedeta2025\/wp-content\/uploads\/2025\/06\/25_05_05_Presentacio_Tot-vibra_68-1024x683.jpg\" alt=\"\" class=\"wp-image-477\" srcset=\"\/sedeta2025\/wp-content\/uploads\/2025\/06\/25_05_05_Presentacio_Tot-vibra_68-1024x683.jpg 1024w, \/sedeta2025\/wp-content\/uploads\/2025\/06\/25_05_05_Presentacio_Tot-vibra_68-300x200.jpg 300w, \/sedeta2025\/wp-content\/uploads\/2025\/06\/25_05_05_Presentacio_Tot-vibra_68-768x512.jpg 768w, \/sedeta2025\/wp-content\/uploads\/2025\/06\/25_05_05_Presentacio_Tot-vibra_68-1536x1024.jpg 1536w\" sizes=\"auto, (max-width: 767px) 89vw, (max-width: 1000px) 54vw, (max-width: 1071px) 543px, 580px\" \/><\/figure>\n\n\n\n<figure class=\"wp-block-image size-large\"><img loading=\"lazy\" decoding=\"async\" width=\"1024\" height=\"683\" data-id=\"483\" src=\"\/sedeta2025\/wp-content\/uploads\/2025\/06\/250507_ER_LaSedeta_Ivonne_070-1024x683.jpg\" alt=\"\" class=\"wp-image-483\" srcset=\"\/sedeta2025\/wp-content\/uploads\/2025\/06\/250507_ER_LaSedeta_Ivonne_070-1024x683.jpg 1024w, \/sedeta2025\/wp-content\/uploads\/2025\/06\/250507_ER_LaSedeta_Ivonne_070-300x200.jpg 300w, \/sedeta2025\/wp-content\/uploads\/2025\/06\/250507_ER_LaSedeta_Ivonne_070-768x512.jpg 768w, \/sedeta2025\/wp-content\/uploads\/2025\/06\/250507_ER_LaSedeta_Ivonne_070-1536x1024.jpg 1536w\" sizes=\"auto, (max-width: 767px) 89vw, (max-width: 1000px) 54vw, (max-width: 1071px) 543px, 580px\" \/><\/figure>\n\n\n\n<figure class=\"wp-block-image size-large\"><img loading=\"lazy\" decoding=\"async\" width=\"1024\" height=\"683\" data-id=\"485\" src=\"\/sedeta2025\/wp-content\/uploads\/2025\/06\/250507_ER_LaSedeta_Ivonne_125-1024x683.jpg\" alt=\"\" class=\"wp-image-485\" srcset=\"\/sedeta2025\/wp-content\/uploads\/2025\/06\/250507_ER_LaSedeta_Ivonne_125-1024x683.jpg 1024w, \/sedeta2025\/wp-content\/uploads\/2025\/06\/250507_ER_LaSedeta_Ivonne_125-300x200.jpg 300w, \/sedeta2025\/wp-content\/uploads\/2025\/06\/250507_ER_LaSedeta_Ivonne_125-768x512.jpg 768w, \/sedeta2025\/wp-content\/uploads\/2025\/06\/250507_ER_LaSedeta_Ivonne_125-1536x1024.jpg 1536w\" sizes=\"auto, (max-width: 767px) 89vw, (max-width: 1000px) 54vw, (max-width: 1071px) 543px, 580px\" \/><\/figure>\n<\/figure>\n","protected":false},"excerpt":{"rendered":"<p>Recull de textos que vam llegir en directe, inspirant-nos en la lectura pr\u00f2pia de la poesia, en un dels espais que conformava la nostra instal\u00b7laci\u00f3 &#8216;Tot vibra&#8217;. \u00ab&nbsp;L&#8217;aigua i la calma habita en nosaltres. Hi ha alguna cosa de l&#8217;aigua que no es pot explicar del tot, per\u00f2 l&#8217;\u00e0nima ho reconeix. Una sensaci\u00f3 que no &hellip; <\/p>\n<p class=\"link-more\"><a href=\"\/sedeta2025\/recopilacio-de-textos-entorn-dels-fenomens-atmosferics-laigua-i-el-seu-vincle-amb-les-emocions\/\" class=\"more-link\">Continua llegint <span class=\"screen-reader-text\">\u00abRecopilaci\u00f3 de textos entorn dels fen\u00f2mens atmosf\u00e8rics, l\u2019aigua i el seu vincle amb les emocions\u00bb<\/span><\/a><\/p>\n","protected":false},"author":14,"featured_media":0,"comment_status":"open","ping_status":"open","sticky":false,"template":"","format":"standard","meta":{"footnotes":""},"categories":[1],"tags":[],"class_list":["post-490","post","type-post","status-publish","format-standard","hentry","category-general"],"_links":{"self":[{"href":"\/sedeta2025\/wp-json\/wp\/v2\/posts\/490","targetHints":{"allow":["GET"]}}],"collection":[{"href":"\/sedeta2025\/wp-json\/wp\/v2\/posts"}],"about":[{"href":"\/sedeta2025\/wp-json\/wp\/v2\/types\/post"}],"author":[{"embeddable":true,"href":"\/sedeta2025\/wp-json\/wp\/v2\/users\/14"}],"replies":[{"embeddable":true,"href":"\/sedeta2025\/wp-json\/wp\/v2\/comments?post=490"}],"version-history":[{"count":3,"href":"\/sedeta2025\/wp-json\/wp\/v2\/posts\/490\/revisions"}],"predecessor-version":[{"id":505,"href":"\/sedeta2025\/wp-json\/wp\/v2\/posts\/490\/revisions\/505"}],"wp:attachment":[{"href":"\/sedeta2025\/wp-json\/wp\/v2\/media?parent=490"}],"wp:term":[{"taxonomy":"category","embeddable":true,"href":"\/sedeta2025\/wp-json\/wp\/v2\/categories?post=490"},{"taxonomy":"post_tag","embeddable":true,"href":"\/sedeta2025\/wp-json\/wp\/v2\/tags?post=490"}],"curies":[{"name":"wp","href":"https:\/\/api.w.org\/{rel}","templated":true}]}}