{"id":506,"date":"2025-06-19T12:15:50","date_gmt":"2025-06-19T10:15:50","guid":{"rendered":"\/sedeta2025\/?p=506"},"modified":"2025-06-19T12:15:50","modified_gmt":"2025-06-19T10:15:50","slug":"arxius-sonors-tot-vibra","status":"publish","type":"post","link":"\/sedeta2025\/arxius-sonors-tot-vibra\/","title":{"rendered":"Arxius sonors &#8216;Tot vibra&#8217;"},"content":{"rendered":"\n<p class=\"wp-block-paragraph\">Composicions sonores de la instal\u00b7laci\u00f3 &#8216;Tot vibra&#8217; amb enregistraments de textos a partir dels fenomens atmosf\u00e8rics llegits en directe en la instal\u00b7laci\u00f3 i postals sonores elaborades pels alumnes a partir dels entregistraments de camp fets als seus barris i al Parc de la Ciutadella.<\/p>\n\n\n\n<p class=\"wp-block-paragraph\">Fins el 14 d\u2019agost podeu gaudir del recorregut sonor per l\u2019exterior del Convent de Sant Agust\u00ed amb aquestes composicions! El podeu transitar tant caminant pels entorns del claustre del Convent com a dist\u00e0ncia a trav\u00e9s d\u2019aquest enlla\u00e7:\u00a0<a href=\"https:\/\/sonicmaps.xyz\/player\/?p=1529\">https:\/\/sonicmaps.xyz\/player\/?p=1529<\/a><\/p>\n\n\n\n\n\n<figure class=\"wp-block-audio\"><audio controls src=\"\/sedeta2025\/wp-content\/uploads\/2025\/06\/Tot-vibrra_recorregut-sonor_1.mp3\"><\/audio><\/figure>\n\n\n\n<figure class=\"wp-block-audio\"><audio controls src=\"\/sedeta2025\/wp-content\/uploads\/2025\/06\/Tot-vibrra_recorregut-sonor_2.mp3\"><\/audio><\/figure>\n\n\n\n<figure class=\"wp-block-audio\"><audio controls src=\"\/sedeta2025\/wp-content\/uploads\/2025\/06\/Tot-vibrra_recorregut-sonor_3.mp3\"><\/audio><\/figure>\n\n\n\n<figure class=\"wp-block-audio\"><audio controls src=\"\/sedeta2025\/wp-content\/uploads\/2025\/06\/Tot-vibrra_recorregut-sonor_4.mp3\"><\/audio><\/figure>\n\n\n\n<figure class=\"wp-block-audio\"><audio controls src=\"\/sedeta2025\/wp-content\/uploads\/2025\/06\/Tot-vibra_postals-sonores.mp3\"><\/audio><\/figure>\n\n\n\n<figure class=\"wp-block-gallery has-nested-images columns-default is-cropped wp-block-gallery-1 is-layout-flex wp-block-gallery-is-layout-flex\">\n<figure class=\"wp-block-image size-large\"><img loading=\"lazy\" decoding=\"async\" width=\"1024\" height=\"576\" data-id=\"470\" src=\"\/sedeta2025\/wp-content\/uploads\/2025\/06\/2425_EnResidencia_LaSedeta_Ivonne_cam2_067.00_00_12_18.Imagen-fija003-1024x576.jpg\" alt=\"\" class=\"wp-image-470\" srcset=\"\/sedeta2025\/wp-content\/uploads\/2025\/06\/2425_EnResidencia_LaSedeta_Ivonne_cam2_067.00_00_12_18.Imagen-fija003-1024x576.jpg 1024w, \/sedeta2025\/wp-content\/uploads\/2025\/06\/2425_EnResidencia_LaSedeta_Ivonne_cam2_067.00_00_12_18.Imagen-fija003-300x169.jpg 300w, \/sedeta2025\/wp-content\/uploads\/2025\/06\/2425_EnResidencia_LaSedeta_Ivonne_cam2_067.00_00_12_18.Imagen-fija003-768x432.jpg 768w, \/sedeta2025\/wp-content\/uploads\/2025\/06\/2425_EnResidencia_LaSedeta_Ivonne_cam2_067.00_00_12_18.Imagen-fija003-1536x864.jpg 1536w, \/sedeta2025\/wp-content\/uploads\/2025\/06\/2425_EnResidencia_LaSedeta_Ivonne_cam2_067.00_00_12_18.Imagen-fija003.jpg 1920w\" sizes=\"auto, (max-width: 767px) 89vw, (max-width: 1000px) 54vw, (max-width: 1071px) 543px, 580px\" \/><\/figure>\n\n\n\n<figure class=\"wp-block-image size-large\"><img loading=\"lazy\" decoding=\"async\" width=\"1024\" height=\"576\" data-id=\"471\" src=\"\/sedeta2025\/wp-content\/uploads\/2025\/06\/2425_EnResidencia_LaSedeta_Ivonne_cam2_067.00_00_26_17.Imagen-fija005-1024x576.jpg\" alt=\"\" class=\"wp-image-471\" srcset=\"\/sedeta2025\/wp-content\/uploads\/2025\/06\/2425_EnResidencia_LaSedeta_Ivonne_cam2_067.00_00_26_17.Imagen-fija005-1024x576.jpg 1024w, \/sedeta2025\/wp-content\/uploads\/2025\/06\/2425_EnResidencia_LaSedeta_Ivonne_cam2_067.00_00_26_17.Imagen-fija005-300x169.jpg 300w, \/sedeta2025\/wp-content\/uploads\/2025\/06\/2425_EnResidencia_LaSedeta_Ivonne_cam2_067.00_00_26_17.Imagen-fija005-768x432.jpg 768w, \/sedeta2025\/wp-content\/uploads\/2025\/06\/2425_EnResidencia_LaSedeta_Ivonne_cam2_067.00_00_26_17.Imagen-fija005-1536x864.jpg 1536w, \/sedeta2025\/wp-content\/uploads\/2025\/06\/2425_EnResidencia_LaSedeta_Ivonne_cam2_067.00_00_26_17.Imagen-fija005.jpg 1920w\" sizes=\"auto, (max-width: 767px) 89vw, (max-width: 1000px) 54vw, (max-width: 1071px) 543px, 580px\" \/><\/figure>\n\n\n\n<figure class=\"wp-block-image size-large\"><img loading=\"lazy\" decoding=\"async\" width=\"1024\" height=\"576\" data-id=\"468\" src=\"\/sedeta2025\/wp-content\/uploads\/2025\/06\/2425_EnResidencia_LaSedeta_Ivonne_cam2_067.00_00_05_16.Imagen-fija001-1024x576.jpg\" alt=\"\" class=\"wp-image-468\" srcset=\"\/sedeta2025\/wp-content\/uploads\/2025\/06\/2425_EnResidencia_LaSedeta_Ivonne_cam2_067.00_00_05_16.Imagen-fija001-1024x576.jpg 1024w, \/sedeta2025\/wp-content\/uploads\/2025\/06\/2425_EnResidencia_LaSedeta_Ivonne_cam2_067.00_00_05_16.Imagen-fija001-300x169.jpg 300w, \/sedeta2025\/wp-content\/uploads\/2025\/06\/2425_EnResidencia_LaSedeta_Ivonne_cam2_067.00_00_05_16.Imagen-fija001-768x432.jpg 768w, \/sedeta2025\/wp-content\/uploads\/2025\/06\/2425_EnResidencia_LaSedeta_Ivonne_cam2_067.00_00_05_16.Imagen-fija001-1536x864.jpg 1536w, \/sedeta2025\/wp-content\/uploads\/2025\/06\/2425_EnResidencia_LaSedeta_Ivonne_cam2_067.00_00_05_16.Imagen-fija001.jpg 1920w\" sizes=\"auto, (max-width: 767px) 89vw, (max-width: 1000px) 54vw, (max-width: 1071px) 543px, 580px\" \/><\/figure>\n<\/figure>\n","protected":false},"excerpt":{"rendered":"<p>Composicions sonores de la instal\u00b7laci\u00f3 &#8216;Tot vibra&#8217; amb enregistraments de textos a partir dels fenomens atmosf\u00e8rics llegits en directe en la instal\u00b7laci\u00f3 i postals sonores elaborades pels alumnes a partir dels entregistraments de camp fets als seus barris i al Parc de la Ciutadella. Fins el 14 d\u2019agost podeu gaudir del recorregut sonor per l\u2019exterior &hellip; <\/p>\n<p class=\"link-more\"><a href=\"\/sedeta2025\/arxius-sonors-tot-vibra\/\" class=\"more-link\">Continua llegint <span class=\"screen-reader-text\">\u00abArxius sonors &#8216;Tot vibra&#8217;\u00bb<\/span><\/a><\/p>\n","protected":false},"author":14,"featured_media":0,"comment_status":"open","ping_status":"open","sticky":false,"template":"","format":"standard","meta":{"footnotes":""},"categories":[1],"tags":[],"class_list":["post-506","post","type-post","status-publish","format-standard","hentry","category-general"],"_links":{"self":[{"href":"\/sedeta2025\/wp-json\/wp\/v2\/posts\/506","targetHints":{"allow":["GET"]}}],"collection":[{"href":"\/sedeta2025\/wp-json\/wp\/v2\/posts"}],"about":[{"href":"\/sedeta2025\/wp-json\/wp\/v2\/types\/post"}],"author":[{"embeddable":true,"href":"\/sedeta2025\/wp-json\/wp\/v2\/users\/14"}],"replies":[{"embeddable":true,"href":"\/sedeta2025\/wp-json\/wp\/v2\/comments?post=506"}],"version-history":[{"count":1,"href":"\/sedeta2025\/wp-json\/wp\/v2\/posts\/506\/revisions"}],"predecessor-version":[{"id":512,"href":"\/sedeta2025\/wp-json\/wp\/v2\/posts\/506\/revisions\/512"}],"wp:attachment":[{"href":"\/sedeta2025\/wp-json\/wp\/v2\/media?parent=506"}],"wp:term":[{"taxonomy":"category","embeddable":true,"href":"\/sedeta2025\/wp-json\/wp\/v2\/categories?post=506"},{"taxonomy":"post_tag","embeddable":true,"href":"\/sedeta2025\/wp-json\/wp\/v2\/tags?post=506"}],"curies":[{"name":"wp","href":"https:\/\/api.w.org\/{rel}","templated":true}]}}